{"id":7913,"date":"2022-10-26T12:14:34","date_gmt":"2022-10-26T15:14:34","guid":{"rendered":"https:\/\/www.visionweb.com.ar\/?p=7913"},"modified":"2022-10-26T12:14:34","modified_gmt":"2022-10-26T15:14:34","slug":"construiran-nuevos-parques-ambientales-en-el-territorio-bonaerense","status":"publish","type":"post","link":"https:\/\/www.visionweb.com.ar\/?p=7913","title":{"rendered":"Construir\u00e1n nuevos Parques Ambientales en el territorio bonaerense"},"content":{"rendered":"<p><em><strong>Los nuevos Parques Ambientales\u00a0estar\u00e1n en Ezeiza, Merlo, Roque P\u00e9rez y General Pueyrred\u00f3n; tendr\u00e1n Puntos Verdes para reciclaje, huertas agroecol\u00f3gicas, invernaderos y hasta aulas naturales, entre otros puntos.<\/strong><\/em><!--more--><\/p>\n<p><strong> <img loading=\"lazy\" decoding=\"async\" class=\"size-medium wp-image-7915 alignleft\" src=\"https:\/\/www.visionweb.com.ar\/wp-content\/uploads\/2022\/10\/parques-ambientales-en-la-prov-300x150.jpg\" alt=\"\" width=\"300\" height=\"150\" srcset=\"https:\/\/www.visionweb.com.ar\/wp-content\/uploads\/2022\/10\/parques-ambientales-en-la-prov-300x150.jpg 300w, https:\/\/www.visionweb.com.ar\/wp-content\/uploads\/2022\/10\/parques-ambientales-en-la-prov-768x384.jpg 768w, https:\/\/www.visionweb.com.ar\/wp-content\/uploads\/2022\/10\/parques-ambientales-en-la-prov.bmp 789w\" sizes=\"auto, (max-width: 300px) 100vw, 300px\" \/>\u00a0 L<\/strong>a ministra de Ambiente de la Provincia, Daniela Vilar, junto a intendentes bonaerenses firmaron convenios para la construcci\u00f3n de Parques Ambientales en sus respectivas localidades. La cartera de Ambiente trabaja con una primera tanda de 25 municipios en la construcci\u00f3n de estos nuevos espacios ecol\u00f3gicos.<\/p>\n<p>Los convenios se firmaron ayer, con la intendente de <strong>Merlo<\/strong>, Karina Men\u00e9ndez; Gast\u00f3n Granados, intendente de <strong>Ezeiza<\/strong>; Jos\u00e9 Luis Horna, intendente de <strong>Roque P\u00e9rez<\/strong> y Fernando Maraude, el Administrador General del Complejo <strong>Punta Mogotes <\/strong>de General Pueyrred\u00f3n.<\/p>\n<p>\u201cEl trabajo mancomunado con los intendentes es fundamental para transformar las realidades de la Provincia\u201d. \u201cTodas estas pol\u00edticas son pensadas con y para los territorios, para mejorarles la cotidianeidad a los vecinos y vecinas\u201d afirm\u00f3 la ministra Vilar.<\/p>\n<p>Seg\u00fan la informaci\u00f3n oficial, el <strong>Parque<\/strong> <strong>Ambiental de Merlo<\/strong> estar\u00e1 instalado en Merlo Sur sobre la Avenida Bicentenario y contar\u00e1 con un <strong>aula natural<\/strong>, una compostera comunitaria, un Punto Verde de reciclaje y una huerta agroecol\u00f3gica, adem\u00e1s de un espacio para la transici\u00f3n energ\u00e9tica y un invernadero.<\/p>\n<p>Tambi\u00e9n, en el marco del Programa de Mitigaci\u00f3n y Adaptaci\u00f3n al Cambio Clim\u00e1tico, se trabajar\u00e1 en un proyecto de <strong>Eficiencia Energ\u00e9tica<\/strong> sobre la red de luminaria p\u00fablica a trav\u00e9s de la adquisici\u00f3n e instalaci\u00f3n de luces LED, y en el marco del Programa de Nativas Bonaerenses se financiar\u00e1 la construcci\u00f3n de dos invern\u00e1culos con sistema de riego autom\u00e1tico para la forestaci\u00f3n de especies nativas.<\/p>\n<p>En la localidad de <strong>Ezeiza<\/strong> se construir\u00e1n Parques Ambientales en el <strong>predio del vivero municipal<\/strong> y sobre una <strong>plaza ubicada en el Barrio Uni\u00f3n<\/strong>. All\u00ed se van a instalar un aula natural, una compostera comunitaria, un Punto Verde para reciclaje, una huerta agroecol\u00f3gica y un invernadero. Tambi\u00e9n se incorporar\u00e1 flora nativa, un espacio para la transici\u00f3n energ\u00e9tica y una l\u00ednea de juegos.<\/p>\n<p>En <strong>Roque P\u00e9rez<\/strong> se prev\u00e9 la construcci\u00f3n de <strong>aulas sustentables<\/strong> y la provisi\u00f3n del mobiliario para equiparlas, un <strong>jard\u00edn de mariposas<\/strong> con especies nativas, una terminal solar para cargar las bater\u00edas de los celulares y la ampliaci\u00f3n y renovaci\u00f3n del vivero municipal para fortalecer la reforestaci\u00f3n de plantas nativas. El parque estar\u00e1 instalado en el Complejo Ambiental Celestino Garc\u00eda.<\/p>\n<p>Asimismo, en el Complejo <strong>Punta Mogotes<\/strong> se incluir\u00e1 infraestructura de separaci\u00f3n de residuos en origen, <strong>estaciones solares para la carga de celulares<\/strong>, luminaria led, plaza de juegos sustentables y m\u00e1s de <strong>300 ejemplares de plantas nativas<\/strong>.<\/p>\n<p>\u00abEstas pol\u00edticas co-creadas con los gobiernos locales, tienen como fin dar una respuesta a las comunidades, partiendo de comprender las particularidades de cada territorio y sus demandas para lograr <strong>un impacto positivo en la vida<\/strong> de cada vecina y vecino\u00bb, subray\u00f3 Vilar. <strong>(VW)<\/strong><\/p>\n<p>&nbsp;<\/p>\n","protected":false},"excerpt":{"rendered":"<p>Los nuevos Parques Ambientales\u00a0estar\u00e1n en Ezeiza, Merlo, Roque P\u00e9rez y General Pueyrred\u00f3n; tendr\u00e1n Puntos Verdes para reciclaje, huertas agroecol\u00f3gicas, invernaderos y hasta aulas naturales, entre otros puntos.<\/p>\n","protected":false},"author":4,"featured_media":7915,"comment_status":"closed","ping_status":"closed","sticky":false,"template":"","format":"standard","meta":{"_monsterinsights_skip_tracking":false,"_monsterinsights_sitenote_active":false,"_monsterinsights_sitenote_note":"","_monsterinsights_sitenote_category":0,"footnotes":""},"categories":[3,4,5],"tags":[861,3288,661,3289,3287,3291,3290],"class_list":["post-7913","post","type-post","status-publish","format-standard","has-post-thumbnail","hentry","category-actualidad","category-politica","category-sociedad","tag-ambiente","tag-daniela-vilar","tag-ezeiza","tag-merlo","tag-parques-ambientales","tag-punta-mogotes","tag-roque-perez"],"_links":{"self":[{"href":"https:\/\/www.visionweb.com.ar\/index.php?rest_route=\/wp\/v2\/posts\/7913","targetHints":{"allow":["GET"]}}],"collection":[{"href":"https:\/\/www.visionweb.com.ar\/index.php?rest_route=\/wp\/v2\/posts"}],"about":[{"href":"https:\/\/www.visionweb.com.ar\/index.php?rest_route=\/wp\/v2\/types\/post"}],"author":[{"embeddable":true,"href":"https:\/\/www.visionweb.com.ar\/index.php?rest_route=\/wp\/v2\/users\/4"}],"replies":[{"embeddable":true,"href":"https:\/\/www.visionweb.com.ar\/index.php?rest_route=%2Fwp%2Fv2%2Fcomments&post=7913"}],"version-history":[{"count":2,"href":"https:\/\/www.visionweb.com.ar\/index.php?rest_route=\/wp\/v2\/posts\/7913\/revisions"}],"predecessor-version":[{"id":7916,"href":"https:\/\/www.visionweb.com.ar\/index.php?rest_route=\/wp\/v2\/posts\/7913\/revisions\/7916"}],"wp:featuredmedia":[{"embeddable":true,"href":"https:\/\/www.visionweb.com.ar\/index.php?rest_route=\/wp\/v2\/media\/7915"}],"wp:attachment":[{"href":"https:\/\/www.visionweb.com.ar\/index.php?rest_route=%2Fwp%2Fv2%2Fmedia&parent=7913"}],"wp:term":[{"taxonomy":"category","embeddable":true,"href":"https:\/\/www.visionweb.com.ar\/index.php?rest_route=%2Fwp%2Fv2%2Fcategories&post=7913"},{"taxonomy":"post_tag","embeddable":true,"href":"https:\/\/www.visionweb.com.ar\/index.php?rest_route=%2Fwp%2Fv2%2Ftags&post=7913"}],"curies":[{"name":"wp","href":"https:\/\/api.w.org\/{rel}","templated":true}]}}