{"id":7907,"date":"2022-10-26T11:05:09","date_gmt":"2022-10-26T14:05:09","guid":{"rendered":"https:\/\/www.visionweb.com.ar\/?p=7907"},"modified":"2022-10-26T11:05:09","modified_gmt":"2022-10-26T14:05:09","slug":"llega-la-15o-edicion-del-lomas-management-seminar-2022","status":"publish","type":"post","link":"https:\/\/www.visionweb.com.ar\/?p=7907","title":{"rendered":"Llega la 15\u00ba edici\u00f3n del Lomas Management Seminar 2022\u00a0"},"content":{"rendered":"<p><em><strong>La facultad de Ciencias Econ\u00f3micas de la UNLZ desarrollar\u00e1 la Semana del Management, en la que se abordar\u00e1n temas como Econom\u00eda, Coaching, Marketing y Alta Direcci\u00f3n.<\/strong><\/em><!--more--><\/p>\n<div id=\"attachment_7909\" style=\"width: 310px\" class=\"wp-caption alignright\"><img loading=\"lazy\" decoding=\"async\" aria-describedby=\"caption-attachment-7909\" class=\"wp-image-7909 size-medium\" src=\"https:\/\/www.visionweb.com.ar\/wp-content\/uploads\/2022\/10\/lomas-management-seminar-2022-300x169.jpg\" alt=\"\" width=\"300\" height=\"169\" srcset=\"https:\/\/www.visionweb.com.ar\/wp-content\/uploads\/2022\/10\/lomas-management-seminar-2022-300x169.jpg 300w, https:\/\/www.visionweb.com.ar\/wp-content\/uploads\/2022\/10\/lomas-management-seminar-2022.bmp 768w\" sizes=\"auto, (max-width: 300px) 100vw, 300px\" \/><p id=\"caption-attachment-7909\" class=\"wp-caption-text\">Seminario de Econom\u00eda en la UNLZ. (Imagen: Facebook Lomas Management Seminar)<\/p><\/div>\n<p><strong>\u00a0\u00a0\u00a0\u00a0\u00a0\u00a0\u00a0\u00a0 \u00a0\u00a0\u00a0\u00a0\u00a0\u00a0 E<\/strong>l\u00a0<strong>Lomas Management Seminar 2022<\/strong><strong>\u00a0<\/strong>en su edici\u00f3n n\u00famero 15, reunir\u00e1 a\u00a0<strong>profesores, profesionales, empresarios y estudiantes avanzados <\/strong>para compartir conocimientos y experiencias sobre <strong>el estado del arte del Management<\/strong>\u00a0en un evento presencial en el Aula Magna de la Facultad de Econ\u00f3micas, desde este mi\u00e9rcoles 26 al s\u00e1bado 29 de octubre.<\/p>\n<p>Organizado en forma conjunta por la facultad de Ciencias Econ\u00f3micas-UNLZ; el Centro de Management, Estrategia y Liderazgo dependiente de la Facultad; el Colegio de Graduados en Ciencias Econ\u00f3micas y el Centro de Estudiantes (CECE), ofrecer\u00e1 \u00a0la\u00a0<strong>Semana del Management en Lomas de Zamora<\/strong>.<\/p>\n<p>A trav\u00e9s de los d\u00edas se abordar\u00e1n temas referidos a la Estrategia, el Marketing, Alta Direcci\u00f3n, Toma de Decisiones, Econom\u00eda, Coaching y Mentoring y la Administraci\u00f3n P\u00fablica.<\/p>\n<p>La apertura oficial estar\u00e1 a cargo del decano de la Facultad, Gabriel Franchignoni y el evento ser\u00e1 coordinado por el director del Departamento de Administraci\u00f3n del Ciclo Superior de la Facultad de Ciencias Econ\u00f3micas, Gabriel V\u00e1zquez.<\/p>\n<p><strong>El programa:<\/strong><\/p>\n<p>Mi\u00e9rcoles 26<\/p>\n<p><strong>19.00: Apertura.<\/strong><strong>\u00a0<\/strong>\u00bfPor qu\u00e9 Lomas? IMEL Lomas-La agenda. Autoridades-Licenciado Gabriel V\u00e1zquez, FCE-UNLZ<\/p>\n<p><strong>19.15: El empoderamiento del Retail<\/strong>. Pl\u00e1cido \u201cPepe\u201d Cosentino, Director y Co-Founder de Mercatus &amp; Co.<\/p>\n<p><strong>20.45:<\/strong>\u00a0<strong>Di\u00e1logos de Management y Liderazgo<\/strong>: \u201cCalibrando el GPS para los nuevos rumbos de las Organizaciones\u201d. Javier Casas R\u00faa, Ex Ceo PWC|Director ICBC|Emprendedor.<\/p>\n<p>Jueves 27<\/p>\n<p><strong>19.00: Seminario de Econom\u00eda, Costos y Finanzas en tiempos de incertidumbre.<\/strong><strong>\u00a0<\/strong>Marcos Ochoa; Marcelo Podmoguilnye; Ariel Castromil; Mariano Ot\u00e1lora; Carlos Vyh\u00f1ak Gerente.<\/p>\n<p>Viernes 28<\/p>\n<p><strong>19.00: 75 A\u00f1os brindando momentos de placer.<\/strong><strong>\u00a0<\/strong>Livio Mart\u00edn y Familia. Familia La Veneciana.<\/p>\n<p><strong>20.00: Direcci\u00f3n Estrat\u00e9gica: Matrices Estrat\u00e9gicas<\/strong>\u00a0Gregorio Zidar (h) VP|DIRECTOR GENERAL|LAB. BETA Prof. Adjunto UCA Fundador y Director Planeta Farma.<\/p>\n<p><strong>21.00: Markear<\/strong>. \u201cEl Marketing Argentino En Acci\u00f3n\u201d. Guillermo Storni. Profesor Em\u00e9rito (UCA).<\/p>\n<p><strong>21.45: Panel de cierre: Experiencias Acad\u00e9micas, di\u00e1logo con el p\u00fablico<\/strong>: Guillermo Storni y Gregorio Zidar (h). <strong>(VW)<\/strong><\/p>\n<p>&nbsp;<\/p>\n","protected":false},"excerpt":{"rendered":"<p>La facultad de Ciencias Econ\u00f3micas de la UNLZ desarrollar\u00e1 la Semana del Management, en la que se abordar\u00e1n temas como Econom\u00eda, Coaching, Marketing y Alta Direcci\u00f3n.<\/p>\n","protected":false},"author":4,"featured_media":7909,"comment_status":"closed","ping_status":"closed","sticky":false,"template":"","format":"standard","meta":{"_monsterinsights_skip_tracking":false,"_monsterinsights_sitenote_active":false,"_monsterinsights_sitenote_note":"","_monsterinsights_sitenote_category":0,"footnotes":""},"categories":[3],"tags":[3285,3284,3286,2321],"class_list":["post-7907","post","type-post","status-publish","format-standard","has-post-thumbnail","hentry","category-actualidad","tag-facultad-de-lonas","tag-lonas-management-seminar","tag-seminario-economia","tag-unlz"],"_links":{"self":[{"href":"https:\/\/www.visionweb.com.ar\/index.php?rest_route=\/wp\/v2\/posts\/7907","targetHints":{"allow":["GET"]}}],"collection":[{"href":"https:\/\/www.visionweb.com.ar\/index.php?rest_route=\/wp\/v2\/posts"}],"about":[{"href":"https:\/\/www.visionweb.com.ar\/index.php?rest_route=\/wp\/v2\/types\/post"}],"author":[{"embeddable":true,"href":"https:\/\/www.visionweb.com.ar\/index.php?rest_route=\/wp\/v2\/users\/4"}],"replies":[{"embeddable":true,"href":"https:\/\/www.visionweb.com.ar\/index.php?rest_route=%2Fwp%2Fv2%2Fcomments&post=7907"}],"version-history":[{"count":2,"href":"https:\/\/www.visionweb.com.ar\/index.php?rest_route=\/wp\/v2\/posts\/7907\/revisions"}],"predecessor-version":[{"id":7910,"href":"https:\/\/www.visionweb.com.ar\/index.php?rest_route=\/wp\/v2\/posts\/7907\/revisions\/7910"}],"wp:featuredmedia":[{"embeddable":true,"href":"https:\/\/www.visionweb.com.ar\/index.php?rest_route=\/wp\/v2\/media\/7909"}],"wp:attachment":[{"href":"https:\/\/www.visionweb.com.ar\/index.php?rest_route=%2Fwp%2Fv2%2Fmedia&parent=7907"}],"wp:term":[{"taxonomy":"category","embeddable":true,"href":"https:\/\/www.visionweb.com.ar\/index.php?rest_route=%2Fwp%2Fv2%2Fcategories&post=7907"},{"taxonomy":"post_tag","embeddable":true,"href":"https:\/\/www.visionweb.com.ar\/index.php?rest_route=%2Fwp%2Fv2%2Ftags&post=7907"}],"curies":[{"name":"wp","href":"https:\/\/api.w.org\/{rel}","templated":true}]}}