{"id":7906,"date":"2022-10-26T11:13:50","date_gmt":"2022-10-26T14:13:50","guid":{"rendered":"https:\/\/www.visionweb.com.ar\/?p=7906"},"modified":"2022-10-26T11:13:50","modified_gmt":"2022-10-26T14:13:50","slug":"diputados-dio-media-sancion-al-proyecto-de-ley-de-presupuesto","status":"publish","type":"post","link":"https:\/\/www.visionweb.com.ar\/?p=7906","title":{"rendered":"Diputados dio media sanci\u00f3n al proyecto de Ley de Presupuesto"},"content":{"rendered":"<p><strong><em>La iniciativa fue aprobada a las 5.13 con el respaldo del Frente de Todos, Provincias Unidas, Interbloque Federal, y los bloques de JXC Evoluci\u00f3n Radical, UCR y Encuentro Federal. La izquierda y el Pro se abstuvieron, junto a los Libertarios.<\/em><\/strong> <!--more--><\/p>\n<div id=\"attachment_7911\" style=\"width: 310px\" class=\"wp-caption alignright\"><img loading=\"lazy\" decoding=\"async\" aria-describedby=\"caption-attachment-7911\" class=\"wp-image-7911 size-medium\" src=\"https:\/\/www.visionweb.com.ar\/wp-content\/uploads\/2022\/10\/DIPUTADOS-PRESUPUESTO-300x200.png\" alt=\"\" width=\"300\" height=\"200\" srcset=\"https:\/\/www.visionweb.com.ar\/wp-content\/uploads\/2022\/10\/DIPUTADOS-PRESUPUESTO-300x200.png 300w, https:\/\/www.visionweb.com.ar\/wp-content\/uploads\/2022\/10\/DIPUTADOS-PRESUPUESTO.png 640w\" sizes=\"auto, (max-width: 300px) 100vw, 300px\" \/><p id=\"caption-attachment-7911\" class=\"wp-caption-text\"><em><strong>Diputados dio media sanci\u00f3n al proyecto de Ley de Presupuesto para 20223 (Imagen: Prensa HCD) <\/strong><\/em><\/p><\/div>\n<p><strong>\u00a0 \u00a0 \u00a0 \u00a0L<\/strong>a C\u00e1mara de Diputados aprob\u00f3 en general por 180 votos a favor, 22 en contra y 49 abstenciones, el proyecto de Presupuesto 2023 que establece un gasto total de casi 29 billones de pesos, un incremento de la econom\u00eda del 2 por ciento, una pauta inflacionaria del 60 por ciento, y prioriza el gasto social.<\/p>\n<p>La iniciativa fue aprobada a las 5.13 con el respaldo del Frente de Todos, Provincias Unidas, Interbloque Federal, y los bloques de JXC Evoluci\u00f3n Radical, UCR y Encuentro Federal, mientras que fue rechazo por la Coalici\u00f3n Civica, la izquierda y la derecha, y el Pro se abstuvo.<\/p>\n<p>Tras casi 15 horas de debate, el plenario legislativo comenz\u00f3 el debate en particular de los 143 art\u00edculos que componen esa iniciativa, as\u00ed lo informaron las agencias de noticias.<\/p>\n<p><strong><em>Dos de los puntos que generaron mayor debate son la eliminaci\u00f3n de la eximici\u00f3n del impuesto a las ganancias para la justicia y la facultad delegada al Gobierno para poder cambiar las alicuotas de retenciones agropecuarias.<\/em><\/strong><\/p>\n<p>De hecho, la oposici\u00f3n impuso su n\u00famero en la votaci\u00f3n en particular para rechazar el art\u00edculo del proyecto mediante el cual se establec\u00eda el pago del impuesto a las Ganancias para todos los integrantes del Poder Judicial, que deriv\u00f3 en un paro. Los bloques opositores sumaron 134 votos negativos contra 116 del oficialismo, por lo que el art\u00edculo fue rechazado.<\/p>\n<p>L<em><strong>a Asociaci\u00f3n de Magistrados y Funcionarios de la Justicia Nacional (AMFJN) hab\u00eda expresado su \u201crechazo\u201d a la implementaci\u00f3n del Impuesto a las Ganancias<\/strong><\/em> para el sector, al considerar que se busca \u201cviolentar la cl\u00e1usula constitucional que protege los salarios\u201d de la Justicia. Los jueces designados antes de 2017 no pagan el gravamen.<\/p>\n<p>\u201cLos jueces pagan sus impuestos en todos los pa\u00edses del mundo. Hoy en la Argentina un juez est\u00e1 ganando arriba de 2 millones de pesos, mucho m\u00e1s que un presidente o una vicepresidenta. La exenci\u00f3n de Ganancias de los jueces no es un derecho adquirido; es un privilegio que estamos en situaci\u00f3n de corregir\u201d, replic\u00f3 el ministro de Justicia, Mart\u00edn Soria, consignaron diferentes portales de noticias<strong>(VW)<\/strong>.<\/p>\n","protected":false},"excerpt":{"rendered":"<p>La iniciativa fue aprobada a las 5.13 con el respaldo del Frente de Todos, Provincias Unidas, Interbloque Federal, y los bloques de JXC Evoluci\u00f3n Radical, UCR y Encuentro Federal. La izquierda y el Pro&#46;&#46;&#46;<\/p>\n","protected":false},"author":3,"featured_media":7911,"comment_status":"closed","ping_status":"closed","sticky":false,"template":"","format":"standard","meta":{"_monsterinsights_skip_tracking":false,"_monsterinsights_sitenote_active":false,"_monsterinsights_sitenote_note":"","_monsterinsights_sitenote_category":0,"footnotes":""},"categories":[4],"tags":[2765,143,78],"class_list":["post-7906","post","type-post","status-publish","format-standard","has-post-thumbnail","hentry","category-politica","tag-debate","tag-diputados","tag-presupuesto"],"_links":{"self":[{"href":"https:\/\/www.visionweb.com.ar\/index.php?rest_route=\/wp\/v2\/posts\/7906","targetHints":{"allow":["GET"]}}],"collection":[{"href":"https:\/\/www.visionweb.com.ar\/index.php?rest_route=\/wp\/v2\/posts"}],"about":[{"href":"https:\/\/www.visionweb.com.ar\/index.php?rest_route=\/wp\/v2\/types\/post"}],"author":[{"embeddable":true,"href":"https:\/\/www.visionweb.com.ar\/index.php?rest_route=\/wp\/v2\/users\/3"}],"replies":[{"embeddable":true,"href":"https:\/\/www.visionweb.com.ar\/index.php?rest_route=%2Fwp%2Fv2%2Fcomments&post=7906"}],"version-history":[{"count":1,"href":"https:\/\/www.visionweb.com.ar\/index.php?rest_route=\/wp\/v2\/posts\/7906\/revisions"}],"predecessor-version":[{"id":7912,"href":"https:\/\/www.visionweb.com.ar\/index.php?rest_route=\/wp\/v2\/posts\/7906\/revisions\/7912"}],"wp:featuredmedia":[{"embeddable":true,"href":"https:\/\/www.visionweb.com.ar\/index.php?rest_route=\/wp\/v2\/media\/7911"}],"wp:attachment":[{"href":"https:\/\/www.visionweb.com.ar\/index.php?rest_route=%2Fwp%2Fv2%2Fmedia&parent=7906"}],"wp:term":[{"taxonomy":"category","embeddable":true,"href":"https:\/\/www.visionweb.com.ar\/index.php?rest_route=%2Fwp%2Fv2%2Fcategories&post=7906"},{"taxonomy":"post_tag","embeddable":true,"href":"https:\/\/www.visionweb.com.ar\/index.php?rest_route=%2Fwp%2Fv2%2Ftags&post=7906"}],"curies":[{"name":"wp","href":"https:\/\/api.w.org\/{rel}","templated":true}]}}