{"id":7893,"date":"2022-10-26T08:11:56","date_gmt":"2022-10-26T11:11:56","guid":{"rendered":"https:\/\/www.visionweb.com.ar\/?p=7893"},"modified":"2022-10-25T17:19:55","modified_gmt":"2022-10-25T20:19:55","slug":"la-provincia-invierte-mas-de-22-millones-para-equipar-las-escuelas-de-lanus-con-material-deportivo","status":"publish","type":"post","link":"https:\/\/www.visionweb.com.ar\/?p=7893","title":{"rendered":"La Provincia invierte m\u00e1s de $22 millones para equipar escuelas de Lan\u00fas con material deportivo"},"content":{"rendered":"<p><strong><em>Para las escuelas secundarias se sumar\u00e1n una escalera, cuadrados de coordinaci\u00f3n y un set de psicomotricidad.<\/em><\/strong><!--more--><\/p>\n<p><strong>\u00a0 \u00a0 \u00a0 \u00a0 \u00a0 <img loading=\"lazy\" decoding=\"async\" class=\"size-medium wp-image-7894 alignright\" src=\"https:\/\/www.visionweb.com.ar\/wp-content\/uploads\/2022\/10\/ESCUELAS-KIT-DE-DEPORTES-300x184.jpeg\" alt=\"\" width=\"300\" height=\"184\" srcset=\"https:\/\/www.visionweb.com.ar\/wp-content\/uploads\/2022\/10\/ESCUELAS-KIT-DE-DEPORTES-300x184.jpeg 300w, https:\/\/www.visionweb.com.ar\/wp-content\/uploads\/2022\/10\/ESCUELAS-KIT-DE-DEPORTES-768x470.jpeg 768w, https:\/\/www.visionweb.com.ar\/wp-content\/uploads\/2022\/10\/ESCUELAS-KIT-DE-DEPORTES.jpeg 800w\" sizes=\"auto, (max-width: 300px) 100vw, 300px\" \/>\u00a0C<\/strong>on una inversi\u00f3n que superior a los $1.000 millones, el Gobierno de la provincia de Buenos Aires entreg\u00f3 equipamiento deportivo y material did\u00e1ctico para el ejercicio de educaci\u00f3n f\u00edsica en escuelas secundarias de todo el territorio bonaerense.<\/p>\n<p>La entrega de materiales alcanz\u00f3 tambi\u00e9n a los Centros de Educaci\u00f3n F\u00edsica (CEF) y \u00e1mbitos destinados a proyectos socioeducativos del programa Patios Abiertos.<\/p>\n<p>En el caso del municipio de Lan\u00fas, se destinan $22,3 millones para distribuir 120 kits en 70 escuelas secundarias, en beneficio de 30.868 estudiantes; uno para un CEF; y 9 para el programa Patios Abiertos.<\/p>\n<p>Los kits ser\u00e1n enviados al Consejo Escolar y est\u00e1n compuestos por pelotas de v\u00f3ley, de f\u00fatbol, de b\u00e1squet y de handball; pelotas de goma y de gomaespuma; red de v\u00f3ley; colchonetas, conos para entrenamiento, aros, soga, inflador y pecheras.<\/p>\n<p>Adem\u00e1s, para las escuelas secundarias se sumar\u00e1n una escalera, cuadrados de coordinaci\u00f3n y un set de psicomotricidad.<\/p>\n<p>En tanto que los CEF recibir\u00e1n tambi\u00e9n vallas de entrenamiento y ringos; en los espacios de Patios Abiertos se sumar\u00e1 un t\u00fanel autoarmable.<\/p>\n<p>Al respecto, el director general de Cultura y Educaci\u00f3n, Alberto Sileoni, destac\u00f3 durante la presentaci\u00f3n del programa: \u201cEsto forma parte de una pol\u00edtica del gobernador Axel Kicillof que prioriza a la Educaci\u00f3n en toda la provincia. Con este aporte, estamos convencidos de que nuestras y nuestros profesores de Educaci\u00f3n F\u00edsica van a poder dictar mejores clases\u201d<strong>(VW)<\/strong>.<\/p>\n","protected":false},"excerpt":{"rendered":"<p>Para las escuelas secundarias se sumar\u00e1n una escalera, cuadrados de coordinaci\u00f3n y un set de psicomotricidad.<\/p>\n","protected":false},"author":3,"featured_media":7894,"comment_status":"closed","ping_status":"closed","sticky":false,"template":"","format":"standard","meta":{"_monsterinsights_skip_tracking":false,"_monsterinsights_sitenote_active":false,"_monsterinsights_sitenote_note":"","_monsterinsights_sitenote_category":0,"footnotes":""},"categories":[7],"tags":[3278,430,3279,3277],"class_list":["post-7893","post","type-post","status-publish","format-standard","has-post-thumbnail","hentry","category-educacion-y-cultura","tag-centro-de-educacion-fisica","tag-escuelas","tag-pelotas","tag-secundarias"],"_links":{"self":[{"href":"https:\/\/www.visionweb.com.ar\/index.php?rest_route=\/wp\/v2\/posts\/7893","targetHints":{"allow":["GET"]}}],"collection":[{"href":"https:\/\/www.visionweb.com.ar\/index.php?rest_route=\/wp\/v2\/posts"}],"about":[{"href":"https:\/\/www.visionweb.com.ar\/index.php?rest_route=\/wp\/v2\/types\/post"}],"author":[{"embeddable":true,"href":"https:\/\/www.visionweb.com.ar\/index.php?rest_route=\/wp\/v2\/users\/3"}],"replies":[{"embeddable":true,"href":"https:\/\/www.visionweb.com.ar\/index.php?rest_route=%2Fwp%2Fv2%2Fcomments&post=7893"}],"version-history":[{"count":2,"href":"https:\/\/www.visionweb.com.ar\/index.php?rest_route=\/wp\/v2\/posts\/7893\/revisions"}],"predecessor-version":[{"id":7896,"href":"https:\/\/www.visionweb.com.ar\/index.php?rest_route=\/wp\/v2\/posts\/7893\/revisions\/7896"}],"wp:featuredmedia":[{"embeddable":true,"href":"https:\/\/www.visionweb.com.ar\/index.php?rest_route=\/wp\/v2\/media\/7894"}],"wp:attachment":[{"href":"https:\/\/www.visionweb.com.ar\/index.php?rest_route=%2Fwp%2Fv2%2Fmedia&parent=7893"}],"wp:term":[{"taxonomy":"category","embeddable":true,"href":"https:\/\/www.visionweb.com.ar\/index.php?rest_route=%2Fwp%2Fv2%2Fcategories&post=7893"},{"taxonomy":"post_tag","embeddable":true,"href":"https:\/\/www.visionweb.com.ar\/index.php?rest_route=%2Fwp%2Fv2%2Ftags&post=7893"}],"curies":[{"name":"wp","href":"https:\/\/api.w.org\/{rel}","templated":true}]}}