{"id":7869,"date":"2022-10-24T12:47:17","date_gmt":"2022-10-24T15:47:17","guid":{"rendered":"https:\/\/www.visionweb.com.ar\/?p=7869"},"modified":"2022-10-24T12:47:17","modified_gmt":"2022-10-24T15:47:17","slug":"cepal-argentina-asumio-la-presidencia-pro-tempore","status":"publish","type":"post","link":"https:\/\/www.visionweb.com.ar\/?p=7869","title":{"rendered":"Cepal: Argentina asumi\u00f3 la Presidencia Pro Tempore"},"content":{"rendered":"<p><em><strong>La Comisi\u00f3n Econ\u00f3mica<\/strong><strong> para Am\u00e9rica Latina y el Caribe se re\u00fane desde hoy en nuestro pa\u00eds. <\/strong><strong>El presidente\u00a0Fern\u00e1ndez invit\u00f3 a los pa\u00edses de la regi\u00f3n \u00aba trabajar juntos\u00bb. La agenda.<\/strong><\/em><strong>\u00a0<\/strong><!--more--><\/p>\n<div id=\"attachment_7871\" style=\"width: 310px\" class=\"wp-caption alignright\"><img loading=\"lazy\" decoding=\"async\" aria-describedby=\"caption-attachment-7871\" class=\"wp-image-7871 size-medium\" src=\"https:\/\/www.visionweb.com.ar\/wp-content\/uploads\/2022\/10\/cepal-alb-fernandez-300x169.jpg\" alt=\"\" width=\"300\" height=\"169\" srcset=\"https:\/\/www.visionweb.com.ar\/wp-content\/uploads\/2022\/10\/cepal-alb-fernandez-300x169.jpg 300w, https:\/\/www.visionweb.com.ar\/wp-content\/uploads\/2022\/10\/cepal-alb-fernandez.bmp 717w\" sizes=\"auto, (max-width: 300px) 100vw, 300px\" \/><p id=\"caption-attachment-7871\" class=\"wp-caption-text\">El presidente en el discurso inaugural de la Cepal. (Fotos: presidencia)<\/p><\/div>\n<p><strong>\u00a0\u00a0\u00a0\u00a0 \u00a0\u00a0\u00a0\u00a0 E<\/strong>l presidente Alberto Fern\u00e1ndez\u00a0inaugur\u00f3 hoy el 39no. <strong>per\u00edodo de sesiones de la Comisi\u00f3n Econ\u00f3mica para Am\u00e9rica Latina y el Caribe\u00a0<\/strong>(Cepal), la reuni\u00f3n bienal m\u00e1s importante de este organismo regional de la Organizaci\u00f3n de las Naciones Unidas (ONU), que comenz\u00f3 este lunes en el Centro Cultural Kirchner (CCK), y trabajar\u00e1 hasta el mi\u00e9rcoles. Argentina vuelve a ser anfitri\u00f3n luego de 59 a\u00f1os, y asumi\u00f3 la Presidencia Pro Tempore.<\/p>\n<p>El encuentro re\u00fane a representantes de los 46 Estados Miembros y 14 miembros asociados de la<strong> Cepal<\/strong>, adem\u00e1s de investigadores, funcionarios internacionales, representantes de la sociedad civil y acad\u00e9micos, entre ellos el Premio Nobel de Econom\u00eda, Joseph Stiglitz, seg\u00fan se\u00f1al\u00f3 el ente organizador.<\/p>\n<p>El presidente<strong>\u00a0<\/strong>Fern\u00e1ndez habl\u00f3 en el marco de la inauguraci\u00f3n: \u00abel documento n\u00facleo que presenta la Cepal plantea ejes de trabajo muy valiosos\u00a0como el de reducir la brecha tecnol\u00f3gica\u00bb. Consider\u00f3 que \u00abbrindan la posibilidad de identificar los vectores que permitan asociarnos en la cadena de valor como eslabones que agreguen tecnolog\u00eda y empleo en el proceso de producci\u00f3n\u00bb.<\/p>\n<p>En ese marco, el presidente<strong>\u00a0<\/strong><strong> invit\u00f3 a los pa\u00edses de la regi\u00f3n \u00aba trabajar juntos\u00bb en una agenda de econom\u00eda del conocimiento y econom\u00eda 4.0 en Am\u00e9rica Latina y el Caribe<\/strong>, en \u00e1reas como inteligencia artificial y ciberseguridad.<\/p>\n<p><strong>La Agenda<\/strong><strong>:<\/strong> A las 14 en la Terraza Auditorio Nacional, se realizar\u00e1 el seminario <strong>\u201cCambios en la globalizaci\u00f3n y retos para la regi\u00f3n\u201d<\/strong>, que ser\u00e1 moderado por el ministro de Econom\u00eda,\u00a0Sergio Massa, y participar\u00e1n Rebeca Santos, presidenta del Banco Central de Honduras (virtual); Juan Carlos Moreno-Brid, profesor de la Facultad de Econom\u00eda de la Universidad Nacional Aut\u00f3noma de M\u00e9xico (UNAM); Werner Isaac Vargas, secretario General del Sistema de la Integraci\u00f3n Centroamericana (SICA) y Luis Felipe L\u00f3pez-Calva, director general de la Pr\u00e1ctica Mundial de Pobreza y Equidad del Banco Mundial.<\/p>\n<p>Luego, a las 16.15 se llevar\u00e1 adelante el seminario <strong>\u201cCrecimiento y distribuci\u00f3n: la centralidad de la creaci\u00f3n de empleo\u201d<\/strong>, moderado por la ministra de Trabajo, Empleo y Seguridad Social,\u00a0Raquel Kismer de Olmos.<strong>\u00a0<\/strong>Del mismo participar\u00e1n Marta Eugenia Esquivel Rodr\u00edguez, presidenta de la Caja Costarricense del Seguro Social (CCSS) (virtual); Pablo Mieres, ministro de Trabajo y Seguridad Social del Uruguay; Felipe Morgado, superintendente de Educaci\u00f3n Profesional y Superior del Servicio Nacional de Aprendizaje Industrial (SENAI) del Brasil y Anna Terr\u00f3n Cus\u00ed, directora de la Fundaci\u00f3n Internacional y para Iberoam\u00e9rica de Administraci\u00f3n y Pol\u00edticas P\u00fablicas (FIIAPP).<\/p>\n<p>El martes 25 se realizar\u00e1 el seminario <strong>\u201cLa inversi\u00f3n y las estrategias sectoriales: motores del desarrollo sostenible\u201d<\/strong> a las 9 en la Terraza Auditorio Nacional del CCK, que ser\u00e1 moderado por la secretaria de Asuntos Estrat\u00e9gicos de la Argentina,\u00a0Mercedes Marc\u00f3 del Pont. El seminario contar\u00e1 con la participaci\u00f3n de Carla Barnett, secretaria general de la Comunidad del Caribe (Caricom) (virtual); Mario Lubetkin, representante regional para Am\u00e9rica Latina y el Caribe de la Organizaci\u00f3n de las Naciones Unidas para la Alimentaci\u00f3n y la Agricultura (FAO); Fernando Yanez, subsecretario de Seguimiento de la Secretar\u00eda Nacional de Planificaci\u00f3n del Ecuador y Vanessa Gibson, directora de Clima de Inversi\u00f3n de la Coalici\u00f3n Costarricense de Iniciativas de Desarrollo (Cinde) de Costa Rica.<\/p>\n<p>El Panel 4 <strong>\u201cLa cooperaci\u00f3n internacional frente a un nuevo multilateralismo\u201d<\/strong> ser\u00e1 moderado por la presidenta de la Agencia Argentina de Cooperaci\u00f3n Internacional y Asistencia Humanitaria Cascos Blanco,\u00a0Sabina Frederic, a las 11.30 en el mismo auditorio.<\/p>\n<p>El mi\u00e9rcoles 26 a las 9 est\u00e1 previsto el Di\u00e1logo de cancilleres y altas autoridades que ser\u00e1 presidido por el canciller\u00a0Santiago Cafiero\u00a0en la Terraza Auditorio Nacional. En la actividad participar\u00e1 el secretario ejecutivo de la Cepal, Jos\u00e9 Manuel Salazar-Xirinachs y el Alto Representante para Asuntos Exteriores y Pol\u00edtica de Seguridad de la Uni\u00f3n Europea y Vicepresidente de la Comisi\u00f3n Europea, Josep Borrell.<\/p>\n<p>La\u00a0<strong>clausura<\/strong><strong>\u00a0<\/strong>del evento ser\u00e1 a las 12.40 con las intervenciones de Cafiero, el secretario Ejecutivo de la Cepal, Jos\u00e9 Manuel Salazar-Xirinachs, y la Vicesecretaria General de las Naciones Unidas, Amina Mohammed, que dar\u00e1 un mensaje por video.<\/p>\n<div id=\"attachment_7872\" style=\"width: 310px\" class=\"wp-caption alignleft\"><a href=\"https:\/\/www.visionweb.com.ar\/wp-content\/uploads\/2022\/10\/Cepal-encuento-en-olivos-dom-foto-presidencia.bmp\"><img loading=\"lazy\" decoding=\"async\" aria-describedby=\"caption-attachment-7872\" class=\"wp-image-7872 size-medium\" src=\"https:\/\/www.visionweb.com.ar\/wp-content\/uploads\/2022\/10\/Cepal-encuento-en-olivos-dom-foto-presidencia-300x166.jpg\" alt=\"\" width=\"300\" height=\"166\" srcset=\"https:\/\/www.visionweb.com.ar\/wp-content\/uploads\/2022\/10\/Cepal-encuento-en-olivos-dom-foto-presidencia-300x166.jpg 300w, https:\/\/www.visionweb.com.ar\/wp-content\/uploads\/2022\/10\/Cepal-encuento-en-olivos-dom-foto-presidencia-768x424.jpg 768w, https:\/\/www.visionweb.com.ar\/wp-content\/uploads\/2022\/10\/Cepal-encuento-en-olivos-dom-foto-presidencia.bmp 821w\" sizes=\"auto, (max-width: 300px) 100vw, 300px\" \/><\/a><p id=\"caption-attachment-7872\" class=\"wp-caption-text\">Encuentro en Olivos con representantes del domingo por la noche.<\/p><\/div>\n<p>Ayer por la noche, el presidente Fern\u00e1ndez recibi\u00f3 en Olivos a representantes de la Comisi\u00f3n, junto al economista ganador del premio Nobel, Joseph Stiglitz, asistieron los economistas Mariana Mazzucato, profesora del University College London (UCL); Gabriela Plump, de Columbia University, y Luca Khun von B\u00fcrgsdorff, de la UCL. <strong>\u00a0(VW)<\/strong><\/p>\n<p>&nbsp;<\/p>\n","protected":false},"excerpt":{"rendered":"<p>La Comisi\u00f3n Econ\u00f3mica para Am\u00e9rica Latina y el Caribe se re\u00fane desde hoy en nuestro pa\u00eds. El presidente\u00a0Fern\u00e1ndez invit\u00f3 a los pa\u00edses de la regi\u00f3n \u00aba trabajar juntos\u00bb. La agenda.\u00a0<\/p>\n","protected":false},"author":4,"featured_media":7872,"comment_status":"closed","ping_status":"closed","sticky":false,"template":"","format":"standard","meta":{"_monsterinsights_skip_tracking":false,"_monsterinsights_sitenote_active":false,"_monsterinsights_sitenote_note":"","_monsterinsights_sitenote_category":0,"footnotes":""},"categories":[749],"tags":[44,3265,3266],"class_list":["post-7869","post","type-post","status-publish","format-standard","has-post-thumbnail","hentry","category-pymes","tag-alberto-fernandez","tag-cepal","tag-comision-economica-para-america-latina"],"_links":{"self":[{"href":"https:\/\/www.visionweb.com.ar\/index.php?rest_route=\/wp\/v2\/posts\/7869","targetHints":{"allow":["GET"]}}],"collection":[{"href":"https:\/\/www.visionweb.com.ar\/index.php?rest_route=\/wp\/v2\/posts"}],"about":[{"href":"https:\/\/www.visionweb.com.ar\/index.php?rest_route=\/wp\/v2\/types\/post"}],"author":[{"embeddable":true,"href":"https:\/\/www.visionweb.com.ar\/index.php?rest_route=\/wp\/v2\/users\/4"}],"replies":[{"embeddable":true,"href":"https:\/\/www.visionweb.com.ar\/index.php?rest_route=%2Fwp%2Fv2%2Fcomments&post=7869"}],"version-history":[{"count":2,"href":"https:\/\/www.visionweb.com.ar\/index.php?rest_route=\/wp\/v2\/posts\/7869\/revisions"}],"predecessor-version":[{"id":7873,"href":"https:\/\/www.visionweb.com.ar\/index.php?rest_route=\/wp\/v2\/posts\/7869\/revisions\/7873"}],"wp:featuredmedia":[{"embeddable":true,"href":"https:\/\/www.visionweb.com.ar\/index.php?rest_route=\/wp\/v2\/media\/7872"}],"wp:attachment":[{"href":"https:\/\/www.visionweb.com.ar\/index.php?rest_route=%2Fwp%2Fv2%2Fmedia&parent=7869"}],"wp:term":[{"taxonomy":"category","embeddable":true,"href":"https:\/\/www.visionweb.com.ar\/index.php?rest_route=%2Fwp%2Fv2%2Fcategories&post=7869"},{"taxonomy":"post_tag","embeddable":true,"href":"https:\/\/www.visionweb.com.ar\/index.php?rest_route=%2Fwp%2Fv2%2Ftags&post=7869"}],"curies":[{"name":"wp","href":"https:\/\/api.w.org\/{rel}","templated":true}]}}