{"id":7861,"date":"2022-10-24T10:16:46","date_gmt":"2022-10-24T13:16:46","guid":{"rendered":"https:\/\/www.visionweb.com.ar\/?p=7861"},"modified":"2022-10-24T10:16:46","modified_gmt":"2022-10-24T13:16:46","slug":"jorge-ferraresi-se-va-del-ministerio-de-desarrollo-territorial-y-habitat","status":"publish","type":"post","link":"https:\/\/www.visionweb.com.ar\/?p=7861","title":{"rendered":"Jorge Ferraresi se va del ministerio de Desarrollo Territorial y H\u00e1bitat"},"content":{"rendered":"<p><em><strong>Regresar\u00e1 a la intendencia de Avellaneda a partir de noviembre.\u00a0La noticia fue dad a conocer ayer por Alberto Fern\u00e1ndez, a trav\u00e9s de Twitter.<\/strong><\/em><!--more--><\/p>\n<p><strong>\u00a0 \u00a0 \u00a0 <img loading=\"lazy\" decoding=\"async\" class=\"size-medium wp-image-7863 alignleft\" src=\"https:\/\/www.visionweb.com.ar\/wp-content\/uploads\/2022\/10\/a.-fernandez-y-ferraresi-300x205.jpg\" alt=\"\" width=\"300\" height=\"205\" srcset=\"https:\/\/www.visionweb.com.ar\/wp-content\/uploads\/2022\/10\/a.-fernandez-y-ferraresi-300x205.jpg 300w, https:\/\/www.visionweb.com.ar\/wp-content\/uploads\/2022\/10\/a.-fernandez-y-ferraresi.bmp 652w\" sizes=\"auto, (max-width: 300px) 100vw, 300px\" \/> \u00a0 \u00a0 \u00a0 \u00a0 \u00a0 E<\/strong>l ministro de Desarrollo Territorial y H\u00e1bitat,<strong>\u00a0<\/strong><strong>Jorge Ferraresi<\/strong>\u00a0dejar\u00e1 su cargo en esa cartera nacional y regresar\u00e1 a retomar su gesti\u00f3n como <strong>intendente de<\/strong> <strong>Avellaneda<\/strong>, actualmente ocupada por Alejo Chornobroff.<\/p>\n<p>El presidente Alberto Fern\u00e1ndez lo anunci\u00f3 ayer domingo a trav\u00e9s de su cuenta Twitter, y adelant\u00f3 que el traspaso se llevar\u00e1 a cabo desde el 1 de noviembre. Tambi\u00e9n confirm\u00f3 que <strong>su reemplazo ser\u00e1\u00a0Santiago Maggiotti<\/strong>, quien actualmente se desempe\u00f1a como secretario de Vivienda de esa cartera.<\/p>\n<p>En esa l\u00ednea, el presidente Fern\u00e1ndez escribi\u00f3: \u201cFerraresi\u00a0<strong>retornar\u00e1 a su querida Avellaneda el pr\u00f3ximo 1 de noviembre<\/strong><strong>\u00a0<\/strong>para retomar la gesti\u00f3n al frente del municipio\u201d. \u201cValoro su compromiso pol\u00edtico en el tiempo tan dif\u00edcil en que nos toc\u00f3 gobernar.\u00a0<strong>Su esfuerzo fue esencial para avanzar en la transformaci\u00f3n estructural<\/strong><strong>\u00a0<\/strong>de nuestra Argentina\u201d.<\/p>\n<p>\u201cConf\u00edo que el equipo del ministerio que viene dando tan s\u00f3lidas respuestas en el \u00e1rea con\u00a0<strong>m\u00e1s de 60 mil viviendas ya entregadas, 140 mil en ejecuci\u00f3n,<\/strong><strong>\u00a0<\/strong>70 mil cr\u00e9ditos y miles de soluciones habitacionales gestionadas, continuar\u00e1 con el mismo dinamismo que ha demostrado hasta aqu\u00ed\u201d, rese\u00f1\u00f3 el Presidente.<\/p>\n<p>A la vez, en el entorno del oficialismo se vislumbra en estos d\u00edas, la salida de\u00a0<strong>Jorge Katopodis del Ministerio de Obras P\u00fablicas<\/strong><strong>\u00a0<\/strong>para retornar al municipio de San Mart\u00edn. <strong>(VW)<\/strong><\/p>\n<p>&nbsp;<\/p>\n","protected":false},"excerpt":{"rendered":"<p>Regresar\u00e1 a la intendencia de Avellaneda a partir de noviembre.\u00a0La noticia fue dad a conocer ayer por Alberto Fern\u00e1ndez, a trav\u00e9s de Twitter.<\/p>\n","protected":false},"author":4,"featured_media":7863,"comment_status":"closed","ping_status":"closed","sticky":false,"template":"","format":"standard","meta":{"_monsterinsights_skip_tracking":false,"_monsterinsights_sitenote_active":false,"_monsterinsights_sitenote_note":"","_monsterinsights_sitenote_category":0,"footnotes":""},"categories":[4],"tags":[44,83,3260,3261,3262],"class_list":["post-7861","post","type-post","status-publish","format-standard","has-post-thumbnail","hentry","category-politica","tag-alberto-fernandez","tag-avellaneda","tag-jorge-ferraresi","tag-ministerio-territorial","tag-santiago-maggiotti"],"_links":{"self":[{"href":"https:\/\/www.visionweb.com.ar\/index.php?rest_route=\/wp\/v2\/posts\/7861","targetHints":{"allow":["GET"]}}],"collection":[{"href":"https:\/\/www.visionweb.com.ar\/index.php?rest_route=\/wp\/v2\/posts"}],"about":[{"href":"https:\/\/www.visionweb.com.ar\/index.php?rest_route=\/wp\/v2\/types\/post"}],"author":[{"embeddable":true,"href":"https:\/\/www.visionweb.com.ar\/index.php?rest_route=\/wp\/v2\/users\/4"}],"replies":[{"embeddable":true,"href":"https:\/\/www.visionweb.com.ar\/index.php?rest_route=%2Fwp%2Fv2%2Fcomments&post=7861"}],"version-history":[{"count":2,"href":"https:\/\/www.visionweb.com.ar\/index.php?rest_route=\/wp\/v2\/posts\/7861\/revisions"}],"predecessor-version":[{"id":7864,"href":"https:\/\/www.visionweb.com.ar\/index.php?rest_route=\/wp\/v2\/posts\/7861\/revisions\/7864"}],"wp:featuredmedia":[{"embeddable":true,"href":"https:\/\/www.visionweb.com.ar\/index.php?rest_route=\/wp\/v2\/media\/7863"}],"wp:attachment":[{"href":"https:\/\/www.visionweb.com.ar\/index.php?rest_route=%2Fwp%2Fv2%2Fmedia&parent=7861"}],"wp:term":[{"taxonomy":"category","embeddable":true,"href":"https:\/\/www.visionweb.com.ar\/index.php?rest_route=%2Fwp%2Fv2%2Fcategories&post=7861"},{"taxonomy":"post_tag","embeddable":true,"href":"https:\/\/www.visionweb.com.ar\/index.php?rest_route=%2Fwp%2Fv2%2Ftags&post=7861"}],"curies":[{"name":"wp","href":"https:\/\/api.w.org\/{rel}","templated":true}]}}