{"id":7854,"date":"2022-10-22T11:26:29","date_gmt":"2022-10-22T14:26:29","guid":{"rendered":"https:\/\/www.visionweb.com.ar\/?p=7854"},"modified":"2022-10-22T18:27:03","modified_gmt":"2022-10-22T21:27:03","slug":"comenzo-la-construccion-de-una-planta-potabilizadora-en-el-sur-del-gba","status":"publish","type":"post","link":"https:\/\/www.visionweb.com.ar\/?p=7854","title":{"rendered":"Comenz\u00f3 la construcci\u00f3n de una planta potabilizadora  en el sur del GBA"},"content":{"rendered":"<p><em><strong>La iniciativa beneficiar\u00e1 a un mill\u00f3n de personas de La Plata, Berisso y Ensenada. Tambi\u00e9n se pondr\u00e1 en marcha un acueducto.<\/strong><\/em><!--more--><\/p>\n<div id=\"attachment_7855\" style=\"width: 310px\" class=\"wp-caption alignright\"><img loading=\"lazy\" decoding=\"async\" aria-describedby=\"caption-attachment-7855\" class=\"wp-image-7855 size-medium\" src=\"https:\/\/www.visionweb.com.ar\/wp-content\/uploads\/2022\/10\/AGUA-POTABLE-300x199.png\" alt=\"\" width=\"300\" height=\"199\" srcset=\"https:\/\/www.visionweb.com.ar\/wp-content\/uploads\/2022\/10\/AGUA-POTABLE-300x199.png 300w, https:\/\/www.visionweb.com.ar\/wp-content\/uploads\/2022\/10\/AGUA-POTABLE.png 738w\" sizes=\"auto, (max-width: 300px) 100vw, 300px\" \/><p id=\"caption-attachment-7855\" class=\"wp-caption-text\">Una vez finalizada la obra, se beneficiar\u00e1n vecinos de La Plata, Berisso y Ensenada (Foto Prensa PBA)<\/p><\/div>\n<p><strong>\u00a0 \u00a0 \u00a0M<\/strong>\u00e1s de un mill\u00f3n de vecinos y vecinas de los partidos de La Plata, Berisso y Esenada se tendr\u00e1n acceso al agua potable a partir de la construcci\u00f3n de una planta potabilizadora. El proyecto incluye tambi\u00e9n la construcci\u00f3n de un acueducto dirigido hacia el parque San Mart\u00edn.<\/p>\n<p>El acto de inicio de las obras se concert\u00f3 este jueves y fue presidido por el gobernador bonaerense Axel Kiccillof , junto al ministro de Infraestructura y Servicios P\u00fablicos, Leonardo Nardini; el subsecretario de Recursos H\u00eddricos, Guillermo Jelinski; y los intendentes Fabi\u00e1n Cagliardi y Mario Secco.<\/p>\n<p>\u201cA pesar de que la regi\u00f3n segu\u00eda creciendo, esta obra fundamental para m\u00e1s de un mill\u00f3n de bonaerenses fue postergada durante mucho tiempo, en parte porque es un proyecto costoso, largo y dif\u00edcil de mostrar\u201d, asegur\u00f3 Kicillof.<\/p>\n<p>De acuerdo con la informado por la Gobernaci\u00f3n, el titular del ejecutivo provincial record\u00f3 que: \u201cVenimos de una etapa en la que, producto del endeudamiento, se cont\u00f3 con recursos como nunca antes en la historia, pero ese dinero no se destin\u00f3 a hacer las obras que mejoran la calidad de vida de los y las bonaerenses\u201d.<\/p>\n<p>En ese sentido, el Gobernador se\u00f1al\u00f3 que \u201cesta obra es indispensable para el bienestar de las familias de La Plata, Berisso y Ensenada, ya que va a traer mejores condiciones de acceso al agua y va a permitir que la regi\u00f3n siga creciendo\u201d.<\/p>\n<p>\u201cComo con tantas obras, no la hemos prometido: estamos aqu\u00ed observando las m\u00e1quinas que ya est\u00e1n trabajando y cumpliendo nuestro compromiso con hechos, no con palabras\u201d, sostuvo y resalt\u00f3: \u201cVamos a trabajar sin descanso hasta que esta obra se termine: habr\u00e1 agua potable en la regi\u00f3n capital de nuestra provincia\u201d, agreg\u00f3.<\/p>\n<p><strong>La obra<\/strong><\/p>\n<p>Con una inversi\u00f3n actualizada del orden de 11.000 millones de pesos que financia el Banco de Desarrollo de Am\u00e9rica Latina (CAF), constituye la obra de agua m\u00e1s importante de los \u00faltimos 70 a\u00f1os. Ubicada en la localidad de Punta Lara, reemplazar\u00e1 a la planta Donato Gerardi que quedara como refuerzo y producir\u00e1 10 millones de litros por hora, mejorando significativamente el servicio de agua corriente en la regi\u00f3n capital.<\/p>\n<p>Asimismo, Nardini enfatiz\u00f3 que \u201cdespu\u00e9s de una etapa en la que la deuda era utilizada para la especulaci\u00f3n financiera, hoy el cr\u00e9dito se destina para construir una planta que va a impactar en la salud de las y los vecinos de la regi\u00f3n capital de nuestra Provincia\u201d.<\/p>\n<p>El proyecto puesto en marcha incluye la construcci\u00f3n de un acueducto desde el predio de la nueva Planta Potabilizadora hacia la intersecci\u00f3n de la Avenida 32 y calle 120, donde se vincular\u00e1 con el acueducto que abastece a la zona norte de La Plata y la Estaci\u00f3n Usina Bosques. De esta forma, en la zona de Parque San Mart\u00edn se reemplazar\u00e1 el agua de origen subterr\u00e1neo por otra superficial y de mejor calidad.<\/p>\n<p>\u201cEsta es una planta \u00fanica, que ser\u00e1 operada por ABSA para generar 10 millones de litros de agua potable por hora y, despu\u00e9s de 70 a\u00f1os, poner en valor las necesidades de los habitantes de la regi\u00f3n capital\u201d, asegur\u00f3 Jelinski.<\/p>\n<p>El plan complementa adem\u00e1s una segunda etapa que comprende el acueducto de agua tratada a Parque San Mart\u00edn; la Cisterna y Estaci\u00f3n de Bombeo Estadio \u00danico; la Cisterna San Lorenzo (Los Hornos); el Acueducto Secundario Oeste; y repotenciaci\u00f3n de Estaciones de Bombeo Bosques, Saavedra y San Mart\u00edn y una tercera relativa al reemplazo de ca\u00f1er\u00edas obsoletas y cierres de malla para la regi\u00f3n.<\/p>\n<p>En tanto, Secco subray\u00f3 que \u201cdurante mucho tiempo esperamos este d\u00eda en el que se empieza a construir una planta que nos va a cambiar la vida, ya que brindar\u00e1 la posibilidad de que en la zona no padezcamos m\u00e1s problemas de acceso al agua\u201d.<\/p>\n<p>Por su parte, Cagliardi expres\u00f3 que \u201cgracias a la articulaci\u00f3n con el Gobierno de la provincia, hoy finalmente se hace realidad el comienzo de una obra que se necesitaba en la regi\u00f3n hace muchos a\u00f1os y que va a transformar las condiciones de vida de los vecinos y vecinas de Berisso\u201d.<\/p>\n<p>En la regi\u00f3n capital, el Gobierno de la provincia ya realiz\u00f3 un conjunto de obras destinadas a mejorar la distribuci\u00f3n de agua y dar previsibilidad al servicio.<\/p>\n<p>Entre otras, puso en funcionamiento una bomba para la estaci\u00f3n de Bombeo Bosque y se repararon las bombas 2, 3 y 7; as\u00ed, tras haber recibido solo tres en funcionamiento, se solucion\u00f3 el d\u00e9ficit de agua potable en gran parte del casco urbano de La Plata.<\/p>\n<p>Adem\u00e1s, se hicieron cuatro perforaciones en la Regi\u00f3n 1, en 137 y 67, cuatro en 19 y 90, y cuatro en 30, entre 76 y 77, en tanto que est\u00e1n ejecuci\u00f3n cuatro en 90 y 116; se ejecut\u00f3 la perforaci\u00f3n de explotaci\u00f3n del Acu\u00edfero Puelche en 12 bis y 82 y en 9 y 76; se concretaron otras en barrio Aeropuerto (en 610); y se construy\u00f3 un nuevo pozo de explotaci\u00f3n en 50 y 19, Villa Elisa.<\/p>\n<p>La Subsecretar\u00eda de Recursos H\u00eddricos trabaja tambi\u00e9n en la obra del acueducto a Punta Lara, en el marco de la adecuaci\u00f3n de la secci\u00f3n hidr\u00e1ulica del arroyo El Gato, al tiempo que licit\u00f3 las obras por 862 millones de pesos para construir un nuevo sistema de abastecimiento de agua potable y estaci\u00f3n de bombeo para Berisso<strong>(VW)<\/strong>.<\/p>\n","protected":false},"excerpt":{"rendered":"<p>La iniciativa beneficiar\u00e1 a un mill\u00f3n de personas de La Plata, Berisso y Ensenada. Tambi\u00e9n se pondr\u00e1 en marcha un acueducto.<\/p>\n","protected":false},"author":3,"featured_media":7855,"comment_status":"closed","ping_status":"closed","sticky":false,"template":"","format":"standard","meta":{"_monsterinsights_skip_tracking":false,"_monsterinsights_sitenote_active":false,"_monsterinsights_sitenote_note":"","_monsterinsights_sitenote_category":0,"footnotes":""},"categories":[8],"tags":[2859,1663,167,3259],"class_list":["post-7854","post","type-post","status-publish","format-standard","has-post-thumbnail","hentry","category-interes-general","tag-agua","tag-inversiones","tag-kicillof","tag-planta-depuradora"],"_links":{"self":[{"href":"https:\/\/www.visionweb.com.ar\/index.php?rest_route=\/wp\/v2\/posts\/7854","targetHints":{"allow":["GET"]}}],"collection":[{"href":"https:\/\/www.visionweb.com.ar\/index.php?rest_route=\/wp\/v2\/posts"}],"about":[{"href":"https:\/\/www.visionweb.com.ar\/index.php?rest_route=\/wp\/v2\/types\/post"}],"author":[{"embeddable":true,"href":"https:\/\/www.visionweb.com.ar\/index.php?rest_route=\/wp\/v2\/users\/3"}],"replies":[{"embeddable":true,"href":"https:\/\/www.visionweb.com.ar\/index.php?rest_route=%2Fwp%2Fv2%2Fcomments&post=7854"}],"version-history":[{"count":1,"href":"https:\/\/www.visionweb.com.ar\/index.php?rest_route=\/wp\/v2\/posts\/7854\/revisions"}],"predecessor-version":[{"id":7856,"href":"https:\/\/www.visionweb.com.ar\/index.php?rest_route=\/wp\/v2\/posts\/7854\/revisions\/7856"}],"wp:featuredmedia":[{"embeddable":true,"href":"https:\/\/www.visionweb.com.ar\/index.php?rest_route=\/wp\/v2\/media\/7855"}],"wp:attachment":[{"href":"https:\/\/www.visionweb.com.ar\/index.php?rest_route=%2Fwp%2Fv2%2Fmedia&parent=7854"}],"wp:term":[{"taxonomy":"category","embeddable":true,"href":"https:\/\/www.visionweb.com.ar\/index.php?rest_route=%2Fwp%2Fv2%2Fcategories&post=7854"},{"taxonomy":"post_tag","embeddable":true,"href":"https:\/\/www.visionweb.com.ar\/index.php?rest_route=%2Fwp%2Fv2%2Ftags&post=7854"}],"curies":[{"name":"wp","href":"https:\/\/api.w.org\/{rel}","templated":true}]}}