{"id":7836,"date":"2022-10-21T13:58:07","date_gmt":"2022-10-21T16:58:07","guid":{"rendered":"https:\/\/www.visionweb.com.ar\/?p=7836"},"modified":"2022-10-21T13:58:07","modified_gmt":"2022-10-21T16:58:07","slug":"gremios-del-transporte-anunciaron-un-paro-nacional-en-reclamo-de-un-bono-para-jubilados","status":"publish","type":"post","link":"https:\/\/www.visionweb.com.ar\/?p=7836","title":{"rendered":"Gremios del Transporte anunciaron un paro nacional en reclamo de un bono para jubilados"},"content":{"rendered":"<p><em><strong>La medida de fuerza \u00a0en defensa de los jubilados ser\u00e1 el martes 8 de noviembre. Piden al Gobierno un beneficio extraordinario de $50.000 para jubilados a pensionados.<\/strong><\/em> <!--more--><\/p>\n<div id=\"attachment_7838\" style=\"width: 310px\" class=\"wp-caption alignright\"><img loading=\"lazy\" decoding=\"async\" aria-describedby=\"caption-attachment-7838\" class=\"wp-image-7838 size-medium\" src=\"https:\/\/www.visionweb.com.ar\/wp-content\/uploads\/2022\/10\/carlos-acuna-cgt-y-omar-maturnao-fraternidad-300x205.jpg\" alt=\"\" width=\"300\" height=\"205\" srcset=\"https:\/\/www.visionweb.com.ar\/wp-content\/uploads\/2022\/10\/carlos-acuna-cgt-y-omar-maturnao-fraternidad-300x205.jpg 300w, https:\/\/www.visionweb.com.ar\/wp-content\/uploads\/2022\/10\/carlos-acuna-cgt-y-omar-maturnao-fraternidad.bmp 693w\" sizes=\"auto, (max-width: 300px) 100vw, 300px\" \/><p id=\"caption-attachment-7838\" class=\"wp-caption-text\">Acu\u00f1a y Maturano en notable muestra de empat\u00eda hacia los mayores: \u00abhonrar\u00e1s a tus padres\u00bb. (Imagen: internet)<\/p><\/div>\n<p><strong> \u00a0\u00a0\u00a0\u00a0\u00a0\u00a0 L<\/strong>a Uni\u00f3n General de Asociaciones de Trabajadores del Transporte<strong> (UGATT<\/strong>) convoc\u00f3 a un <strong>paro de transportes a nivel nacional<\/strong>, para el pr\u00f3ximo 8 de noviembre. El principal reclamo es que se otorgue un bono a los jubilados. As\u00ed, bajo el lema <strong>\u00abhonrar\u00e1s a tus padres\u00bb<\/strong> desde la UGATT le solicitaron al Gobierno nacional que le otorgue un\u00a0<strong>bono de 50 mil pesos a jubilados y pensionados para diciembre.<\/strong><\/p>\n<p>La medida de fuerza anunciada podr\u00eda resultar de gran peso ya que se trata de una organizaci\u00f3n que nuclea a muchos otros sindicatos como la <strong>UTA<\/strong>, la\u00a0<strong>Federaci\u00f3n de Conductores de Taxis<\/strong>, los\u00a0<strong>Remiseros<\/strong>, los <strong>camioneros santafesinos<\/strong>, el<strong>\u00a0<\/strong><strong>gremio de Carga y Descarga<\/strong>, los <strong>recolectores de residuos de C\u00f3rdoba<\/strong>\u00a0y los<strong>\u00a0<\/strong><strong>estacioneros de servicios<\/strong> de\u00a0<strong>Carlos Acu\u00f1a<\/strong>, entre otros.<\/p>\n<p>\u201cSi todos los sectores van a recibir\u00a0<strong>un bono,<\/strong>\u00a0creemos que\u00a0<strong>los abuelos tienen que tener uno\u201d,<\/strong><strong>\u00a0<\/strong>rese\u00f1aron desde la<strong> UGATT<\/strong>, liderada por\u00a0<strong>Omar Maturano, <\/strong>secretario general de\u00a0<strong>La Fraternidad<\/strong>.<\/p>\n<p>\u201cSi no defendemos a nuestros padres, nuestros hijos se olvidar\u00e1n de nosotros\u201d, subrayaron para destacar que Juan Domingo Per\u00f3n dej\u00f3 un legado de respeto para ni\u00f1os y ancianos.<\/p>\n<p>Desde el gremio a la vez recordaron que en la reciente pandemia los jubilados y pensionados<strong>\u00a0<\/strong>\u201csufrieron el encierro y el no poder ver a sus seres queridos, pero adem\u00e1s\u00a0<strong>hoy sufren porque no llegan a fin de mes\u201d.<\/strong><\/p>\n<p>Seg\u00fan indicaron la decisi\u00f3n de ir a paro fue adoptada <strong>\u00abfrente a la vor\u00e1gine devastadora de la inflaci\u00f3n\u00bb<\/strong>\u00a0y frente a los n\u00fameros recientes del INDEC que arroj\u00f3 una inflaci\u00f3n acumulada del 66,1% en los primeros nueve meses del a\u00f1o.<\/p>\n<p>Aunque <strong>lo particular de esta medida de fuerza se centra en una soluci\u00f3n para los problemas de los jubilados y pensionados<\/strong>, \u00a0a diferencia de los todos los paros anteriores.<\/p>\n<p>Bajo el lema <strong>\u00abhonrar\u00e1s a tus padres\u00bb<\/strong> desde la UGATT le solicitaron al Gobierno nacional que le otorgue un\u00a0<strong>bono de 50 mil pesos a jubilados y pensionados en el mes de diciembre.<\/strong><\/p>\n<p>En ese sentido se\u00f1alaron que: \u00abLos trabajadores y trabajadoras del transporte, tenemos bien en claro que nunca abandonaremos a los que nos hicieron qui\u00e9n somos, a los que nos dieron la vida y los valores con los que luchamos para vivir dignamente, y aspirar a una comunidad m\u00e1s justa para todos. <strong>Honrar a nuestros padres es cuidarlos, respetarlos, aceptar su autoridad y valorar sus conocimientos<\/strong> que hicieron grande a nuestra Patria\u00bb. <strong>(VW)<\/strong><\/p>\n<p>&nbsp;<\/p>\n<p>&nbsp;<\/p>\n","protected":false},"excerpt":{"rendered":"<p>La medida de fuerza \u00a0en defensa de los jubilados ser\u00e1 el martes 8 de noviembre. Piden al Gobierno un beneficio extraordinario de $50.000 para jubilados a pensionados.<\/p>\n","protected":false},"author":4,"featured_media":7838,"comment_status":"closed","ping_status":"closed","sticky":false,"template":"","format":"standard","meta":{"_monsterinsights_skip_tracking":false,"_monsterinsights_sitenote_active":false,"_monsterinsights_sitenote_note":"","_monsterinsights_sitenote_category":0,"footnotes":""},"categories":[4,5],"tags":[3256,3257,3258,3255],"class_list":["post-7836","post","type-post","status-publish","format-standard","has-post-thumbnail","hentry","category-politica","category-sociedad","tag-gremios-del-transporte","tag-paro-nacional-para-el-8-de-noviembre","tag-piden-bono-para-jubilsdos","tag-ugatt"],"_links":{"self":[{"href":"https:\/\/www.visionweb.com.ar\/index.php?rest_route=\/wp\/v2\/posts\/7836","targetHints":{"allow":["GET"]}}],"collection":[{"href":"https:\/\/www.visionweb.com.ar\/index.php?rest_route=\/wp\/v2\/posts"}],"about":[{"href":"https:\/\/www.visionweb.com.ar\/index.php?rest_route=\/wp\/v2\/types\/post"}],"author":[{"embeddable":true,"href":"https:\/\/www.visionweb.com.ar\/index.php?rest_route=\/wp\/v2\/users\/4"}],"replies":[{"embeddable":true,"href":"https:\/\/www.visionweb.com.ar\/index.php?rest_route=%2Fwp%2Fv2%2Fcomments&post=7836"}],"version-history":[{"count":2,"href":"https:\/\/www.visionweb.com.ar\/index.php?rest_route=\/wp\/v2\/posts\/7836\/revisions"}],"predecessor-version":[{"id":7839,"href":"https:\/\/www.visionweb.com.ar\/index.php?rest_route=\/wp\/v2\/posts\/7836\/revisions\/7839"}],"wp:featuredmedia":[{"embeddable":true,"href":"https:\/\/www.visionweb.com.ar\/index.php?rest_route=\/wp\/v2\/media\/7838"}],"wp:attachment":[{"href":"https:\/\/www.visionweb.com.ar\/index.php?rest_route=%2Fwp%2Fv2%2Fmedia&parent=7836"}],"wp:term":[{"taxonomy":"category","embeddable":true,"href":"https:\/\/www.visionweb.com.ar\/index.php?rest_route=%2Fwp%2Fv2%2Fcategories&post=7836"},{"taxonomy":"post_tag","embeddable":true,"href":"https:\/\/www.visionweb.com.ar\/index.php?rest_route=%2Fwp%2Fv2%2Ftags&post=7836"}],"curies":[{"name":"wp","href":"https:\/\/api.w.org\/{rel}","templated":true}]}}