{"id":7831,"date":"2022-10-21T11:57:37","date_gmt":"2022-10-21T14:57:37","guid":{"rendered":"https:\/\/www.visionweb.com.ar\/?p=7831"},"modified":"2022-10-21T11:57:37","modified_gmt":"2022-10-21T14:57:37","slug":"sequia-cristian-ritondo-pidio-la-emergencia-agropecuaria-en-la-provincia","status":"publish","type":"post","link":"https:\/\/www.visionweb.com.ar\/?p=7831","title":{"rendered":"Sequ\u00eda: Cristian Ritondo pidi\u00f3 la \u201cemergencia agropecuaria\u201d en la Provincia"},"content":{"rendered":"<p><em><strong>El Diputado<\/strong> <strong>asegur\u00f3 que por las sequ\u00edas pueden perderse entre 8.000 y 10.000 millones de d\u00f3lares en 2023.<\/strong> <strong>\u201cLa sequ\u00eda afecta a m\u00e1s de 140 millones de hect\u00e1reas en todo el pa\u00eds\u201d, dijo.<\/strong><\/em><!--more--><\/p>\n<p><strong>\u00a0 \u00a0\u00a0\u00a0\u00a0\u00a0\u00a0\u00a0\u00a0\u00a0 <img loading=\"lazy\" decoding=\"async\" class=\"size-medium wp-image-7833 alignright\" src=\"https:\/\/www.visionweb.com.ar\/wp-content\/uploads\/2022\/10\/cristian-ritondo-271x300.jpg\" alt=\"\" width=\"271\" height=\"300\" srcset=\"https:\/\/www.visionweb.com.ar\/wp-content\/uploads\/2022\/10\/cristian-ritondo-271x300.jpg 271w, https:\/\/www.visionweb.com.ar\/wp-content\/uploads\/2022\/10\/cristian-ritondo.bmp 494w\" sizes=\"auto, (max-width: 271px) 100vw, 271px\" \/>\u00a0\u00a0\u00a0\u00a0\u00a0\u00a0\u00a0E<\/strong>l diputado nacional del PRO y candidato a gobernador por Juntos por el Cambio,<strong> Cristian Ritondo<\/strong>\u00a0 pidi\u00f3 a la gesti\u00f3n de Axel Kicillof que declare la <strong>emergencia agropecuaria\u00a0en el territorio provincial<\/strong> por la sequ\u00eda que atraviesa el sector.<\/p>\n<p>En ese sentido, Ritondo pidi\u00f3 al \u00abgobernador Kicillof, <strong>declare el Estado de Emergencia Agropecuaria, exima a los productores del pago del impuesto inmobiliario y condone las deudas de este impuesto de los \u00faltimos dos a\u00f1os<\/strong>\u00ab.<\/p>\n<p>\u00abEl kirchnerismo contin\u00faa aferrado a un discurso que trata al campo como un enemigo, a pesar de ser el sector que genera los mayores ingresos genuinos de divisas, que incluso permiten sostener la ayuda social a millones de argentinos que la est\u00e1n pasando muy mal\u00bb, sostuvo el jefe de bloque PRO en la C\u00e1mara de Diputados.<\/p>\n<p>En ese sentido, el Diputado nacional, anticip\u00f3 que: \u201cEsta crisis puede provocar que para mediados de 2023 ingresen al pa\u00eds en 8 y 10 mil millones de d\u00f3lares menos. S\u00f3lo en trigo se calcula una p\u00e9rdida de unos 2.000 millones de d\u00f3lares\u201d.<\/p>\n<p>\u00abTambi\u00e9n proponemos que el gobernador tenga en cuenta los beneficios que se contemplan en la Ley 10.390 a los efectos de llevar un alivio a los damnificados\u00bb, a\u00f1adi\u00f3 el legislador.<\/p>\n<p><a href=\"https:\/\/www.visionweb.com.ar\/wp-content\/uploads\/2022\/10\/campo-emergencia-agrop-sequia.bmp\"><img loading=\"lazy\" decoding=\"async\" class=\"size-medium wp-image-7834 alignleft\" src=\"https:\/\/www.visionweb.com.ar\/wp-content\/uploads\/2022\/10\/campo-emergencia-agrop-sequia-300x120.jpg\" alt=\"\" width=\"300\" height=\"120\" srcset=\"https:\/\/www.visionweb.com.ar\/wp-content\/uploads\/2022\/10\/campo-emergencia-agrop-sequia-300x120.jpg 300w, https:\/\/www.visionweb.com.ar\/wp-content\/uploads\/2022\/10\/campo-emergencia-agrop-sequia-768x306.jpg 768w, https:\/\/www.visionweb.com.ar\/wp-content\/uploads\/2022\/10\/campo-emergencia-agrop-sequia.bmp 868w\" sizes=\"auto, (max-width: 300px) 100vw, 300px\" \/><\/a>A la vez, desde el entorno del PRO, subrayaron que<strong>\u00a0\u201c<\/strong><strong>la pr\u00f3xima cosecha de trigo tendr\u00e1 una ca\u00edda de m\u00e1s de 5 millones de toneladas, mientras que el ma\u00edz tendr\u00e1 una merma del 20 por ciento en su producci\u00f3n<\/strong>. Esto le costar\u00eda al Estado p\u00e9rdidas de alrededor de 5 mil millones de d\u00f3lares\u201d. <strong>(VW)<\/strong><\/p>\n<p>&nbsp;<\/p>\n","protected":false},"excerpt":{"rendered":"<p>El Diputado asegur\u00f3 que por las sequ\u00edas pueden perderse entre 8.000 y 10.000 millones de d\u00f3lares en 2023. \u201cLa sequ\u00eda afecta a m\u00e1s de 140 millones de hect\u00e1reas en todo el pa\u00eds\u201d, dijo.<\/p>\n","protected":false},"author":4,"featured_media":7834,"comment_status":"closed","ping_status":"closed","sticky":false,"template":"","format":"standard","meta":{"_monsterinsights_skip_tracking":false,"_monsterinsights_sitenote_active":false,"_monsterinsights_sitenote_note":"","_monsterinsights_sitenote_category":0,"footnotes":""},"categories":[6,4],"tags":[3253,167,3254,545,356],"class_list":["post-7831","post","type-post","status-publish","format-standard","has-post-thumbnail","hentry","category-economia","category-politica","tag-cristian-ritondo","tag-kicillof","tag-pidio-emergencia-agropecuaria","tag-pro","tag-provincia"],"_links":{"self":[{"href":"https:\/\/www.visionweb.com.ar\/index.php?rest_route=\/wp\/v2\/posts\/7831","targetHints":{"allow":["GET"]}}],"collection":[{"href":"https:\/\/www.visionweb.com.ar\/index.php?rest_route=\/wp\/v2\/posts"}],"about":[{"href":"https:\/\/www.visionweb.com.ar\/index.php?rest_route=\/wp\/v2\/types\/post"}],"author":[{"embeddable":true,"href":"https:\/\/www.visionweb.com.ar\/index.php?rest_route=\/wp\/v2\/users\/4"}],"replies":[{"embeddable":true,"href":"https:\/\/www.visionweb.com.ar\/index.php?rest_route=%2Fwp%2Fv2%2Fcomments&post=7831"}],"version-history":[{"count":2,"href":"https:\/\/www.visionweb.com.ar\/index.php?rest_route=\/wp\/v2\/posts\/7831\/revisions"}],"predecessor-version":[{"id":7835,"href":"https:\/\/www.visionweb.com.ar\/index.php?rest_route=\/wp\/v2\/posts\/7831\/revisions\/7835"}],"wp:featuredmedia":[{"embeddable":true,"href":"https:\/\/www.visionweb.com.ar\/index.php?rest_route=\/wp\/v2\/media\/7834"}],"wp:attachment":[{"href":"https:\/\/www.visionweb.com.ar\/index.php?rest_route=%2Fwp%2Fv2%2Fmedia&parent=7831"}],"wp:term":[{"taxonomy":"category","embeddable":true,"href":"https:\/\/www.visionweb.com.ar\/index.php?rest_route=%2Fwp%2Fv2%2Fcategories&post=7831"},{"taxonomy":"post_tag","embeddable":true,"href":"https:\/\/www.visionweb.com.ar\/index.php?rest_route=%2Fwp%2Fv2%2Ftags&post=7831"}],"curies":[{"name":"wp","href":"https:\/\/api.w.org\/{rel}","templated":true}]}}