{"id":7827,"date":"2022-10-21T11:15:20","date_gmt":"2022-10-21T14:15:20","guid":{"rendered":"https:\/\/www.visionweb.com.ar\/?p=7827"},"modified":"2022-10-21T11:15:20","modified_gmt":"2022-10-21T14:15:20","slug":"presupuesto-2023-hubo-dictamen-en-diputados-y-se-tratara-el-martes-25","status":"publish","type":"post","link":"https:\/\/www.visionweb.com.ar\/?p=7827","title":{"rendered":"Presupuesto 2023: Hubo dictamen \u00a0en Diputados y se tratar\u00e1 el martes 25"},"content":{"rendered":"<p><em><strong>La oposici\u00f3n no pudo con el art\u00edculo que habla de derechos de exportaci\u00f3n en la comisi\u00f3n, y el Gobierno logr\u00f3 conservar la facultad para modificar retenciones. La discusi\u00f3n pasa al recinto.<\/strong><\/em><!--more--><\/p>\n<div id=\"attachment_7829\" style=\"width: 310px\" class=\"wp-caption alignright\"><img loading=\"lazy\" decoding=\"async\" aria-describedby=\"caption-attachment-7829\" class=\"wp-image-7829 size-medium\" src=\"https:\/\/www.visionweb.com.ar\/wp-content\/uploads\/2022\/10\/Presupuesto-2023-Carlos-Heller-presidente-cominsion-diput-300x179.jpg\" alt=\"\" width=\"300\" height=\"179\" srcset=\"https:\/\/www.visionweb.com.ar\/wp-content\/uploads\/2022\/10\/Presupuesto-2023-Carlos-Heller-presidente-cominsion-diput-300x179.jpg 300w, https:\/\/www.visionweb.com.ar\/wp-content\/uploads\/2022\/10\/Presupuesto-2023-Carlos-Heller-presidente-cominsion-diput-768x458.jpg 768w, https:\/\/www.visionweb.com.ar\/wp-content\/uploads\/2022\/10\/Presupuesto-2023-Carlos-Heller-presidente-cominsion-diput.bmp 786w\" sizes=\"auto, (max-width: 300px) 100vw, 300px\" \/><p id=\"caption-attachment-7829\" class=\"wp-caption-text\">Presidente de Comisi\u00f3n Diputados, Carlos Heller. (Foto: internet)<\/p><\/div>\n<p><strong>E<\/strong>l Frente de Todos de la C\u00e1mara de Diputados consigui\u00f3 emitir\u00a0<strong>dictamen de mayor\u00eda para el proyecto de Presupuesto 2023 <\/strong>con el respaldo de bloques provinciales, y ahora deber\u00e1 discutirse en el recinto el pr\u00f3ximo 25 de octubre.<\/p>\n<p>El oficialismo, entre otros puntos,\u00a0<strong>acept\u00f3 incorporar una cl\u00e1usula<\/strong>\u00a0como ped\u00eda Juntos por el Cambio por si se supera la pauta de inflaci\u00f3n o de recaudaci\u00f3n, se env\u00ede un <strong>proyecto de ampliaci\u00f3n de los gastos y recursos<\/strong>.<\/p>\n<p>El pr\u00f3ximo lunes se reunir\u00e1n los presidentes de bloque, en Labor Parlamentaria para diagramar la sesi\u00f3n del martes. El objetivo es obtener entre martes y mi\u00e9rcoles la<strong>\u00a0<\/strong><strong>media sanci\u00f3n<\/strong>\u00a0para permitir que el <strong>Senado tenga el tiempo<\/strong> necesario para convertir en ley este proyecto antes del 30 de noviembre.<\/p>\n<p>En cuanto a los n\u00fameros, el proyecto estima un gasto total de casi $29 billones, con una recaudaci\u00f3n aproximada de $22,5 billones y un d\u00e9ficit primario de $6,3 billones.<\/p>\n<p>Adem\u00e1s contempla un\u00a0aumento del consumo privado\u00a0estimado en 2,2% y la inversi\u00f3n en 2,9%, en tanto en materia de financiamiento se busca reducir la asistencia monetaria del Banco Central al Tesoro.<\/p>\n<p>Con respecto a la\u00a0<strong>distribuci\u00f3n del gasto<\/strong>, el proyecto contempla destinar a la Administraci\u00f3n Gubernamental $1,6 billones, a Servicios de Defensa y Seguridad $1,2 billones, a <strong>gastos sociales $18 billones<\/strong>, servicios econ\u00f3micos $4,5 billones y a deuda p\u00fablica $2,9 billones, lo que implica casi $29 billones.<\/p>\n<p>Contempla un\u00a0<strong>aumento en las exportaciones<\/strong>\u00a0de 7,1% contra importaciones que se incrementar\u00edan el a\u00f1o pr\u00f3ximo 2%, y de esta manera, el super\u00e1vit comercial pasar\u00eda de US$ 7.700 millones este a\u00f1o a US$ 12.300 millones en 2023.<\/p>\n<p>En el recinto, el diputado <strong>Carlos Heller<\/strong> del Frente de Todos detall\u00f3 las incorporaciones que surgieron del debate: \u201cSe enviar\u00e1 una ley complementaria al Congreso para determinar un nuevo c\u00e1lculo para el cuarto trimestre, si llega a surgir alguna modificaci\u00f3n respecto a la meta anual planteada por el Presupuesto; se agregan ampliaciones de partidas en distintos rubros; se incrementa el Fondo para la provincia de Rioja; se modifica la <strong>exenci\u00f3n del<\/strong>\u00a0<strong>pago del impuesto a las ganancias para el Poder Judicial;<\/strong>\u00a0y se crea la tasa de seguridad de aviaci\u00f3n; entre otros\u201d.<\/p>\n<p>Con respecto a las <strong>retenciones<\/strong>, este punto <strong>no se modific\u00f3<\/strong> y el oficialismo llega al recinto con la posibilidad de conservar la facultad.\u00a0 Desde el ingreso de la ley de leyes a la C\u00e1mara baja, el cuerpo legislativo de la oposici\u00f3n discuti\u00f3 y plante\u00f3 inconsistencias en el tema retenciones. Este jueves, la comisi\u00f3n discuti\u00f3 el proyecto, pero finalmente el oficialismo logr\u00f3 el dictamen.<\/p>\n<p>Al respecto, el vicepresidente de la comisi\u00f3n de Presupuesto y legislador del PRO, Luciano Laspina, manifest\u00f3 que el Congreso debe clarificar qu\u00e9 est\u00e1 pasando en materia de retenciones. Adem\u00e1s, aclar\u00f3 que desde el interbloque\u00a0<strong>exigen garant\u00edas y la condici\u00f3n de que no van a subir.<\/strong><\/p>\n<p>\u201cM\u00e1s all\u00e1 del compromiso de la Secretar\u00eda de Agricultura, creemos que tenemos el deber de clarificar esto, por lo que vamos a\u00a0<strong>proponer retrotraer las retenciones al 31 de diciembre de 2019\u201d,<\/strong>\u00a0sostuvo Laspina.<\/p>\n<p>A la hora de votar se enumeraron las modificaciones al proyecto, pero las retenciones no aparecieron. Ante este escenario, Juntos por el Cambio no acompa\u00f1\u00f3 el dictamen y se fij\u00f3 que el tratamiento en el recinto ser\u00e1 el martes en Diputados. <strong>(VW)<\/strong><\/p>\n<p>&nbsp;<\/p>\n","protected":false},"excerpt":{"rendered":"<p>La oposici\u00f3n no pudo con el art\u00edculo que habla de derechos de exportaci\u00f3n en la comisi\u00f3n, y el Gobierno logr\u00f3 conservar la facultad para modificar retenciones. La discusi\u00f3n pasa al recinto.<\/p>\n","protected":false},"author":4,"featured_media":7829,"comment_status":"closed","ping_status":"closed","sticky":false,"template":"","format":"standard","meta":{"_monsterinsights_skip_tracking":false,"_monsterinsights_sitenote_active":false,"_monsterinsights_sitenote_note":"","_monsterinsights_sitenote_category":0,"footnotes":""},"categories":[6,4],"tags":[3252,1913,143,2994,3251,3250],"class_list":["post-7827","post","type-post","status-publish","format-standard","has-post-thumbnail","hentry","category-economia","category-politica","tag-carlos-heller","tag-dictamen","tag-diputados","tag-presupuesto-2023","tag-rtenciones","tag-sesion-25-de-octubre"],"_links":{"self":[{"href":"https:\/\/www.visionweb.com.ar\/index.php?rest_route=\/wp\/v2\/posts\/7827","targetHints":{"allow":["GET"]}}],"collection":[{"href":"https:\/\/www.visionweb.com.ar\/index.php?rest_route=\/wp\/v2\/posts"}],"about":[{"href":"https:\/\/www.visionweb.com.ar\/index.php?rest_route=\/wp\/v2\/types\/post"}],"author":[{"embeddable":true,"href":"https:\/\/www.visionweb.com.ar\/index.php?rest_route=\/wp\/v2\/users\/4"}],"replies":[{"embeddable":true,"href":"https:\/\/www.visionweb.com.ar\/index.php?rest_route=%2Fwp%2Fv2%2Fcomments&post=7827"}],"version-history":[{"count":2,"href":"https:\/\/www.visionweb.com.ar\/index.php?rest_route=\/wp\/v2\/posts\/7827\/revisions"}],"predecessor-version":[{"id":7830,"href":"https:\/\/www.visionweb.com.ar\/index.php?rest_route=\/wp\/v2\/posts\/7827\/revisions\/7830"}],"wp:featuredmedia":[{"embeddable":true,"href":"https:\/\/www.visionweb.com.ar\/index.php?rest_route=\/wp\/v2\/media\/7829"}],"wp:attachment":[{"href":"https:\/\/www.visionweb.com.ar\/index.php?rest_route=%2Fwp%2Fv2%2Fmedia&parent=7827"}],"wp:term":[{"taxonomy":"category","embeddable":true,"href":"https:\/\/www.visionweb.com.ar\/index.php?rest_route=%2Fwp%2Fv2%2Fcategories&post=7827"},{"taxonomy":"post_tag","embeddable":true,"href":"https:\/\/www.visionweb.com.ar\/index.php?rest_route=%2Fwp%2Fv2%2Ftags&post=7827"}],"curies":[{"name":"wp","href":"https:\/\/api.w.org\/{rel}","templated":true}]}}