{"id":7795,"date":"2022-10-20T09:41:05","date_gmt":"2022-10-20T12:41:05","guid":{"rendered":"https:\/\/www.visionweb.com.ar\/?p=7795"},"modified":"2022-10-20T09:41:05","modified_gmt":"2022-10-20T12:41:05","slug":"lanus-tuvo-su-caminata-octubre-rosa","status":"publish","type":"post","link":"https:\/\/www.visionweb.com.ar\/?p=7795","title":{"rendered":"Lan\u00fas tuvo su \u201cCaminata Octubre Rosa\u201d"},"content":{"rendered":"<p><em><strong>M\u00e1s de 300 personas participaron de la caminata por la concientizaci\u00f3n del c\u00e1ncer de mama, que se realiz\u00f3 por primera vez en el distrito.<\/strong><\/em><!--more--><\/p>\n<div id=\"attachment_7797\" style=\"width: 310px\" class=\"wp-caption alignright\"><img loading=\"lazy\" decoding=\"async\" aria-describedby=\"caption-attachment-7797\" class=\"wp-image-7797 size-medium\" src=\"https:\/\/www.visionweb.com.ar\/wp-content\/uploads\/2022\/10\/caminata-lanus-dia-cancer-mama2022-300x168.jpg\" alt=\"\" width=\"300\" height=\"168\" srcset=\"https:\/\/www.visionweb.com.ar\/wp-content\/uploads\/2022\/10\/caminata-lanus-dia-cancer-mama2022-300x168.jpg 300w, https:\/\/www.visionweb.com.ar\/wp-content\/uploads\/2022\/10\/caminata-lanus-dia-cancer-mama2022-768x431.jpg 768w, https:\/\/www.visionweb.com.ar\/wp-content\/uploads\/2022\/10\/caminata-lanus-dia-cancer-mama2022.jpg 807w\" sizes=\"auto, (max-width: 300px) 100vw, 300px\" \/><p id=\"caption-attachment-7797\" class=\"wp-caption-text\">Caminata de concienciaci\u00f3n octubre rosa sobre la calle 9 de Julio. (Foto: Prensa de Lan\u00fas)<\/p><\/div>\n<p><strong>\u00a0\u00a0\u00a0\u00a0\u00a0\u00a0\u00a0\u00a0 \u00a0\u00a0\u00a0\u00a0 E<\/strong>n el <em>D\u00eda Internacional de la Prevenci\u00f3n del C\u00e1ncer de Mama<\/em> y con la presencia del jefe de Gabinete Diego Kravetz, el Municipio en conjunto con <strong>LALCEC Lan\u00fas<\/strong>, realiz\u00f3 ayer una caminata de concientizaci\u00f3n y sensibilizaci\u00f3n en el Centro Comercial 9 de julio.<\/p>\n<p>La caminata se dio en el marco de las instancias de prevenci\u00f3n y promoci\u00f3n de h\u00e1bitos saludables, donde los y las vecinas de la comuna participaron de forma libre y gratuita, inform\u00f3 Prensa de Lan\u00fas.<\/p>\n<p>En las intersecciones de la calle 9 de julio y Anatole France (Lan\u00fas Este), se cont\u00f3 con gazebos, donde se recepcion\u00f3 y registr\u00f3 a m\u00e1s de 300 personas, colocando un lazo rosa.<\/p>\n<p>La caminata fue desde all\u00ed hasta la puerta del Honorable Concejo Deliberante (Avenida 9 de Julio 1600). Al llegar, tambi\u00e9n se encontraban los gazebos con agua mineral y folleter\u00eda de concientizaci\u00f3n sobre el c\u00e1ncer de mama para los presentes.<\/p>\n<p>Adem\u00e1s, se cont\u00f3 con la participaci\u00f3n del <strong>Municipio en tu Barrio<\/strong>, el cual se encontraba ejerciendo funciones desde las 10:00 hs, hasta las 13:30 hs, con una edici\u00f3n tem\u00e1tica, m\u00e1s todas las \u00e1reas que habitualmente est\u00e1n presentes en los operativos.<\/p>\n<p>El equipo de LALCEC Lan\u00fas (Liga Argentina de Lucha Contra el C\u00e1ncer de Mama) tambi\u00e9n particip\u00f3 con un gazebo, donde se dio informaci\u00f3n y asesoramiento.<\/p>\n<p>A la vez, el \u00e1rea de Salud del Municipio brind\u00f3:<\/p>\n<p>-Salud sexual y reproductiva<br \/>\n-Autoexamen mamario<br \/>\n-Turnos protegidos para mamograf\u00eda y controles ginecol\u00f3gicos<br \/>\n-Toma de glucemia y TA.<\/p>\n<p>El c\u00e1ncer de mama es una de las pocas enfermedades cancerosas que se pueden diagnosticar precozmente; es decir, antes de que se note alg\u00fan s\u00edntoma. Las posibilidades de curaci\u00f3n de los c\u00e1nceres de mama que se detectan en su etapa inicial son pr\u00e1cticamente del 95%. La t\u00e9cnica utilizada y mundialmente aceptada es la mamograf\u00eda.<\/p>\n<p>Durante el mes de octubre, <strong>LALCEC realizar\u00e1 mamograf\u00edas en forma gratuita<\/strong>. Ante cualquier consulta, acercarse a la Sede LALCEC Lan\u00fas (Ituzaing\u00f3 1829, Lan\u00fas Este) y\/o comunicarse al 4784-7979<\/p>\n<p>Junto a Kravetz, estuvieron presentes la secretaria de Desarrollo Social, Noelia Quindimil y el secretario de Espacio P\u00fablico, Gast\u00f3n Cochello, entre otros. <strong>(VW)<\/strong><\/p>\n<p>&nbsp;<\/p>\n","protected":false},"excerpt":{"rendered":"<p>M\u00e1s de 300 personas participaron de la caminata por la concientizaci\u00f3n del c\u00e1ncer de mama, que se realiz\u00f3 por primera vez en el distrito.<\/p>\n","protected":false},"author":4,"featured_media":7797,"comment_status":"closed","ping_status":"closed","sticky":false,"template":"","format":"standard","meta":{"_monsterinsights_skip_tracking":false,"_monsterinsights_sitenote_active":false,"_monsterinsights_sitenote_note":"","_monsterinsights_sitenote_category":0,"footnotes":""},"categories":[8,5],"tags":[3234,3235,241,3236,2695],"class_list":["post-7795","post","type-post","status-publish","format-standard","has-post-thumbnail","hentry","category-interes-general","category-sociedad","tag-caminata-lanus-octubre-rosa","tag-dia-prevencion-cancer-de-mama","tag-kravetz","tag-lalcec-lanus","tag-noelia-quindimil"],"_links":{"self":[{"href":"https:\/\/www.visionweb.com.ar\/index.php?rest_route=\/wp\/v2\/posts\/7795","targetHints":{"allow":["GET"]}}],"collection":[{"href":"https:\/\/www.visionweb.com.ar\/index.php?rest_route=\/wp\/v2\/posts"}],"about":[{"href":"https:\/\/www.visionweb.com.ar\/index.php?rest_route=\/wp\/v2\/types\/post"}],"author":[{"embeddable":true,"href":"https:\/\/www.visionweb.com.ar\/index.php?rest_route=\/wp\/v2\/users\/4"}],"replies":[{"embeddable":true,"href":"https:\/\/www.visionweb.com.ar\/index.php?rest_route=%2Fwp%2Fv2%2Fcomments&post=7795"}],"version-history":[{"count":2,"href":"https:\/\/www.visionweb.com.ar\/index.php?rest_route=\/wp\/v2\/posts\/7795\/revisions"}],"predecessor-version":[{"id":7798,"href":"https:\/\/www.visionweb.com.ar\/index.php?rest_route=\/wp\/v2\/posts\/7795\/revisions\/7798"}],"wp:featuredmedia":[{"embeddable":true,"href":"https:\/\/www.visionweb.com.ar\/index.php?rest_route=\/wp\/v2\/media\/7797"}],"wp:attachment":[{"href":"https:\/\/www.visionweb.com.ar\/index.php?rest_route=%2Fwp%2Fv2%2Fmedia&parent=7795"}],"wp:term":[{"taxonomy":"category","embeddable":true,"href":"https:\/\/www.visionweb.com.ar\/index.php?rest_route=%2Fwp%2Fv2%2Fcategories&post=7795"},{"taxonomy":"post_tag","embeddable":true,"href":"https:\/\/www.visionweb.com.ar\/index.php?rest_route=%2Fwp%2Fv2%2Ftags&post=7795"}],"curies":[{"name":"wp","href":"https:\/\/api.w.org\/{rel}","templated":true}]}}