{"id":7788,"date":"2022-10-20T09:24:26","date_gmt":"2022-10-20T12:24:26","guid":{"rendered":"https:\/\/www.visionweb.com.ar\/?p=7788"},"modified":"2022-10-20T13:52:26","modified_gmt":"2022-10-20T16:52:26","slug":"este-sabado-se-realiza-la-noche-de-los-museos","status":"publish","type":"post","link":"https:\/\/www.visionweb.com.ar\/?p=7788","title":{"rendered":"Este s\u00e1bado se realiza \u00abLa noche de los museos\u00bb"},"content":{"rendered":"<p><strong><em>Es un momento de celebraci\u00f3n en el que los museos, edificios emblem\u00e1ticos y espacios culturales de todas las comunas.<\/em><\/strong><!--more--><\/p>\n<p><strong>\u00a0 \u00a0 \u00a0 \u00a0 <img loading=\"lazy\" decoding=\"async\" class=\"size-medium wp-image-7789 alignright\" src=\"https:\/\/www.visionweb.com.ar\/wp-content\/uploads\/2022\/10\/NOCHE-DE-LOS-MUSEOS-DOS-300x200.png\" alt=\"\" width=\"300\" height=\"200\" srcset=\"https:\/\/www.visionweb.com.ar\/wp-content\/uploads\/2022\/10\/NOCHE-DE-LOS-MUSEOS-DOS-300x200.png 300w, https:\/\/www.visionweb.com.ar\/wp-content\/uploads\/2022\/10\/NOCHE-DE-LOS-MUSEOS-DOS.png 640w\" sizes=\"auto, (max-width: 300px) 100vw, 300px\" \/>\u00a0E<\/strong>ste s\u00e1bado,\u00a0 22 de octubre, de 19 a 02 h llega el encuentro cultural m\u00e1s esperado de la Ciudad \u00a1y vas a poder disfrutarlo en m\u00e1s de 270 espacios y museos.<\/p>\n<p>En esta 18\u00b0 edici\u00f3n los museos presentar\u00e1n exhibiciones y actividades relacionadas al arte y la naturaleza, la situaci\u00f3n clim\u00e1tica, medio ambiente y sustentabilidad, apoyando la concientizaci\u00f3n con los temas que trabaja la cumbre de C40.<\/p>\n<p>Organizada por el Gobierno de la Ciudad de Buenos Aires,\u00a0<strong>La Noche de los Museos<\/strong> es el evento cultural m\u00e1s esperado del a\u00f1o. Es el reflejo de la enorme propuesta cultural que tiene la Ciudad, consigno el Gobierno de la Ciudad.<\/p>\n<p>Es un momento de celebraci\u00f3n en el que los museos, edificios emblem\u00e1ticos y espacios culturales de todas las comunas, abren sus puertas en horario no habitual, de manera gratuita con una programaci\u00f3n especial.<\/p>\n<p>La 18\u00b0 edici\u00f3n de\u00a0<strong>La Noche de los Museos<\/strong>\u00a0se realizar\u00e1 enfocada en los temas abordados por la\u00a0<em>Cumbre Global de Alcaldes de C40<\/em>, un encuentro que re\u00fane a representantes de todo el mundo que trabajan sobre el rol de los gobiernos locales para enfrentar el cambio clim\u00e1tico.<\/p>\n<p><img loading=\"lazy\" decoding=\"async\" class=\"size-medium wp-image-7790 alignleft\" src=\"https:\/\/www.visionweb.com.ar\/wp-content\/uploads\/2022\/10\/NOCHE-DE-LOS-MUSEOS-UNO-300x200.png\" alt=\"\" width=\"300\" height=\"200\" srcset=\"https:\/\/www.visionweb.com.ar\/wp-content\/uploads\/2022\/10\/NOCHE-DE-LOS-MUSEOS-UNO-300x200.png 300w, https:\/\/www.visionweb.com.ar\/wp-content\/uploads\/2022\/10\/NOCHE-DE-LOS-MUSEOS-UNO.png 640w\" sizes=\"auto, (max-width: 300px) 100vw, 300px\" \/>M\u00e1s de 230 sedes se alinear\u00e1n al objetivo de este encuentro con iniciativas que invitar\u00e1n a reflexionar sobre la sustentabilidad, la relaci\u00f3n entre arte y naturaleza, y las consecuencias de la problem\u00e1tica ambiental y clim\u00e1tica que atraviesa el mundo.<\/p>\n<p>Habr\u00e1 exhibiciones y actividades de 19 a 02 horas. Son siete horas en las que se podr\u00e1 vivir y respirar la cultura porte\u00f1a, como en ning\u00fan otro momento del a\u00f1o.<\/p>\n<p>Los transportes tambi\u00e9n se suman a la propuesta para que el p\u00fablico pueda trasladarse por toda la Ciudad. Vecinos y turistas van a poder acercarse en subtes (todas las l\u00edneas y el premetro desde las 19 hasta el cierre) y los colectivos que tengan la se\u00f1alizaci\u00f3n en sus unidades, de manera gratuita, mostrando el \u201cpase libre\u201d que se descarga de\u00a0<strong>BOTI<\/strong>.<\/p>\n<p>Adem\u00e1s, habr\u00e1 m\u00e1s de 2300 bicicletas gratuitas, por esa noche, dispuestas por toda la ciudad en las estaciones de las Ecobici<strong>(VW)<\/strong>.<img loading=\"lazy\" decoding=\"async\" class=\"size-medium wp-image-7791 alignright\" src=\"https:\/\/www.visionweb.com.ar\/wp-content\/uploads\/2022\/10\/NOCHE-DE-LOS-MUESOS-TRES-300x200.png\" alt=\"\" width=\"300\" height=\"200\" srcset=\"https:\/\/www.visionweb.com.ar\/wp-content\/uploads\/2022\/10\/NOCHE-DE-LOS-MUESOS-TRES-300x200.png 300w, https:\/\/www.visionweb.com.ar\/wp-content\/uploads\/2022\/10\/NOCHE-DE-LOS-MUESOS-TRES.png 640w\" sizes=\"auto, (max-width: 300px) 100vw, 300px\" \/><\/p>\n","protected":false},"excerpt":{"rendered":"<p>Es un momento de celebraci\u00f3n en el que los museos, edificios emblem\u00e1ticos y espacios culturales de todas las comunas.<\/p>\n","protected":false},"author":3,"featured_media":7789,"comment_status":"closed","ping_status":"closed","sticky":false,"template":"","format":"standard","meta":{"_monsterinsights_skip_tracking":false,"_monsterinsights_sitenote_active":false,"_monsterinsights_sitenote_note":"","_monsterinsights_sitenote_category":0,"footnotes":""},"categories":[8],"tags":[3244,330,3243,2849],"class_list":["post-7788","post","type-post","status-publish","format-standard","has-post-thumbnail","hentry","category-interes-general","tag-c40","tag-caba","tag-museos","tag-noche"],"_links":{"self":[{"href":"https:\/\/www.visionweb.com.ar\/index.php?rest_route=\/wp\/v2\/posts\/7788","targetHints":{"allow":["GET"]}}],"collection":[{"href":"https:\/\/www.visionweb.com.ar\/index.php?rest_route=\/wp\/v2\/posts"}],"about":[{"href":"https:\/\/www.visionweb.com.ar\/index.php?rest_route=\/wp\/v2\/types\/post"}],"author":[{"embeddable":true,"href":"https:\/\/www.visionweb.com.ar\/index.php?rest_route=\/wp\/v2\/users\/3"}],"replies":[{"embeddable":true,"href":"https:\/\/www.visionweb.com.ar\/index.php?rest_route=%2Fwp%2Fv2%2Fcomments&post=7788"}],"version-history":[{"count":4,"href":"https:\/\/www.visionweb.com.ar\/index.php?rest_route=\/wp\/v2\/posts\/7788\/revisions"}],"predecessor-version":[{"id":7811,"href":"https:\/\/www.visionweb.com.ar\/index.php?rest_route=\/wp\/v2\/posts\/7788\/revisions\/7811"}],"wp:featuredmedia":[{"embeddable":true,"href":"https:\/\/www.visionweb.com.ar\/index.php?rest_route=\/wp\/v2\/media\/7789"}],"wp:attachment":[{"href":"https:\/\/www.visionweb.com.ar\/index.php?rest_route=%2Fwp%2Fv2%2Fmedia&parent=7788"}],"wp:term":[{"taxonomy":"category","embeddable":true,"href":"https:\/\/www.visionweb.com.ar\/index.php?rest_route=%2Fwp%2Fv2%2Fcategories&post=7788"},{"taxonomy":"post_tag","embeddable":true,"href":"https:\/\/www.visionweb.com.ar\/index.php?rest_route=%2Fwp%2Fv2%2Ftags&post=7788"}],"curies":[{"name":"wp","href":"https:\/\/api.w.org\/{rel}","templated":true}]}}