{"id":7785,"date":"2022-10-20T08:00:06","date_gmt":"2022-10-20T11:00:06","guid":{"rendered":"https:\/\/www.visionweb.com.ar\/?p=7785"},"modified":"2022-10-19T19:42:17","modified_gmt":"2022-10-19T22:42:17","slug":"este-viernes-entrara-en-vigencia-el-programa-ahora-30","status":"publish","type":"post","link":"https:\/\/www.visionweb.com.ar\/?p=7785","title":{"rendered":"Este viernes entrar\u00e1 en vigencia el programa \u00abAhora 30\u00bb"},"content":{"rendered":"<p><em><strong>Pensado en un principio para la compra de televisores en 30 cuotas, incentivado por el mundial, se ampli\u00f3 a la compra de electrodom\u00e9sticos.<\/strong><\/em> <!--more--><\/p>\n<div id=\"attachment_7786\" style=\"width: 310px\" class=\"wp-caption alignright\"><img loading=\"lazy\" decoding=\"async\" aria-describedby=\"caption-attachment-7786\" class=\"wp-image-7786 size-medium\" src=\"https:\/\/www.visionweb.com.ar\/wp-content\/uploads\/2022\/10\/FERNANDEZ-PLAN-AHORA-30-300x195.png\" alt=\"\" width=\"300\" height=\"195\" srcset=\"https:\/\/www.visionweb.com.ar\/wp-content\/uploads\/2022\/10\/FERNANDEZ-PLAN-AHORA-30-300x195.png 300w, https:\/\/www.visionweb.com.ar\/wp-content\/uploads\/2022\/10\/FERNANDEZ-PLAN-AHORA-30-768x500.png 768w, https:\/\/www.visionweb.com.ar\/wp-content\/uploads\/2022\/10\/FERNANDEZ-PLAN-AHORA-30.png 800w\" sizes=\"auto, (max-width: 300px) 100vw, 300px\" \/><p id=\"caption-attachment-7786\" class=\"wp-caption-text\"><strong><em>El Presidente Fern\u00e1ndez y el Ministro Massa ultiman detalles del nuevo programa de compras (Foto: Prensa Presidencia de la Naci\u00f3n) <\/em><\/strong><\/p><\/div>\n<p><strong>\u00a0 \u00a0 \u00a0 \u00a0E<\/strong>l Gobierno, desde el ministerio de Econom\u00eda se pondr\u00e1 en marcha este viernes el programa \u00abAhora 30\u00bb,\u00a0 que permitir\u00e1 a los ciudadanos comprar electrodom\u00e9sticos en 30 cuotas fijas, con una tasa de inter\u00e9s de 48 por ciento anual, 27 puntos porcentuales por debajo de la tasa nominal de pol\u00edtica monetaria.<\/p>\n<p>El plan est\u00e1 destinado a financiar en 30 cuotas fijas la compra de \u201cheladeras, lavarropas, celulares, aires acondicionados y televisores\u201d, seg\u00fan confirm\u00f3 el propio Alberto Fern\u00e1ndez, y con un tope que ser\u00eda de $200.000, en el marco de un acuerdo con fabricantes, cadenas de retail y supermercados.<\/p>\n<p>Se incluir\u00e1n \u00fanicamente \u201cproductos que sean de bajo consumo, permitiendo el ahorro energ\u00e9tico, y de producci\u00f3n nacional, alentando el crecimiento de nuestra industria\u201d, a\u00f1adi\u00f3 el presidente en su cuenta de Twitter.<\/p>\n<p>Adem\u00e1s, el mandatario adelant\u00f3 que en el caso de los jubilados el plan mantendr\u00e1 la tasa pero se extender\u00e1 el plazo hasta los 42 meses.<\/p>\n<p>En el caso de los aires acondicionados, el objetivo de la medida es promover la incorporaci\u00f3n de tecnolog\u00edas eficientes que permitan generar un ahorro energ\u00e9tico.<\/p>\n<p>El programa Ahora 30 tendr\u00e1 costo fiscal para el Estado, ya que la tasa de inter\u00e9s subsidiada la financiar\u00e1n los bancos hasta alcanzar un gasto total de $100.000 millones.<\/p>\n<p>Esta medida permitir\u00e1 volver a financiar a tasa subsidiada la compra de celulares, rubro que se elimin\u00f3 de Ahora 12 en octubre de 2020, y renueva la posibilidad de financiar en 30 cuotas, opci\u00f3n que estuvo incluida en el programa Ahora 12 hasta febrero de este a\u00f1o y luego se elimin\u00f3.<\/p>\n<p>La Secretar\u00eda de Comercio se\u00f1al\u00f3 que el programa no se enmarca en el plan Ahora 12, porque tendr\u00e1 una duraci\u00f3n que se extender\u00e1 desde su inicio hasta fin de a\u00f1o, y en principio no se renovar\u00e1.<\/p>\n<p>Hasta febrero de este a\u00f1o, Ahora 12 inclu\u00eda el plazo de financiamiento en 30 cuotas, pero en esa renovaci\u00f3n esta opci\u00f3n se suprimi\u00f3 y se mantuvieron los planes de 3, 6, 12, 18 y 24 cuotas.<\/p>\n<p>Con este nuevo plan el Gobierno nacional espera que se comercialicen unas 500.000 unidades entre televisores, celulares y aires acondicionados <strong>(VW).<\/strong><\/p>\n","protected":false},"excerpt":{"rendered":"<p>Pensado en un principio para la compra de televisores en 30 cuotas, incentivado por el mundial, se ampli\u00f3 a la compra de electrodom\u00e9sticos.<\/p>\n","protected":false},"author":3,"featured_media":7786,"comment_status":"closed","ping_status":"closed","sticky":false,"template":"","format":"standard","meta":{"_monsterinsights_skip_tracking":false,"_monsterinsights_sitenote_active":false,"_monsterinsights_sitenote_note":"","_monsterinsights_sitenote_category":0,"footnotes":""},"categories":[6,8],"tags":[3232,24,3233,911,847],"class_list":["post-7785","post","type-post","status-publish","format-standard","has-post-thumbnail","hentry","category-economia","category-interes-general","tag-ahora-30","tag-bancos","tag-electrodomesticos","tag-intereses","tag-subsidio"],"_links":{"self":[{"href":"https:\/\/www.visionweb.com.ar\/index.php?rest_route=\/wp\/v2\/posts\/7785","targetHints":{"allow":["GET"]}}],"collection":[{"href":"https:\/\/www.visionweb.com.ar\/index.php?rest_route=\/wp\/v2\/posts"}],"about":[{"href":"https:\/\/www.visionweb.com.ar\/index.php?rest_route=\/wp\/v2\/types\/post"}],"author":[{"embeddable":true,"href":"https:\/\/www.visionweb.com.ar\/index.php?rest_route=\/wp\/v2\/users\/3"}],"replies":[{"embeddable":true,"href":"https:\/\/www.visionweb.com.ar\/index.php?rest_route=%2Fwp%2Fv2%2Fcomments&post=7785"}],"version-history":[{"count":1,"href":"https:\/\/www.visionweb.com.ar\/index.php?rest_route=\/wp\/v2\/posts\/7785\/revisions"}],"predecessor-version":[{"id":7787,"href":"https:\/\/www.visionweb.com.ar\/index.php?rest_route=\/wp\/v2\/posts\/7785\/revisions\/7787"}],"wp:featuredmedia":[{"embeddable":true,"href":"https:\/\/www.visionweb.com.ar\/index.php?rest_route=\/wp\/v2\/media\/7786"}],"wp:attachment":[{"href":"https:\/\/www.visionweb.com.ar\/index.php?rest_route=%2Fwp%2Fv2%2Fmedia&parent=7785"}],"wp:term":[{"taxonomy":"category","embeddable":true,"href":"https:\/\/www.visionweb.com.ar\/index.php?rest_route=%2Fwp%2Fv2%2Fcategories&post=7785"},{"taxonomy":"post_tag","embeddable":true,"href":"https:\/\/www.visionweb.com.ar\/index.php?rest_route=%2Fwp%2Fv2%2Ftags&post=7785"}],"curies":[{"name":"wp","href":"https:\/\/api.w.org\/{rel}","templated":true}]}}