{"id":7777,"date":"2022-10-19T16:03:23","date_gmt":"2022-10-19T19:03:23","guid":{"rendered":"https:\/\/www.visionweb.com.ar\/?p=7777"},"modified":"2022-10-19T16:03:23","modified_gmt":"2022-10-19T19:03:23","slug":"paro-sorpresivo-de-colectivos-en-el-sur-del-conurbano","status":"publish","type":"post","link":"https:\/\/www.visionweb.com.ar\/?p=7777","title":{"rendered":"Paro sorpresivo de colectivos en el sur del conurbano"},"content":{"rendered":"<p><em><strong>La medida es en reclamo por seguridad, luego de la agresi\u00f3n a un chofer. No funcionan las l\u00edneas 177, 51, 74 y 79, que pertenecen a la empresa San Vicente.<\/strong><\/em><strong>\u00a0<\/strong><!--more--><\/p>\n<p><strong><img loading=\"lazy\" decoding=\"async\" class=\"size-medium wp-image-7779 alignleft\" src=\"https:\/\/www.visionweb.com.ar\/wp-content\/uploads\/2022\/10\/colectivo-177-300x238.jpg\" alt=\"\" width=\"300\" height=\"238\" srcset=\"https:\/\/www.visionweb.com.ar\/wp-content\/uploads\/2022\/10\/colectivo-177-300x238.jpg 300w, https:\/\/www.visionweb.com.ar\/wp-content\/uploads\/2022\/10\/colectivo-177.bmp 496w\" sizes=\"auto, (max-width: 300px) 100vw, 300px\" \/>\u00a0 \u00a0 U<\/strong>n paro sorpresivo se declar\u00f3 en cuatro l\u00edneas de colectivos que recorren la zona sur del conurbano y llegan a la Ciudad Aut\u00f3noma de Buenos Aires. En las \u00faltimas horas <strong>fue agredido un chofer de la<\/strong>\u00a0<strong>l\u00ednea 177,<\/strong>\u00a0que une Nueva Pompeya con Burzaco (Almirante Brown), y en reclamo de seguridad declararon un paro sorpresivo.<\/p>\n<p>Se trata de una l\u00ednea de la empresa San Vicente, por lo que la medida de fuerza en reclamo de seguridad se hace extensiva a otras l\u00edneas.<\/p>\n<p>Las l\u00edneas afectadas son la <strong>177<\/strong>;\u00a0<strong>51<\/strong>, que une Constituci\u00f3n con los partidos de Almirante Brown, Brandsen, Ca\u00f1uelas, Ezeiza y San Vicente;\u00a0<strong>74<\/strong>, va de Puerto Madero a Burzaco;<strong>\u00a0<\/strong><strong>79<\/strong>, une Adrogu\u00e9, Florencio Varela y San Vicente con la Constituci\u00f3n.<\/p>\n<p>D\u00edas atr\u00e1s, hubo 3 l\u00edneas\u00a0de colectivos que recorren Esteban Echeverr\u00eda que realizaron una medida de fuerza tambi\u00e9n en reclamo de seguridad. Un chofer fue baleado en un intento de robo cuando circulaba por Monte Grande. <strong>(VW)<\/strong><\/p>\n<p>&nbsp;<\/p>\n","protected":false},"excerpt":{"rendered":"<p>La medida es en reclamo por seguridad, luego de la agresi\u00f3n a un chofer. No funcionan las l\u00edneas 177, 51, 74 y 79, que pertenecen a la empresa San Vicente.\u00a0<\/p>\n","protected":false},"author":4,"featured_media":7779,"comment_status":"closed","ping_status":"closed","sticky":false,"template":"","format":"standard","meta":{"_monsterinsights_skip_tracking":false,"_monsterinsights_sitenote_active":false,"_monsterinsights_sitenote_note":"","_monsterinsights_sitenote_category":0,"footnotes":""},"categories":[3],"tags":[3227,3226,833,3225],"class_list":["post-7777","post","type-post","status-publish","format-standard","has-post-thumbnail","hentry","category-actualidad","tag-3227","tag-empresa-san-vicente","tag-paro-de-colectivos","tag-sorpresivo"],"_links":{"self":[{"href":"https:\/\/www.visionweb.com.ar\/index.php?rest_route=\/wp\/v2\/posts\/7777","targetHints":{"allow":["GET"]}}],"collection":[{"href":"https:\/\/www.visionweb.com.ar\/index.php?rest_route=\/wp\/v2\/posts"}],"about":[{"href":"https:\/\/www.visionweb.com.ar\/index.php?rest_route=\/wp\/v2\/types\/post"}],"author":[{"embeddable":true,"href":"https:\/\/www.visionweb.com.ar\/index.php?rest_route=\/wp\/v2\/users\/4"}],"replies":[{"embeddable":true,"href":"https:\/\/www.visionweb.com.ar\/index.php?rest_route=%2Fwp%2Fv2%2Fcomments&post=7777"}],"version-history":[{"count":2,"href":"https:\/\/www.visionweb.com.ar\/index.php?rest_route=\/wp\/v2\/posts\/7777\/revisions"}],"predecessor-version":[{"id":7780,"href":"https:\/\/www.visionweb.com.ar\/index.php?rest_route=\/wp\/v2\/posts\/7777\/revisions\/7780"}],"wp:featuredmedia":[{"embeddable":true,"href":"https:\/\/www.visionweb.com.ar\/index.php?rest_route=\/wp\/v2\/media\/7779"}],"wp:attachment":[{"href":"https:\/\/www.visionweb.com.ar\/index.php?rest_route=%2Fwp%2Fv2%2Fmedia&parent=7777"}],"wp:term":[{"taxonomy":"category","embeddable":true,"href":"https:\/\/www.visionweb.com.ar\/index.php?rest_route=%2Fwp%2Fv2%2Fcategories&post=7777"},{"taxonomy":"post_tag","embeddable":true,"href":"https:\/\/www.visionweb.com.ar\/index.php?rest_route=%2Fwp%2Fv2%2Ftags&post=7777"}],"curies":[{"name":"wp","href":"https:\/\/api.w.org\/{rel}","templated":true}]}}