{"id":7772,"date":"2022-10-19T15:20:42","date_gmt":"2022-10-19T18:20:42","guid":{"rendered":"https:\/\/www.visionweb.com.ar\/?p=7772"},"modified":"2022-10-19T15:20:42","modified_gmt":"2022-10-19T18:20:42","slug":"hoy-se-celebra-el-dia-internacional-de-las-catedrales","status":"publish","type":"post","link":"https:\/\/www.visionweb.com.ar\/?p=7772","title":{"rendered":"Hoy se celebra el D\u00eda Internacional de las Catedrales"},"content":{"rendered":"<p><em><strong>Son 59 las catedrales que se distribuyen por todo el territorio argentino<\/strong>. <strong>El d\u00eda se declar\u00f3 para rendir homenaje por su injerencia en la sociedad.<\/strong><\/em><strong style=\"line-height: 1.5;\">\u00a0<\/strong><!--more--><\/p>\n<div id=\"attachment_7774\" style=\"width: 156px\" class=\"wp-caption alignright\"><img loading=\"lazy\" decoding=\"async\" aria-describedby=\"caption-attachment-7774\" class=\"wp-image-7774 size-medium\" src=\"https:\/\/www.visionweb.com.ar\/wp-content\/uploads\/2022\/10\/Catedral-La-Plata-2-146x300.jpg\" alt=\"\" width=\"146\" height=\"300\" srcset=\"https:\/\/www.visionweb.com.ar\/wp-content\/uploads\/2022\/10\/Catedral-La-Plata-2-146x300.jpg 146w, https:\/\/www.visionweb.com.ar\/wp-content\/uploads\/2022\/10\/Catedral-La-Plata-2.jpg 371w\" sizes=\"auto, (max-width: 146px) 100vw, 146px\" \/><p id=\"caption-attachment-7774\" class=\"wp-caption-text\">Catedral de La Plata. (Fotos archivo VW)<\/p><\/div>\n<p><strong>E<\/strong>ste mi\u00e9rcoles 19 de octubre se celebra el\u00a0<strong>D\u00eda Internacional de las Catedrales<\/strong>, fecha que rinde homenaje a los templos catedralicios, por su importancia social y religiosa en cada localidad, y a la vez enaltece su arquitectura y el impacto de la acci\u00f3n social de las iglesias en las comunidades de cada di\u00f3cesis.<\/p>\n<p>La Catedral es un templo cristiano que act\u00faa como sede del obispo de la di\u00f3cesis, as\u00ed el t\u00e9rmino proviene de la palabra \u00abcathedra\u00bb o \u00abasiento del obispo\u00bb. Se las considera el lugar en el cual presiden a la comunidad cristiana para la ense\u00f1anza de la Fe, y la doctrina de la iglesia cat\u00f3lica.<\/p>\n<p>Su arquitectura se caracteriza por edificaciones complejas a gran escala, cuyo dise\u00f1o es originario de las tradiciones arquitect\u00f3nicas paleocristianas establecidas durante el per\u00edodo constantiniano.<\/p>\n<p><strong>\u00a0<\/strong><strong>Aqu\u00ed algunas catedrales destacadas de la Provincia:<\/strong><\/p>\n<p><strong>Catedral Nuestra Se\u00f1ora de La Paz de Lomas de Zamora: <\/strong>Tambi\u00e9n denominada Catedral de Lomas de Zamora, es un templo cat\u00f3lico ubicado en la plaza central de la ciudad de Lomas de Zamora, bajo la advocaci\u00f3n de Nuestra Se\u00f1ora de La Paz. Su terreno, fue donado por Victorio Grigera, en 1860.<\/p>\n<p>La piedra fundamental del edificio fue colocada por Bartolom\u00e9 Mitre y su inauguraci\u00f3n se concret\u00f3 el 22 de enero de 1865. La \u00a0construcci\u00f3n del crucero, la c\u00fapula y el actual presbiterio se inici\u00f3 en 1898, bajo la supervisi\u00f3n de los arquitectos Juan Ochoa y Domingo Selva, obras que concluyeron el 24 de enero de 1900.<\/p>\n<p><strong><img loading=\"lazy\" decoding=\"async\" class=\"size-medium wp-image-7775 alignleft\" src=\"https:\/\/www.visionweb.com.ar\/wp-content\/uploads\/2022\/10\/Catedral-La-Plata-3-146x300.jpg\" alt=\"\" width=\"146\" height=\"300\" srcset=\"https:\/\/www.visionweb.com.ar\/wp-content\/uploads\/2022\/10\/Catedral-La-Plata-3-146x300.jpg 146w, https:\/\/www.visionweb.com.ar\/wp-content\/uploads\/2022\/10\/Catedral-La-Plata-3.jpg 392w\" sizes=\"auto, (max-width: 146px) 100vw, 146px\" \/>Catedral de la Inmaculada Concepci\u00f3n en La Plata: <\/strong>Tambi\u00e9n conocida como \u00abCatedral de La Plata\u00bb. Se trata del principal templo cat\u00f3lico de la ciudad y a la vez una de las m\u00e1s importantes de Am\u00e9rica, por su gran tama\u00f1o.<\/p>\n<p>Se encuentra ubicada sobre la calle 14 y las avenidas 51 y 53, frente a la Plaza Moreno, centro geogr\u00e1fico de la ciudad.<\/p>\n<p>Considerado como el mayor templo Neog\u00f3tico de Am\u00e9rica del Sur, tiene 700 metros cuadrados de superficie y una altura de 97 metros. Tiene una inconfundible tonalidad rojiza de sus ladrillos a la vista y cuenta con una capacidad para 14 mil personas. Desde de una de sus dos torres se puede observar toda la ciudad y el R\u00edo de La Plata.<\/p>\n<p><strong>\u00a0<\/strong><strong>Catedral de Nuestra Se\u00f1ora del Rosario en Azul: <\/strong>Es un templo de estilo g\u00f3tico, que fue inaugurado el 7 de octubre de 1906. Fue dise\u00f1ada por los ingenieros Juan Ochoa, W. Pitman y Charles Evans Medhurst. Se encuentra ubicada en la calle San Mart\u00edn y Col\u00f3n, frente a la plata principal.<\/p>\n<p>Esta catedral se destaca por sus campanas imponentes y vitrales tra\u00eddos de Francia a principios del siglo XX. En el altar mayor tiene la imagen de Nuestra Se\u00f1ora del Rosario, patrona de la ciudad. Fue en el a\u00f1o 1934 cuando se cre\u00f3 la Di\u00f3cesis de Azul, donde la ciudad pas\u00f3 a ser cabecera del obispado.<\/p>\n<p><strong>Catedral bas\u00edlica de los Santos Pedro y Cecilia de Mar del Plata:\u00a0<\/strong>Fue inaugurada el 12 de febrero de 1905 y se encuentra en el centro de la ciudad de Mar del Plata.\u00a0Fue declarada \u201cPatrimonio Hist\u00f3rico Nacional\u201d, de estilo neog\u00f3tico, la obra fue dirigida por el ingeniero Pedro Bonoit.<\/p>\n<p>En el Altar Mayor se encuentras las reliquias: un trozo de la Cruz de Cristo, los restos de Santos M\u00e1rtires y los restos de Monse\u00f1or Enrique Rau, primer Obispo de Mar del Plata.<\/p>\n<p>Adem\u00e1s, su carill\u00f3n est\u00e1 compuesto por cinco campanas de bronce que fueron fundidas en Francia, identificadas con el nombre de quienes las donaron: Clara, In\u00e9s, Ercilia, Ernestina y Josefina. Es la tercera catedral m\u00e1s grande de la provincia despu\u00e9s de la Catedral de La Plata y la Bas\u00edlica de Luj\u00e1n.<\/p>\n<p><strong>Catedral Santa Florentina de Campana:\u00a0<\/strong>Fue elevada a la categor\u00eda de Catedral en el a\u00f1o 1977 y se encuentra ubicada en la Avenida Varela de la localidad bonaerense de Campana. En el edificio se encuentra la sede del Obispado Campana-Z\u00e1rate.<\/p>\n<p>Se caracteriza por su moderna construcci\u00f3n delineada por los arquitectos Massa Lynch. <strong>(VW)<\/strong><\/p>\n","protected":false},"excerpt":{"rendered":"<p>Son 59 las catedrales que se distribuyen por todo el territorio argentino. El d\u00eda se declar\u00f3 para rendir homenaje por su injerencia en la sociedad.\u00a0<\/p>\n","protected":false},"author":4,"featured_media":7775,"comment_status":"closed","ping_status":"closed","sticky":false,"template":"","format":"standard","meta":{"_monsterinsights_skip_tracking":false,"_monsterinsights_sitenote_active":false,"_monsterinsights_sitenote_note":"","_monsterinsights_sitenote_category":0,"footnotes":""},"categories":[8],"tags":[3222,3224,3223,3221],"class_list":["post-7772","post","type-post","status-publish","format-standard","has-post-thumbnail","hentry","category-interes-general","tag-19-de-octubre","tag-catedral-de-la-plata","tag-catedral-de-lomas","tag-dia-internacional-de-las-catedrales"],"_links":{"self":[{"href":"https:\/\/www.visionweb.com.ar\/index.php?rest_route=\/wp\/v2\/posts\/7772","targetHints":{"allow":["GET"]}}],"collection":[{"href":"https:\/\/www.visionweb.com.ar\/index.php?rest_route=\/wp\/v2\/posts"}],"about":[{"href":"https:\/\/www.visionweb.com.ar\/index.php?rest_route=\/wp\/v2\/types\/post"}],"author":[{"embeddable":true,"href":"https:\/\/www.visionweb.com.ar\/index.php?rest_route=\/wp\/v2\/users\/4"}],"replies":[{"embeddable":true,"href":"https:\/\/www.visionweb.com.ar\/index.php?rest_route=%2Fwp%2Fv2%2Fcomments&post=7772"}],"version-history":[{"count":2,"href":"https:\/\/www.visionweb.com.ar\/index.php?rest_route=\/wp\/v2\/posts\/7772\/revisions"}],"predecessor-version":[{"id":7776,"href":"https:\/\/www.visionweb.com.ar\/index.php?rest_route=\/wp\/v2\/posts\/7772\/revisions\/7776"}],"wp:featuredmedia":[{"embeddable":true,"href":"https:\/\/www.visionweb.com.ar\/index.php?rest_route=\/wp\/v2\/media\/7775"}],"wp:attachment":[{"href":"https:\/\/www.visionweb.com.ar\/index.php?rest_route=%2Fwp%2Fv2%2Fmedia&parent=7772"}],"wp:term":[{"taxonomy":"category","embeddable":true,"href":"https:\/\/www.visionweb.com.ar\/index.php?rest_route=%2Fwp%2Fv2%2Fcategories&post=7772"},{"taxonomy":"post_tag","embeddable":true,"href":"https:\/\/www.visionweb.com.ar\/index.php?rest_route=%2Fwp%2Fv2%2Ftags&post=7772"}],"curies":[{"name":"wp","href":"https:\/\/api.w.org\/{rel}","templated":true}]}}