{"id":7761,"date":"2022-10-19T11:41:58","date_gmt":"2022-10-19T14:41:58","guid":{"rendered":"https:\/\/www.visionweb.com.ar\/?p=7761"},"modified":"2022-10-19T11:41:58","modified_gmt":"2022-10-19T14:41:58","slug":"banco-nacion-realizara-la-primera-expo-pyme-en-varela","status":"publish","type":"post","link":"https:\/\/www.visionweb.com.ar\/?p=7761","title":{"rendered":"Banco Naci\u00f3n realizar\u00e1 la primera Expo Pyme en Varela"},"content":{"rendered":"<p><em><strong>Con el objetivo de conectar empresas y potenciar nuevas oportunidades comerciales, llega Expo Pyme del Banco Naci\u00f3n<\/strong> <strong>a Florencio Varela. <\/strong><\/em><!--more--><\/p>\n<p><strong><img loading=\"lazy\" decoding=\"async\" class=\"size-medium wp-image-7763 alignleft\" src=\"https:\/\/www.visionweb.com.ar\/wp-content\/uploads\/2022\/10\/expo-pyme-bco-nacion-fcio-varela-300x88.jpg\" alt=\"\" width=\"300\" height=\"88\" srcset=\"https:\/\/www.visionweb.com.ar\/wp-content\/uploads\/2022\/10\/expo-pyme-bco-nacion-fcio-varela-300x88.jpg 300w, https:\/\/www.visionweb.com.ar\/wp-content\/uploads\/2022\/10\/expo-pyme-bco-nacion-fcio-varela-768x225.jpg 768w, https:\/\/www.visionweb.com.ar\/wp-content\/uploads\/2022\/10\/expo-pyme-bco-nacion-fcio-varela.bmp 853w\" sizes=\"auto, (max-width: 300px) 100vw, 300px\" \/>E<\/strong>l\u00a0<strong>Banco Naci\u00f3n<\/strong><strong>\u00a0(<\/strong>BNA) junto a la\u00a0<strong>Fundaci\u00f3n Empretec Argentina<\/strong>, presentar\u00e1n la primera edici\u00f3n de\u00a0<strong>Expo Pyme<\/strong>. Con el apoyo de la\u00a0<strong>Municipalidad de Florencio Varela<\/strong>\u00a0este evento tendr\u00e1 lugar los d\u00edas <strong>26 y 27 de octubre<\/strong> en el\u00a0<strong>Parque Industrial y Tecnol\u00f3gico Florencio Varela<\/strong>.<\/p>\n<p>El objetivo es conectar empresas y potenciar nuevas oportunidades comerciales para las PyMEs argentinas, y para asistir hay que registrarse a trav\u00e9s del siguiente\u00a0<a href=\"https:\/\/intercloudy.contilatam.com\/1842\/expo-pyme-bna-conecta-par\">formulario disponible en este link<\/a>. La entrada es libre y gratuita.<\/p>\n<p>El Banco Naci\u00f3n celebra sus 131 a\u00f1os con la Expo Pyme en Varela,\u00a0que contar\u00e1 con <strong>ronda de negocios, ciclo de conferencias, stands y red de contactos<\/strong>.<\/p>\n<p>Esta primera edici\u00f3n tendr\u00e1 como fin potenciar los negocios de quienes asistan; contactar empresas del rubro industrial, comercial, servicios, construcci\u00f3n y miner\u00eda y capacitar y dialogar de la mano de especialistas y referentes sobre distintas tem\u00e1ticas de inter\u00e9s.<\/p>\n<p>Seg\u00fan anunci\u00f3 el Banco Naci\u00f3n, en la Expo Pyme <strong>habr\u00e1 m\u00e1s de 1500 empresas por d\u00eda<\/strong> y todas ellas expondr\u00e1n sus productos y servicios en los <strong>m\u00e1s de 50 stands<\/strong>.<\/p>\n<p>Adem\u00e1s, explicitaron que habr\u00e1 empresas de origen nacional y compa\u00f1\u00edas internacionales interesadas en importar productos argentinos.<\/p>\n<p>El ciclo de charlas:<\/p>\n<p><strong>Pymes lideradas por mujeres y colectivos LGBT<\/strong>: Crear espacios de trabajo inclusivos: Diversidad y posibilidades de desarrollo equitativas. El 26 de octubre de 13:30 a 14:15hs. Moderadora: Estefan\u00eda Pozzo. Periodista de econom\u00eda en \u00c1mbito Financiero y C5N. Autora de \u201cEs la econom\u00eda, vos no sos est\u00fapida\u201d.<\/p>\n<p><strong>Financiamiento para pymes:<\/strong><strong>\u00a0<\/strong>Pol\u00edticas e instrumentos. El 26 de octubre de 14:30 a 15:15hs. Moderadora: Florencia Barrag\u00e1n. Periodista de econom\u00eda. \u00c1mbito Financiero. Columnista de temas econ\u00f3micos TVP.<\/p>\n<p><strong>Gesti\u00f3n \u00e1gil<\/strong>: Aplicadas a la gesti\u00f3n de los negocios: adaptabilidad, clientes y competencia. El 26 de octubre de 15:30 a 16:15hs. Moderadora: Mariana Pernas. Periodista, soci\u00f3loga, sub editora Revista Innovaci\u00f3n.<\/p>\n<p><strong>El nuevo mundo del trabajo<\/strong>: \u00bfQu\u00e9 valoran las nuevas generaciones y c\u00f3mo retener talentos? El 26 de octubre de 16:30 a 17:10hs. Moderador: Alfredo Zaiat. Periodista y economista. Jefe de Econom\u00eda y Director del Suplemento Cash de P\u00e1gina 12. Autor de numerosos libros y publicaciones.<\/p>\n<p><strong>Transformaci\u00f3n digital<\/strong>: \u00bfQu\u00e9 es? \u00bfC\u00f3mo impacta en los procesos y la posibilidad de desarrollar nuevos negocios? El 26 de octubre de 17:20 a 18:00hs. Moderadora: Martina Rua. Periodista especializada en innovaci\u00f3n y productividad. Columnista de La Naci\u00f3n y Co- conductora en Radio Metro. Autora de La F\u00e1brica de Tiempo.<\/p>\n<p><strong>Pymes familiares<\/strong>: Protocolos de sucesi\u00f3n y resoluci\u00f3n de conflictos. El 27 de octubre de 12:30 a 13:15hs. Moderadora: Graciela Moreno. Editora de Negocios en BAE Negocio.<\/p>\n<p><strong>Internacionalizaci\u00f3n de pymes<\/strong>: Exportar para crecer. Nuevos mercados, socios y la construcci\u00f3n de una nueva cadena de valor. El 27 de octubre de 13:30 a 14:45hs. Moderador: Juan Carlos Ortega. Editor de la revista de la Asociaci\u00f3n Argentina de Agentes de Carga Internacional (AAACI).<\/p>\n<p><strong>Empresas con impacto social y ambiental<\/strong>: Crecer desde la sostenibilidad. La importancia de crear negocios sostenibles que cuiden el planeta sin resignar rentabilidad. El 27 de octubre de 16:15 a 17:00hs. Moderadora: Estefan\u00eda Giganti. Licenciada en Comunicaci\u00f3n. Periodista y editora de contenidos especializados en sustentabilidad y RSE. Directora en Tres Mandamientos. <strong>(VW)<\/strong><\/p>\n<p>&nbsp;<\/p>\n<p>&nbsp;<\/p>\n","protected":false},"excerpt":{"rendered":"<p>Con el objetivo de conectar empresas y potenciar nuevas oportunidades comerciales, llega Expo Pyme del Banco Naci\u00f3n a Florencio Varela.<\/p>\n","protected":false},"author":4,"featured_media":7763,"comment_status":"closed","ping_status":"closed","sticky":false,"template":"","format":"standard","meta":{"_monsterinsights_skip_tracking":false,"_monsterinsights_sitenote_active":false,"_monsterinsights_sitenote_note":"","_monsterinsights_sitenote_category":0,"footnotes":""},"categories":[6,8],"tags":[902,3213,3214,3215],"class_list":["post-7761","post","type-post","status-publish","format-standard","has-post-thumbnail","hentry","category-economia","category-interes-general","tag-banco-nacion","tag-expo-pyme-en-forencio-varela","tag-fundacion-empretec-argentina","tag-municipio-d-varela"],"_links":{"self":[{"href":"https:\/\/www.visionweb.com.ar\/index.php?rest_route=\/wp\/v2\/posts\/7761","targetHints":{"allow":["GET"]}}],"collection":[{"href":"https:\/\/www.visionweb.com.ar\/index.php?rest_route=\/wp\/v2\/posts"}],"about":[{"href":"https:\/\/www.visionweb.com.ar\/index.php?rest_route=\/wp\/v2\/types\/post"}],"author":[{"embeddable":true,"href":"https:\/\/www.visionweb.com.ar\/index.php?rest_route=\/wp\/v2\/users\/4"}],"replies":[{"embeddable":true,"href":"https:\/\/www.visionweb.com.ar\/index.php?rest_route=%2Fwp%2Fv2%2Fcomments&post=7761"}],"version-history":[{"count":2,"href":"https:\/\/www.visionweb.com.ar\/index.php?rest_route=\/wp\/v2\/posts\/7761\/revisions"}],"predecessor-version":[{"id":7764,"href":"https:\/\/www.visionweb.com.ar\/index.php?rest_route=\/wp\/v2\/posts\/7761\/revisions\/7764"}],"wp:featuredmedia":[{"embeddable":true,"href":"https:\/\/www.visionweb.com.ar\/index.php?rest_route=\/wp\/v2\/media\/7763"}],"wp:attachment":[{"href":"https:\/\/www.visionweb.com.ar\/index.php?rest_route=%2Fwp%2Fv2%2Fmedia&parent=7761"}],"wp:term":[{"taxonomy":"category","embeddable":true,"href":"https:\/\/www.visionweb.com.ar\/index.php?rest_route=%2Fwp%2Fv2%2Fcategories&post=7761"},{"taxonomy":"post_tag","embeddable":true,"href":"https:\/\/www.visionweb.com.ar\/index.php?rest_route=%2Fwp%2Fv2%2Ftags&post=7761"}],"curies":[{"name":"wp","href":"https:\/\/api.w.org\/{rel}","templated":true}]}}