{"id":7759,"date":"2022-10-19T09:34:05","date_gmt":"2022-10-19T12:34:05","guid":{"rendered":"https:\/\/www.visionweb.com.ar\/?p=7759"},"modified":"2022-10-19T09:34:05","modified_gmt":"2022-10-19T12:34:05","slug":"el-ministro-massa-dio-precisiones-sobe-el-nuevo-piso-de-ganancias","status":"publish","type":"post","link":"https:\/\/www.visionweb.com.ar\/?p=7759","title":{"rendered":"El Ministro Massa dio precisiones sobe el nuevo piso de ganancias"},"content":{"rendered":"<p><em><strong>La medida permitir\u00e1 que casi 380 mil argentinos \u00abno pierdan lo que ganaron en su empleo\u00bb, dijo el ministro.<\/strong><\/em><!--more--><\/p>\n<div id=\"attachment_6687\" style=\"width: 650px\" class=\"wp-caption alignleft\"><img loading=\"lazy\" decoding=\"async\" aria-describedby=\"caption-attachment-6687\" class=\"wp-image-6687 size-full\" src=\"https:\/\/www.visionweb.com.ar\/wp-content\/uploads\/2022\/08\/SERGIO-MASSA.png\" alt=\"\" width=\"640\" height=\"360\" srcset=\"https:\/\/www.visionweb.com.ar\/wp-content\/uploads\/2022\/08\/SERGIO-MASSA.png 640w, https:\/\/www.visionweb.com.ar\/wp-content\/uploads\/2022\/08\/SERGIO-MASSA-300x169.png 300w\" sizes=\"auto, (max-width: 640px) 100vw, 640px\" \/><p id=\"caption-attachment-6687\" class=\"wp-caption-text\">Sergio Massa, ministro de Econom\u00eda.<\/p><\/div>\n<p><strong>\u00a0 \u00a0 \u00a0 \u00a0 E<\/strong>l ministro de Econom\u00eda, Sergio Massa, dio detalles del nuevo piso del m\u00ednimo no imponible del impuesto a las Ganancias, que fij\u00f3 en $330.000, y adem\u00e1s adelant\u00f3 que habr\u00e1 una escala para los trabajadores que cobran hasta $431.000.<\/p>\n<p>\u201cAcabamos de elevar el decreto que sube el piso del m\u00ednimo no imponible de Ganancias, quien cobra hasta $330.000\u00a0 a partir del mes que viene no va a pagar impuestos a las Ganancias pero adem\u00e1s, con una escala descendente del impuesto hasta los $ 431 mil, para que no pase que aquel que gane $330 mil no pague Ganancias y el que paga $331 pague\u201d, se\u00f1al\u00f3 Massa.<\/p>\n<p>Desde Santiago del Estero, junto al Gobernador Gerardo Zamora, Massa indic\u00f3: \u201cEstamos evitando que casi 380 mil trabajadores argentinos que, cuando hacen una hora extra, cobran un vi\u00e1tico, trabajan un fin de semana y cobran doble, no terminen perdiendo lo que ganaron con su trabajo\u201d.<\/p>\n<p>Asimismo, a\u00f1adi\u00f3: \u201cNuestros dos objetivos centrales, junto con la inversi\u00f3n p\u00fablica y la planificaci\u00f3n y el orden en las cuentas y la idea de desarrollo de pa\u00eds productivo, tiene que ser el de recuperar el ingreso de los trabajadores y ganar la batalla contra la inflaci\u00f3n\u201d.<\/p>\n<p>Despu\u00e9s del anuncio, el Ministerio de Econom\u00eda, difundi\u00f3 un comunicado a trav\u00e9s de Twitter con otros detalles, como que con el nuevo piso queda exento del impuesto el medio Aguinaldo de diciembre para los sueldos de hasta $330.000<strong>(VW)<\/strong>.<\/p>\n<div class=\"wp-block-jetpack-slideshow aligncenter\" data-effect=\"slide\" data-jetpack-block-initialized=\"true\">\n<div class=\"wp-block-jetpack-slideshow_container swiper-container swiper-container-initialized swiper-container-horizontal swiper-container-pointer-events wp-swiper-initialized\">\n<p>&nbsp;<\/p>\n<\/div>\n<\/div>\n","protected":false},"excerpt":{"rendered":"<p>La medida permitir\u00e1 que casi 380 mil argentinos \u00abno pierdan lo que ganaron en su empleo\u00bb, dijo el ministro.<\/p>\n","protected":false},"author":3,"featured_media":6687,"comment_status":"closed","ping_status":"closed","sticky":false,"template":"","format":"standard","meta":{"_monsterinsights_skip_tracking":false,"_monsterinsights_sitenote_active":false,"_monsterinsights_sitenote_note":"","_monsterinsights_sitenote_category":0,"footnotes":""},"categories":[1],"tags":[],"class_list":["post-7759","post","type-post","status-publish","format-standard","has-post-thumbnail","hentry","category-uncategorized"],"_links":{"self":[{"href":"https:\/\/www.visionweb.com.ar\/index.php?rest_route=\/wp\/v2\/posts\/7759","targetHints":{"allow":["GET"]}}],"collection":[{"href":"https:\/\/www.visionweb.com.ar\/index.php?rest_route=\/wp\/v2\/posts"}],"about":[{"href":"https:\/\/www.visionweb.com.ar\/index.php?rest_route=\/wp\/v2\/types\/post"}],"author":[{"embeddable":true,"href":"https:\/\/www.visionweb.com.ar\/index.php?rest_route=\/wp\/v2\/users\/3"}],"replies":[{"embeddable":true,"href":"https:\/\/www.visionweb.com.ar\/index.php?rest_route=%2Fwp%2Fv2%2Fcomments&post=7759"}],"version-history":[{"count":1,"href":"https:\/\/www.visionweb.com.ar\/index.php?rest_route=\/wp\/v2\/posts\/7759\/revisions"}],"predecessor-version":[{"id":7760,"href":"https:\/\/www.visionweb.com.ar\/index.php?rest_route=\/wp\/v2\/posts\/7759\/revisions\/7760"}],"wp:featuredmedia":[{"embeddable":true,"href":"https:\/\/www.visionweb.com.ar\/index.php?rest_route=\/wp\/v2\/media\/6687"}],"wp:attachment":[{"href":"https:\/\/www.visionweb.com.ar\/index.php?rest_route=%2Fwp%2Fv2%2Fmedia&parent=7759"}],"wp:term":[{"taxonomy":"category","embeddable":true,"href":"https:\/\/www.visionweb.com.ar\/index.php?rest_route=%2Fwp%2Fv2%2Fcategories&post=7759"},{"taxonomy":"post_tag","embeddable":true,"href":"https:\/\/www.visionweb.com.ar\/index.php?rest_route=%2Fwp%2Fv2%2Ftags&post=7759"}],"curies":[{"name":"wp","href":"https:\/\/api.w.org\/{rel}","templated":true}]}}