{"id":7748,"date":"2022-10-18T15:41:38","date_gmt":"2022-10-18T18:41:38","guid":{"rendered":"https:\/\/www.visionweb.com.ar\/?p=7748"},"modified":"2022-10-18T15:41:38","modified_gmt":"2022-10-18T18:41:38","slug":"nueva-jornada-para-el-plan-mas-vida","status":"publish","type":"post","link":"https:\/\/www.visionweb.com.ar\/?p=7748","title":{"rendered":"Nueva jornada para el Plan M\u00e1s Vida"},"content":{"rendered":"<p><em><strong>Los interesados deber\u00e1n acercarse con sus hijos de entre 0 y 6 a\u00f1os de edad con la documentaci\u00f3n que se solicita m\u00e1s abajo.\u00a0<\/strong><\/em><!--more--><\/p>\n<div id=\"attachment_7749\" style=\"width: 310px\" class=\"wp-caption alignright\"><img loading=\"lazy\" decoding=\"async\" aria-describedby=\"caption-attachment-7749\" class=\"wp-image-7749 size-medium\" src=\"https:\/\/www.visionweb.com.ar\/wp-content\/uploads\/2022\/10\/PLAN-MAS-VIDA-Esteban-Echeverria-300x176.png\" alt=\"\" width=\"300\" height=\"176\" srcset=\"https:\/\/www.visionweb.com.ar\/wp-content\/uploads\/2022\/10\/PLAN-MAS-VIDA-Esteban-Echeverria-300x176.png 300w, https:\/\/www.visionweb.com.ar\/wp-content\/uploads\/2022\/10\/PLAN-MAS-VIDA-Esteban-Echeverria-768x449.png 768w, https:\/\/www.visionweb.com.ar\/wp-content\/uploads\/2022\/10\/PLAN-MAS-VIDA-Esteban-Echeverria.png 800w\" sizes=\"auto, (max-width: 300px) 100vw, 300px\" \/><p id=\"caption-attachment-7749\" class=\"wp-caption-text\"><strong><em>La cita es este mi\u00e9rcoles a partir de las 9 de la ma\u00f1ana en Evita 2329, Monte Grande Sur (Foto: Municipio de Esteban Echeverr\u00eda)<\/em> <\/strong><\/p><\/div>\n<p><strong>U<\/strong>na nueva jornada de inscripci\u00f3n para el Plan M\u00e1s vida realizar\u00e1, este mi\u00e9rcoles, el municipio de Esteban Echeverr\u00eda, en la calle Evita 2329, Monte Grande sur, entre las 9 y las 13 horas.<\/p>\n<p>El programa consiste en el asesoramiento y regularizaci\u00f3n documental para las personas extranjeras que residan en el distrito.<\/p>\n<p>Esta iniciativa, destinada a familias con ni\u00f1as y ni\u00f1os de 0 a 6 a\u00f1os y personas gestantes en per\u00edodo de embarazo que no reciben la Tarjeta Alimentar, se desarrolla para descentralizar la atenci\u00f3n y llegar a todos los barrios.<\/p>\n<p>Quienes deseen inscribirse deber\u00e1n presentarse con la documentaci\u00f3n requerida seg\u00fan cada caso:<\/p>\n<p><strong>Familias con ni\u00f1as y ni\u00f1os de 0 a 6 a\u00f1os:<\/strong><br \/>\n\u2013 fotocopias del DNI y del CUIL de las y los integrantes del grupo familiar,<br \/>\n\u2013 partida de nacimiento de cada ni\u00f1a o ni\u00f1o menor de 6 a\u00f1os,<br \/>\n\u2013 fotocopia de libreta de vacunaci\u00f3n de cada ni\u00f1a o ni\u00f1o menor de 6 a\u00f1os,<br \/>\n\u2013 certificaci\u00f3n negativa de ANSES de la madre y del padre.<\/p>\n<p><strong>Personas gestantes en per\u00edodo de embarazo:<\/strong><br \/>\n\u2013 fotocopias del DNI y del CUIL propio y, si hubiera, de convivientes,<br \/>\n\u2013 certificaci\u00f3n negativa de ANSES propia y, si hubiera, de convivientes,<br \/>\n\u2013 libreta de control con fecha probable de parto <strong>(VW)<\/strong>.<\/p>\n","protected":false},"excerpt":{"rendered":"<p>Los interesados deber\u00e1n acercarse con sus hijos de entre 0 y 6 a\u00f1os de edad con la documentaci\u00f3n que se solicita m\u00e1s abajo.\u00a0<\/p>\n","protected":false},"author":3,"featured_media":7749,"comment_status":"closed","ping_status":"closed","sticky":false,"template":"","format":"standard","meta":{"_monsterinsights_skip_tracking":false,"_monsterinsights_sitenote_active":false,"_monsterinsights_sitenote_note":"","_monsterinsights_sitenote_category":0,"footnotes":""},"categories":[5],"tags":[3211,3210,2887],"class_list":["post-7748","post","type-post","status-publish","format-standard","has-post-thumbnail","hentry","category-sociedad","tag-embarazadas","tag-extranjeros","tag-ninos"],"_links":{"self":[{"href":"https:\/\/www.visionweb.com.ar\/index.php?rest_route=\/wp\/v2\/posts\/7748","targetHints":{"allow":["GET"]}}],"collection":[{"href":"https:\/\/www.visionweb.com.ar\/index.php?rest_route=\/wp\/v2\/posts"}],"about":[{"href":"https:\/\/www.visionweb.com.ar\/index.php?rest_route=\/wp\/v2\/types\/post"}],"author":[{"embeddable":true,"href":"https:\/\/www.visionweb.com.ar\/index.php?rest_route=\/wp\/v2\/users\/3"}],"replies":[{"embeddable":true,"href":"https:\/\/www.visionweb.com.ar\/index.php?rest_route=%2Fwp%2Fv2%2Fcomments&post=7748"}],"version-history":[{"count":1,"href":"https:\/\/www.visionweb.com.ar\/index.php?rest_route=\/wp\/v2\/posts\/7748\/revisions"}],"predecessor-version":[{"id":7750,"href":"https:\/\/www.visionweb.com.ar\/index.php?rest_route=\/wp\/v2\/posts\/7748\/revisions\/7750"}],"wp:featuredmedia":[{"embeddable":true,"href":"https:\/\/www.visionweb.com.ar\/index.php?rest_route=\/wp\/v2\/media\/7749"}],"wp:attachment":[{"href":"https:\/\/www.visionweb.com.ar\/index.php?rest_route=%2Fwp%2Fv2%2Fmedia&parent=7748"}],"wp:term":[{"taxonomy":"category","embeddable":true,"href":"https:\/\/www.visionweb.com.ar\/index.php?rest_route=%2Fwp%2Fv2%2Fcategories&post=7748"},{"taxonomy":"post_tag","embeddable":true,"href":"https:\/\/www.visionweb.com.ar\/index.php?rest_route=%2Fwp%2Fv2%2Ftags&post=7748"}],"curies":[{"name":"wp","href":"https:\/\/api.w.org\/{rel}","templated":true}]}}