{"id":7740,"date":"2022-10-18T14:24:12","date_gmt":"2022-10-18T17:24:12","guid":{"rendered":"https:\/\/www.visionweb.com.ar\/?p=7740"},"modified":"2022-10-18T14:24:12","modified_gmt":"2022-10-18T17:24:12","slug":"la-provincia-implementara-la-hora-extra-de-clases","status":"publish","type":"post","link":"https:\/\/www.visionweb.com.ar\/?p=7740","title":{"rendered":"La Provincia implementar\u00e1 la hora extra de clases \u00a0"},"content":{"rendered":"<p><em><strong>El gobierno de la provincia oficializ\u00f3 la adhesi\u00f3n de la quinta hora extra en escuelas primarias, que se destinar\u00e1 al \u201cF<\/strong><strong>ortalecimiento de la producci\u00f3n escrita, la comprensi\u00f3n lectora, y la pr\u00e1ctica matem\u00e1tica y cient\u00edfica\u201d.<\/strong><\/em><!--more--><\/p>\n<p><strong> <img loading=\"lazy\" decoding=\"async\" class=\"size-medium wp-image-7743 alignright\" src=\"https:\/\/www.visionweb.com.ar\/wp-content\/uploads\/2022\/10\/clases-en-provincia-300x164.jpg\" alt=\"\" width=\"300\" height=\"164\" srcset=\"https:\/\/www.visionweb.com.ar\/wp-content\/uploads\/2022\/10\/clases-en-provincia-300x164.jpg 300w, https:\/\/www.visionweb.com.ar\/wp-content\/uploads\/2022\/10\/clases-en-provincia.bmp 708w\" sizes=\"auto, (max-width: 300px) 100vw, 300px\" \/>\u00a0 E<\/strong>l Gobierno de la Provincia de Buenos Aires oficializ\u00f3 la extensi\u00f3n de la jornada escolar, tras la firma de un convenio. Este\u00a0<strong>r\u00e9gimen de extensi\u00f3n horaria de las escuelas primarias<\/strong>\u00a0impulsado por el ministerio de Educaci\u00f3n nacional, incluye a 653 establecimientos que a\u00f1adir\u00e1n una hora extra de clases, mientras que otros 261 pasar\u00e1n a jornadas completas de 8 horas.<\/p>\n<p>Mediante la Resoluci\u00f3n 2502 publicada este martes en el Bolet\u00edn Oficial, se detall\u00f3 c\u00f3mo se llevar\u00e1 a cabo la implementaci\u00f3n del programa.<\/p>\n<p>En esa l\u00ednea, ser\u00e1n la\u00a0<strong>Direcci\u00f3n Provincial de Educaci\u00f3n Primaria<\/strong><strong>\u00a0<\/strong>y la <strong>Subsecretar\u00eda<\/strong><strong> de Planeamiento<\/strong>\u00a0los entes que \u00abdispondr\u00e1n la n\u00f3mina de establecimientos educativos que ampliar\u00e1n su jornada a 25 horas semanales\u00bb.<\/p>\n<p>En ese marco, el director general de Cultura y Educaci\u00f3n,<strong>\u00a0<\/strong><strong>Alberto Sileoni<\/strong><strong>\u00a0<\/strong>afirm\u00f3 a los medios que: \u00abdesde el arranque pens\u00e1bamos que era virtuosa\u00bb pero que su implementaci\u00f3n no ser\u00eda tan f\u00e1cil porque \u00abtiene muchas aristas\u00bb.<\/p>\n<p>En lo que refiere al<strong>\u00a0<\/strong><strong>cambio de jornada simple (4 horas) a jornada completa (8 horas)<\/strong><strong>\u00a0<\/strong>\u00abse realizar\u00e1 priorizando a aquellas escuelas con vulnerabilidad socioeducativa, en base a la informaci\u00f3n obrante en la Subsecretar\u00eda de Planeamiento\u00bb, indica el documento.<\/p>\n<p>Adem\u00e1s la resoluci\u00f3n firmada por el director general de Cultura y Educaci\u00f3n, explica que \u00ablas 5 horas semanales adicionales ser\u00e1n destinadas prioritariamente al fortalecimiento de la producci\u00f3n escrita, la comprensi\u00f3n lectora, y la pr\u00e1ctica matem\u00e1tica y cient\u00edfica, con las orientaciones pedag\u00f3gicas establecidas por la Direcci\u00f3n Provincial de Educaci\u00f3n Primaria\u201d.<\/p>\n<p>En cuanto a las instituciones que duplicar\u00e1n su jornada a 8 horas diarias, \u201cdesde Educaci\u00f3n trabajan en una caja curricular en la que se incorporar\u00e1n las \u00e1reas de\u00a0<strong>deporte y arte\u201d<\/strong><strong>,<\/strong> detall\u00f3 Sileoni. <strong>(VW)<\/strong><\/p>\n<p>&nbsp;<\/p>\n","protected":false},"excerpt":{"rendered":"<p>El gobierno de la provincia oficializ\u00f3 la adhesi\u00f3n de la quinta hora extra en escuelas primarias, que se destinar\u00e1 al \u201cFortalecimiento de la producci\u00f3n escrita, la comprensi\u00f3n lectora, y la pr\u00e1ctica matem\u00e1tica y cient\u00edfica\u201d.<\/p>\n","protected":false},"author":4,"featured_media":7743,"comment_status":"closed","ping_status":"closed","sticky":false,"template":"","format":"standard","meta":{"_monsterinsights_skip_tracking":false,"_monsterinsights_sitenote_active":false,"_monsterinsights_sitenote_note":"","_monsterinsights_sitenote_category":0,"footnotes":""},"categories":[7,5],"tags":[3209,751,2160,3208],"class_list":["post-7740","post","type-post","status-publish","format-standard","has-post-thumbnail","hentry","category-educacion-y-cultura","category-sociedad","tag-escuelas-primarias","tag-provincia-de-buenos-aires","tag-sileoni","tag-una-hora-extra-de-clases"],"_links":{"self":[{"href":"https:\/\/www.visionweb.com.ar\/index.php?rest_route=\/wp\/v2\/posts\/7740","targetHints":{"allow":["GET"]}}],"collection":[{"href":"https:\/\/www.visionweb.com.ar\/index.php?rest_route=\/wp\/v2\/posts"}],"about":[{"href":"https:\/\/www.visionweb.com.ar\/index.php?rest_route=\/wp\/v2\/types\/post"}],"author":[{"embeddable":true,"href":"https:\/\/www.visionweb.com.ar\/index.php?rest_route=\/wp\/v2\/users\/4"}],"replies":[{"embeddable":true,"href":"https:\/\/www.visionweb.com.ar\/index.php?rest_route=%2Fwp%2Fv2%2Fcomments&post=7740"}],"version-history":[{"count":2,"href":"https:\/\/www.visionweb.com.ar\/index.php?rest_route=\/wp\/v2\/posts\/7740\/revisions"}],"predecessor-version":[{"id":7744,"href":"https:\/\/www.visionweb.com.ar\/index.php?rest_route=\/wp\/v2\/posts\/7740\/revisions\/7744"}],"wp:featuredmedia":[{"embeddable":true,"href":"https:\/\/www.visionweb.com.ar\/index.php?rest_route=\/wp\/v2\/media\/7743"}],"wp:attachment":[{"href":"https:\/\/www.visionweb.com.ar\/index.php?rest_route=%2Fwp%2Fv2%2Fmedia&parent=7740"}],"wp:term":[{"taxonomy":"category","embeddable":true,"href":"https:\/\/www.visionweb.com.ar\/index.php?rest_route=%2Fwp%2Fv2%2Fcategories&post=7740"},{"taxonomy":"post_tag","embeddable":true,"href":"https:\/\/www.visionweb.com.ar\/index.php?rest_route=%2Fwp%2Fv2%2Ftags&post=7740"}],"curies":[{"name":"wp","href":"https:\/\/api.w.org\/{rel}","templated":true}]}}