{"id":7711,"date":"2022-10-17T10:32:47","date_gmt":"2022-10-17T13:32:47","guid":{"rendered":"https:\/\/www.visionweb.com.ar\/?p=7711"},"modified":"2022-10-17T10:32:47","modified_gmt":"2022-10-17T13:32:47","slug":"lanus-abrio-la-delegacion-municipal-remedios-de-escalada-oeste","status":"publish","type":"post","link":"https:\/\/www.visionweb.com.ar\/?p=7711","title":{"rendered":"Lan\u00fas: Abri\u00f3 la Delegaci\u00f3n Municipal Remedios de Escalada Oeste"},"content":{"rendered":"<p><em><strong>Este nuevo espacio brinda atenci\u00f3n a los servicios del Municipio para que la comunidad de la zona pueda realizar tr\u00e1mites sin necesidad de desplazarse hasta las oficinas centrales.<\/strong><\/em><!--more--><\/p>\n<div id=\"attachment_7713\" style=\"width: 310px\" class=\"wp-caption alignleft\"><img loading=\"lazy\" decoding=\"async\" aria-describedby=\"caption-attachment-7713\" class=\"wp-image-7713 size-medium\" src=\"https:\/\/www.visionweb.com.ar\/wp-content\/uploads\/2022\/10\/delegac-muni-escal-300x201.jpg\" alt=\"\" width=\"300\" height=\"201\" srcset=\"https:\/\/www.visionweb.com.ar\/wp-content\/uploads\/2022\/10\/delegac-muni-escal-300x201.jpg 300w, https:\/\/www.visionweb.com.ar\/wp-content\/uploads\/2022\/10\/delegac-muni-escal-768x514.jpg 768w, https:\/\/www.visionweb.com.ar\/wp-content\/uploads\/2022\/10\/delegac-muni-escal.jpg 784w\" sizes=\"auto, (max-width: 300px) 100vw, 300px\" \/><p id=\"caption-attachment-7713\" class=\"wp-caption-text\">Acto de inauguraci\u00f3n de la sede Escalada Oeste. (Fotos: Prensa de Lan\u00fas)<\/p><\/div>\n<p><strong>\u00a0 \u00a0 \u00a0 \u00a0 L<\/strong>a Delegaci\u00f3n Remedios de Escalada Oeste ya abri\u00f3 sus puertas para realizar el seguimiento y asesoramiento a los vecinos y vecinas del barrio, y atender las distintas solicitudes, reclamos y\/o necesidades que presenten.<\/p>\n<p>Esta nueva sede atiende en el horario de 8 a 14, est\u00e1 ubicada en Av. Hip\u00f3lito Yrigoyen 6341, y se encuentra conectada con el Centro de Atenci\u00f3n Vecinal para dar respuesta inmediata a los distintos reclamos.<\/p>\n<p>All\u00ed tambi\u00e9n se puede gestionar el arreglo de las calles ubicadas en su zona de influencia, cumplir <strong>tareas de poda<\/strong>, raleo, recolecci\u00f3n de \u00e1ridos y <strong>recambio de luminarias<\/strong>, conforme indic\u00f3 Prensa de Lan\u00fas.<\/p>\n<p>Adem\u00e1s de las m\u00faltiples tareas que ofrece la sede, se efectuar\u00e1 la <strong>impresi\u00f3n de multas del Tribunal de Faltas<\/strong>, las boletas vigentes (TSG y automotores), la <strong>asistencia para la solicitud de turnos<\/strong> y la atenci\u00f3n y asesoramiento en general con tr\u00e1mites no afectados al Municipio. No se realizan pagos en la misma.<\/p>\n<p><img loading=\"lazy\" decoding=\"async\" class=\"size-medium wp-image-7714 alignright\" src=\"https:\/\/www.visionweb.com.ar\/wp-content\/uploads\/2022\/10\/Delegac-muni-escl-oestr-274x300.jpg\" alt=\"\" width=\"274\" height=\"300\" srcset=\"https:\/\/www.visionweb.com.ar\/wp-content\/uploads\/2022\/10\/Delegac-muni-escl-oestr-274x300.jpg 274w, https:\/\/www.visionweb.com.ar\/wp-content\/uploads\/2022\/10\/Delegac-muni-escl-oestr.jpg 510w\" sizes=\"auto, (max-width: 274px) 100vw, 274px\" \/>La sede de Remedios de Escalada Oeste <strong>es la s\u00e9ptima en inaugurarse<\/strong> en el distrito. A fines del corriente mes abrir\u00e1 sus puertas la Delegaci\u00f3n Remedios de Escalada Este y antes de finalizar el a\u00f1o, las sedes de Lan\u00fas Este y Lan\u00fas Oeste, para completar as\u00ed el <strong>plan Proyecci\u00f3n 2022<\/strong> del abordaje territorial del Municipio, el cual contar\u00e1 con <strong>11 Delegaciones y Subdelegaciones <\/strong>distribuidas estrat\u00e9gicamente en el distrito.<\/p>\n<p>Junto al Jefe de Gabinete Diego Kravetz, acompa\u00f1aron el subsecretario de Delegaciones, Facundo Prieto y el delegado de la zona, <strong>Diego Pallares<\/strong>.<\/p>\n<p>Cabe recordar que para cualquier consulta, el tel\u00e9fono habilitado es el 4357-5100, en el horario de 8 a 14 hs. <strong>(VW)<\/strong><\/p>\n","protected":false},"excerpt":{"rendered":"<p>Este nuevo espacio brinda atenci\u00f3n a los servicios del Municipio para que la comunidad de la zona pueda realizar tr\u00e1mites sin necesidad de desplazarse hasta las oficinas centrales.<\/p>\n","protected":false},"author":4,"featured_media":7714,"comment_status":"closed","ping_status":"closed","sticky":false,"template":"","format":"standard","meta":{"_monsterinsights_skip_tracking":false,"_monsterinsights_sitenote_active":false,"_monsterinsights_sitenote_note":"","_monsterinsights_sitenote_category":0,"footnotes":""},"categories":[8],"tags":[3199,3201,3200,241,19],"class_list":["post-7711","post","type-post","status-publish","format-standard","has-post-thumbnail","hentry","category-interes-general","tag-delegacion-municipal-escalada-oeste","tag-diego-pallares","tag-facundo-prieto","tag-kravetz","tag-lanus"],"_links":{"self":[{"href":"https:\/\/www.visionweb.com.ar\/index.php?rest_route=\/wp\/v2\/posts\/7711","targetHints":{"allow":["GET"]}}],"collection":[{"href":"https:\/\/www.visionweb.com.ar\/index.php?rest_route=\/wp\/v2\/posts"}],"about":[{"href":"https:\/\/www.visionweb.com.ar\/index.php?rest_route=\/wp\/v2\/types\/post"}],"author":[{"embeddable":true,"href":"https:\/\/www.visionweb.com.ar\/index.php?rest_route=\/wp\/v2\/users\/4"}],"replies":[{"embeddable":true,"href":"https:\/\/www.visionweb.com.ar\/index.php?rest_route=%2Fwp%2Fv2%2Fcomments&post=7711"}],"version-history":[{"count":2,"href":"https:\/\/www.visionweb.com.ar\/index.php?rest_route=\/wp\/v2\/posts\/7711\/revisions"}],"predecessor-version":[{"id":7715,"href":"https:\/\/www.visionweb.com.ar\/index.php?rest_route=\/wp\/v2\/posts\/7711\/revisions\/7715"}],"wp:featuredmedia":[{"embeddable":true,"href":"https:\/\/www.visionweb.com.ar\/index.php?rest_route=\/wp\/v2\/media\/7714"}],"wp:attachment":[{"href":"https:\/\/www.visionweb.com.ar\/index.php?rest_route=%2Fwp%2Fv2%2Fmedia&parent=7711"}],"wp:term":[{"taxonomy":"category","embeddable":true,"href":"https:\/\/www.visionweb.com.ar\/index.php?rest_route=%2Fwp%2Fv2%2Fcategories&post=7711"},{"taxonomy":"post_tag","embeddable":true,"href":"https:\/\/www.visionweb.com.ar\/index.php?rest_route=%2Fwp%2Fv2%2Ftags&post=7711"}],"curies":[{"name":"wp","href":"https:\/\/api.w.org\/{rel}","templated":true}]}}