{"id":7708,"date":"2022-10-17T10:14:24","date_gmt":"2022-10-17T13:14:24","guid":{"rendered":"https:\/\/www.visionweb.com.ar\/?p=7708"},"modified":"2022-10-17T10:14:24","modified_gmt":"2022-10-17T13:14:24","slug":"como-sera-la-plaza-del-cincuentenario-en-la-unlz","status":"publish","type":"post","link":"https:\/\/www.visionweb.com.ar\/?p=7708","title":{"rendered":"\u00bfC\u00f3mo ser\u00e1 la Plaza del Cincuentenario en la UNLZ?"},"content":{"rendered":"<p>El espacio fue presentado en el marco de la agenda de actividades de la semana aniversario. Contendr\u00e1 un anfiteatro a cielo abierto y comenzar\u00e1 a construirse en las pr\u00f3ximas semanas.<!--more--><\/p>\n<p><img loading=\"lazy\" decoding=\"async\" class=\"size-medium wp-image-7709 alignright\" src=\"https:\/\/www.visionweb.com.ar\/wp-content\/uploads\/2022\/10\/PLAZA-UNIVERSITARA-300x132.png\" alt=\"\" width=\"300\" height=\"132\" srcset=\"https:\/\/www.visionweb.com.ar\/wp-content\/uploads\/2022\/10\/PLAZA-UNIVERSITARA-300x132.png 300w, https:\/\/www.visionweb.com.ar\/wp-content\/uploads\/2022\/10\/PLAZA-UNIVERSITARA.png 640w\" sizes=\"auto, (max-width: 300px) 100vw, 300px\" \/>\u00a0 \u00a0 \u00a0 \u00a0 \u00a0<strong>A<\/strong>utoridades de la Universidad Nacional de Lomas de Zamora (UNLZ) descubrieron la Piedra Fundamental de la Plaza del Cincuentenario, rubricaron el Manifiesto por los 50 a\u00f1os de la casa de estudios y procedieron al cierre de la c\u00e1psula del tiempo en la que la comunidad universitaria dej\u00f3 su mensaje a futuras generaciones, como parte de la agenda de actividades del martes previo al aniversario.<\/p>\n<p>La Piedra Fundamental de la Plaza del Cincuentenario se encuentra entre la Facultad de Ciencias Sociales y Derecho, en el centro del campus de la UNLZ.<\/p>\n<p>Seg\u00fan la placa colocada en el sitio donde comenzar\u00e1n las obras, este lugar representar\u00e1 \u201cla renovaci\u00f3n del compromiso\u201d de la Comunidad UNLZ con la defensa de los \u201cvalores comunes\u201d, representados por el acceso, la gratitud, la calidad y la igualdad de oportunidades.<\/p>\n<p>Los trabajos para su emplazamiento, que comenzar\u00edan a desarrollarse en las pr\u00f3ximas semanas, contemplan la construcci\u00f3n de espacios compartidos y un anfiteatro a cielo abierto.<\/p>\n<p>Tambi\u00e9n el martes 11, durante una sesi\u00f3n extraordinaria del Consejo Superior, se rubric\u00f3 el Manifiesto del Cincuentenario, el cual reafirma \u201cel compromiso institucional con el Conurbano Bonaerense como territorio y con la juventud como sujeto\u201d.<\/p>\n<p>El documento cont\u00f3 con la signatura del Rector, Diego Molea; los vicerrectores Administrativo, Horacio Gegunde, y Acad\u00e9mico, Alejandro Kuruc, y los decanos de las Facultades de Ciencias Agrarias, N\u00e9stor Urretabizkaya; Derecho, Mar\u00eda Fernanda Vazquez; Ciencias Econ\u00f3micas, Gabriel Franchignoni; Ingenier\u00eda, Oscar Pascal, y Ciencias Sociales, Gustavo Na\u00f3n.<\/p>\n<p>Al finalizar la sesi\u00f3n, se procedi\u00f3 al cierre de la c\u00e1psula del tiempo, que se conservar\u00e1 en el edificio del Auditorio Central y ser\u00e1 abierta el 13 de octubre de 2072, cuando la casa de estudios cumpla 100 a\u00f1os. All\u00ed, las facultades depositaron mensajes y elementos que dan cuenta de las primeras cinco d\u00e9cadas de historia.<\/p>\n<p>La Facultad de Ciencias Econ\u00f3micas aport\u00f3 un libro de firmas, fotos que los estudiantes dejaron y una bandera en defensa de la \u201cuniversidad p\u00fablica\u201d; Ciencias Sociales dej\u00f3 mensajes de la comunidad acad\u00e9mica compilados en un libro y una hoja en blanco \u201cpara que sigan escribiendo la historia\u201d.<\/p>\n<p>Por su parte la facultad de Derecho coloc\u00f3 un libro con fotos y mensajes de los estudiantes; Ingenier\u00eda opt\u00f3 por los formatos digitales para testimoniar su historia; y Ciencias Agrarias deposit\u00f3 material gen\u00e9tico de plantas nativas de la zona de Santa Catalina y una cu\u00f1a de madera del edificio hist\u00f3rico de Santa Catalina. Cada facultad eligi\u00f3 qu\u00e9 elemento aportar<strong>(VW)<\/strong><\/p>\n<p>&nbsp;<\/p>\n","protected":false},"excerpt":{"rendered":"<p>El espacio fue presentado en el marco de la agenda de actividades de la semana aniversario. Contendr\u00e1 un anfiteatro a cielo abierto y comenzar\u00e1 a construirse en las pr\u00f3ximas semanas.<\/p>\n","protected":false},"author":3,"featured_media":7709,"comment_status":"closed","ping_status":"closed","sticky":false,"template":"","format":"standard","meta":{"_monsterinsights_skip_tracking":false,"_monsterinsights_sitenote_active":false,"_monsterinsights_sitenote_note":"","_monsterinsights_sitenote_category":0,"footnotes":""},"categories":[7],"tags":[3198,3197,2321],"class_list":["post-7708","post","type-post","status-publish","format-standard","has-post-thumbnail","hentry","category-educacion-y-cultura","tag-piedra-fundamental","tag-plaza","tag-unlz"],"_links":{"self":[{"href":"https:\/\/www.visionweb.com.ar\/index.php?rest_route=\/wp\/v2\/posts\/7708","targetHints":{"allow":["GET"]}}],"collection":[{"href":"https:\/\/www.visionweb.com.ar\/index.php?rest_route=\/wp\/v2\/posts"}],"about":[{"href":"https:\/\/www.visionweb.com.ar\/index.php?rest_route=\/wp\/v2\/types\/post"}],"author":[{"embeddable":true,"href":"https:\/\/www.visionweb.com.ar\/index.php?rest_route=\/wp\/v2\/users\/3"}],"replies":[{"embeddable":true,"href":"https:\/\/www.visionweb.com.ar\/index.php?rest_route=%2Fwp%2Fv2%2Fcomments&post=7708"}],"version-history":[{"count":1,"href":"https:\/\/www.visionweb.com.ar\/index.php?rest_route=\/wp\/v2\/posts\/7708\/revisions"}],"predecessor-version":[{"id":7710,"href":"https:\/\/www.visionweb.com.ar\/index.php?rest_route=\/wp\/v2\/posts\/7708\/revisions\/7710"}],"wp:featuredmedia":[{"embeddable":true,"href":"https:\/\/www.visionweb.com.ar\/index.php?rest_route=\/wp\/v2\/media\/7709"}],"wp:attachment":[{"href":"https:\/\/www.visionweb.com.ar\/index.php?rest_route=%2Fwp%2Fv2%2Fmedia&parent=7708"}],"wp:term":[{"taxonomy":"category","embeddable":true,"href":"https:\/\/www.visionweb.com.ar\/index.php?rest_route=%2Fwp%2Fv2%2Fcategories&post=7708"},{"taxonomy":"post_tag","embeddable":true,"href":"https:\/\/www.visionweb.com.ar\/index.php?rest_route=%2Fwp%2Fv2%2Ftags&post=7708"}],"curies":[{"name":"wp","href":"https:\/\/api.w.org\/{rel}","templated":true}]}}