{"id":7705,"date":"2022-10-17T09:49:27","date_gmt":"2022-10-17T12:49:27","guid":{"rendered":"https:\/\/www.visionweb.com.ar\/?p=7705"},"modified":"2022-10-17T09:49:27","modified_gmt":"2022-10-17T12:49:27","slug":"kicillof-anuncio-dos-nuevas-subas-salariales","status":"publish","type":"post","link":"https:\/\/www.visionweb.com.ar\/?p=7705","title":{"rendered":"Kicillof anunci\u00f3 dos nuevas subas salariales"},"content":{"rendered":"<p><em><strong>Las subas fueron otorgadas a los estatales y a los docentes. En diciembre se completar\u00e1 el 90%. El aumento ser\u00e1 del 8 por ciento.<\/strong><\/em><!--more--><\/p>\n<p><strong>\u00a0 <img loading=\"lazy\" decoding=\"async\" class=\"size-medium wp-image-7706 alignright\" src=\"https:\/\/www.visionweb.com.ar\/wp-content\/uploads\/2022\/10\/Docentes-y-estatales-reciben-aumento-de-8-puntos-300x174.jpg\" alt=\"\" width=\"300\" height=\"174\" srcset=\"https:\/\/www.visionweb.com.ar\/wp-content\/uploads\/2022\/10\/Docentes-y-estatales-reciben-aumento-de-8-puntos-300x174.jpg 300w, https:\/\/www.visionweb.com.ar\/wp-content\/uploads\/2022\/10\/Docentes-y-estatales-reciben-aumento-de-8-puntos.jpg 640w\" sizes=\"auto, (max-width: 300px) 100vw, 300px\" \/> \u00a0 E<\/strong>l gobierno bonaerense anunci\u00f3 este lunes dos nuevas subas salariales, en octubre y en noviembre, de 8 puntos porcentuales cada una para trabajadores de la administraci\u00f3n p\u00fablica y docentes. Mientras que adem\u00e1s se elevar\u00e1 el piso de incremento de diciembre para completar una suba de un 90% de aumento, seg\u00fan se inform\u00f3 oficialmente.<\/p>\n<p>El gobernador Axel Kicillof se reuni\u00f3 esta ma\u00f1ana con autoridades de los gremios que representan a trabajadoras de la administraci\u00f3n p\u00fablica en el marco de la paritaria 2022. Adem\u00e1s de los gremios docentes y de los que representan a estatales de la ley 10.430, est\u00e1n contemplados los judiciales de la ABJ y los profesionales de la salud de Cicop.<\/p>\n<p>Adicionalmente, a partir de octubre, se inform\u00f3 que los montos cobrados en concepto de asignaciones familiares subir\u00e1n un 50% en relaci\u00f3n a los vigentes en septiembre. Los tramos continuar\u00e1n ajust\u00e1ndose autom\u00e1ticamente, tal como se acord\u00f3 en la paritaria de marzo.<\/p>\n<p>Tambi\u00e9n defini\u00f3 junto a los gremios la reapertura de la paritaria para fines de diciembre, para dar cierre a la negociaci\u00f3n del 2022<strong>(VW)<\/strong><\/p>\n<p>&nbsp;<\/p>\n","protected":false},"excerpt":{"rendered":"<p>Las subas fueron otorgadas a los estatales y a los docentes. En diciembre se completar\u00e1 el 90%. El aumento ser\u00e1 del 8 por ciento.<\/p>\n","protected":false},"author":3,"featured_media":7706,"comment_status":"closed","ping_status":"closed","sticky":false,"template":"","format":"standard","meta":{"_monsterinsights_skip_tracking":false,"_monsterinsights_sitenote_active":false,"_monsterinsights_sitenote_note":"","_monsterinsights_sitenote_category":0,"footnotes":""},"categories":[4],"tags":[3196,141,410,1907],"class_list":["post-7705","post","type-post","status-publish","format-standard","has-post-thumbnail","hentry","category-politica","tag-3196","tag-aumentos","tag-docentes","tag-estatales"],"_links":{"self":[{"href":"https:\/\/www.visionweb.com.ar\/index.php?rest_route=\/wp\/v2\/posts\/7705","targetHints":{"allow":["GET"]}}],"collection":[{"href":"https:\/\/www.visionweb.com.ar\/index.php?rest_route=\/wp\/v2\/posts"}],"about":[{"href":"https:\/\/www.visionweb.com.ar\/index.php?rest_route=\/wp\/v2\/types\/post"}],"author":[{"embeddable":true,"href":"https:\/\/www.visionweb.com.ar\/index.php?rest_route=\/wp\/v2\/users\/3"}],"replies":[{"embeddable":true,"href":"https:\/\/www.visionweb.com.ar\/index.php?rest_route=%2Fwp%2Fv2%2Fcomments&post=7705"}],"version-history":[{"count":1,"href":"https:\/\/www.visionweb.com.ar\/index.php?rest_route=\/wp\/v2\/posts\/7705\/revisions"}],"predecessor-version":[{"id":7707,"href":"https:\/\/www.visionweb.com.ar\/index.php?rest_route=\/wp\/v2\/posts\/7705\/revisions\/7707"}],"wp:featuredmedia":[{"embeddable":true,"href":"https:\/\/www.visionweb.com.ar\/index.php?rest_route=\/wp\/v2\/media\/7706"}],"wp:attachment":[{"href":"https:\/\/www.visionweb.com.ar\/index.php?rest_route=%2Fwp%2Fv2%2Fmedia&parent=7705"}],"wp:term":[{"taxonomy":"category","embeddable":true,"href":"https:\/\/www.visionweb.com.ar\/index.php?rest_route=%2Fwp%2Fv2%2Fcategories&post=7705"},{"taxonomy":"post_tag","embeddable":true,"href":"https:\/\/www.visionweb.com.ar\/index.php?rest_route=%2Fwp%2Fv2%2Ftags&post=7705"}],"curies":[{"name":"wp","href":"https:\/\/api.w.org\/{rel}","templated":true}]}}