{"id":7700,"date":"2022-10-14T17:19:11","date_gmt":"2022-10-14T20:19:11","guid":{"rendered":"https:\/\/www.visionweb.com.ar\/?p=7700"},"modified":"2022-10-14T17:19:11","modified_gmt":"2022-10-14T20:19:11","slug":"indec-la-inflacion-de-septiembre-fue-de-62","status":"publish","type":"post","link":"https:\/\/www.visionweb.com.ar\/?p=7700","title":{"rendered":"INDEC: La inflaci\u00f3n de septiembre fue de 6,2%"},"content":{"rendered":"<p><em><strong>El acumulado del a\u00f1o a septiembre es de 66,1%. El mayor aumento del noveno mes fue de prendas de vestir y calzado con un 10.6%. Tabaco y bebidas alcoh\u00f3licas sumaron 9,4%.<\/strong><\/em><!--more--><\/p>\n<p><strong>\u00a0 \u00a0 <img loading=\"lazy\" decoding=\"async\" class=\"size-medium wp-image-7702 alignright\" src=\"https:\/\/www.visionweb.com.ar\/wp-content\/uploads\/2022\/10\/indec-sep-2022-300x183.jpg\" alt=\"\" width=\"300\" height=\"183\" srcset=\"https:\/\/www.visionweb.com.ar\/wp-content\/uploads\/2022\/10\/indec-sep-2022-300x183.jpg 300w, https:\/\/www.visionweb.com.ar\/wp-content\/uploads\/2022\/10\/indec-sep-2022.bmp 675w\" sizes=\"auto, (max-width: 300px) 100vw, 300px\" \/>\u00a0 \u00a0 \u00a0 \u00a0E<\/strong>l Instituto Nacional de Estad\u00edstica y Censos (INDEC) inform\u00f3 esta tarde que inflaci\u00f3n de septiembre fue del 6,2% y alcanz\u00f3 un alza del\u00a0<strong>83% en los \u00faltimos 12 meses, <\/strong>dato que refleja que el cierre del 2022 llegar\u00eda a las tres cifras, con el mayor indicador en m\u00e1s de 30 a\u00f1os.<\/p>\n<p>A la vez, este dato de septiembre, indica un acumulado en los \u00faltimos 12 meses del 83%, el \u00edndice m\u00e1s alto en los \u00faltimos 31 a\u00f1os.<\/p>\n<p>La inflaci\u00f3n interanual que se encuentra en el 83%, es m\u00e1s de 30 puntos porcentuales superior a la que registraba el mismo mes en 2021, que fue del 52.5%.<\/p>\n<p><strong>El detalle por sectores:<\/strong><\/p>\n<p>La inflaci\u00f3n septiembre volvi\u00f3 a estar impulsada por el aumento en\u00a0<strong>\u201cPrendas de vestir y calzado\u201d (10,6%), seguido por \u201cBebidas alcoh\u00f3licas y tabaco\u201d (9,4%)<\/strong><strong>\u00a0<\/strong>en la que se destac\u00f3 el alza de los cigarrillos y \u201cBienes y servicios varios\u201d (6,8%).<\/p>\n<p>El aumento en\u00a0<strong>\u201cAlimentos y bebidas no alcoh\u00f3licas\u201d se ubic\u00f3 en el 6,7%<\/strong><strong>\u00a0<\/strong>y fue el sector de mayor incidencia de todas las regiones. Dentro de la divisi\u00f3n, se la suba m\u00e1s preponderante fue de\u00a0<strong>Verduras, tub\u00e9rculos y legumbres; Aceites, grasas y manteca; y Frutas.<\/strong><\/p>\n<p>Tambi\u00e9n la suba del 6% en \u201cEquipamiento y mantenimiento del hogar\u201d, impulsado por el\u00a0<strong>incremento salarial de trabajadores de casas particulares<\/strong>.<\/p>\n<p>Por su parte, el \u201cTransporte\u201d que aument\u00f3 5,8%, donde\u00a0<strong>impact\u00f3 la suba de las tarifas del transporte p\u00fablico<\/strong>, que comprende subterr\u00e1neo, taxi, a\u00e9reo y otros, y el arrastre que dej\u00f3 el aumento de los combustibles a fines de agosto. <strong>(VW)<\/strong><\/p>\n<p>&nbsp;<\/p>\n","protected":false},"excerpt":{"rendered":"<p>El acumulado del a\u00f1o a septiembre es de 66,1%. El mayor aumento del noveno mes fue de prendas de vestir y calzado con un 10.6%. Tabaco y bebidas alcoh\u00f3licas sumaron 9,4%.<\/p>\n","protected":false},"author":4,"featured_media":7702,"comment_status":"closed","ping_status":"closed","sticky":false,"template":"","format":"standard","meta":{"_monsterinsights_skip_tracking":false,"_monsterinsights_sitenote_active":false,"_monsterinsights_sitenote_note":"","_monsterinsights_sitenote_category":0,"footnotes":""},"categories":[6],"tags":[75,3195,327],"class_list":["post-7700","post","type-post","status-publish","format-standard","has-post-thumbnail","hentry","category-economia","tag-indec","tag-inflacion-de-septiembre-2022","tag-ipc"],"_links":{"self":[{"href":"https:\/\/www.visionweb.com.ar\/index.php?rest_route=\/wp\/v2\/posts\/7700","targetHints":{"allow":["GET"]}}],"collection":[{"href":"https:\/\/www.visionweb.com.ar\/index.php?rest_route=\/wp\/v2\/posts"}],"about":[{"href":"https:\/\/www.visionweb.com.ar\/index.php?rest_route=\/wp\/v2\/types\/post"}],"author":[{"embeddable":true,"href":"https:\/\/www.visionweb.com.ar\/index.php?rest_route=\/wp\/v2\/users\/4"}],"replies":[{"embeddable":true,"href":"https:\/\/www.visionweb.com.ar\/index.php?rest_route=%2Fwp%2Fv2%2Fcomments&post=7700"}],"version-history":[{"count":2,"href":"https:\/\/www.visionweb.com.ar\/index.php?rest_route=\/wp\/v2\/posts\/7700\/revisions"}],"predecessor-version":[{"id":7703,"href":"https:\/\/www.visionweb.com.ar\/index.php?rest_route=\/wp\/v2\/posts\/7700\/revisions\/7703"}],"wp:featuredmedia":[{"embeddable":true,"href":"https:\/\/www.visionweb.com.ar\/index.php?rest_route=\/wp\/v2\/media\/7702"}],"wp:attachment":[{"href":"https:\/\/www.visionweb.com.ar\/index.php?rest_route=%2Fwp%2Fv2%2Fmedia&parent=7700"}],"wp:term":[{"taxonomy":"category","embeddable":true,"href":"https:\/\/www.visionweb.com.ar\/index.php?rest_route=%2Fwp%2Fv2%2Fcategories&post=7700"},{"taxonomy":"post_tag","embeddable":true,"href":"https:\/\/www.visionweb.com.ar\/index.php?rest_route=%2Fwp%2Fv2%2Ftags&post=7700"}],"curies":[{"name":"wp","href":"https:\/\/api.w.org\/{rel}","templated":true}]}}