{"id":7679,"date":"2022-10-13T11:59:15","date_gmt":"2022-10-13T14:59:15","guid":{"rendered":"https:\/\/www.visionweb.com.ar\/?p=7679"},"modified":"2022-10-13T11:59:15","modified_gmt":"2022-10-13T14:59:15","slug":"este-finde-expo-canuelas-y-la-fiesta-del-dulce-de-leche-2022","status":"publish","type":"post","link":"https:\/\/www.visionweb.com.ar\/?p=7679","title":{"rendered":"Este finde: Expo Ca\u00f1uelas y la Fiesta del Dulce de Leche 2022"},"content":{"rendered":"<p><em><strong>Ca\u00f1uelas cumple 200 a\u00f1os de historia. Habr\u00e1 diversas actividades y espect\u00e1culos en vivo con \u00a0Axel, Los Palmeras, Los Carabajal, entre otros. Se premiar\u00e1 al mejor dulce de leche.<\/strong><\/em><!--more--><\/p>\n<p><strong>\u00a0\u00a0\u00a0\u00a0\u00a0 <img loading=\"lazy\" decoding=\"async\" class=\"size-medium wp-image-7681 alignright\" src=\"https:\/\/www.visionweb.com.ar\/wp-content\/uploads\/2022\/10\/canuelas-fiesta-del-dulce-de-leche2022-300x300.jpg\" alt=\"\" width=\"300\" height=\"300\" srcset=\"https:\/\/www.visionweb.com.ar\/wp-content\/uploads\/2022\/10\/canuelas-fiesta-del-dulce-de-leche2022-300x300.jpg 300w, https:\/\/www.visionweb.com.ar\/wp-content\/uploads\/2022\/10\/canuelas-fiesta-del-dulce-de-leche2022-150x150.jpg 150w, https:\/\/www.visionweb.com.ar\/wp-content\/uploads\/2022\/10\/canuelas-fiesta-del-dulce-de-leche2022-80x80.jpg 80w, https:\/\/www.visionweb.com.ar\/wp-content\/uploads\/2022\/10\/canuelas-fiesta-del-dulce-de-leche2022-320x320.jpg 320w, https:\/\/www.visionweb.com.ar\/wp-content\/uploads\/2022\/10\/canuelas-fiesta-del-dulce-de-leche2022-65x65.jpg 65w, https:\/\/www.visionweb.com.ar\/wp-content\/uploads\/2022\/10\/canuelas-fiesta-del-dulce-de-leche2022.bmp 559w\" sizes=\"auto, (max-width: 300px) 100vw, 300px\" \/>\u00a0\u00a0\u00a0\u00a0\u00a0\u00a0\u00a0\u00a0\u00a0 E<\/strong>n el marco de la\u00a0<strong>Expo Ca\u00f1uelas<\/strong><strong>, <\/strong>y la\u00a0<strong>Fiesta del Dulce de Leche 2022,\u00a0<\/strong>desde el viernes 14 al domingo 16 de octubre se podr\u00e1 disfrutar de varios eventos, con musicales, patio de comidas, stands y mucho m\u00e1s. Se trata de un evento que se realiza el Municipio desde hace 27 a\u00f1os.<\/p>\n<p>Seg\u00fan informa la p\u00e1gina oficial del Municipio, toda la comunidad est\u00e1 invitada a disfrutar de la nueva edici\u00f3n de la Expo Ca\u00f1uelas y Fiesta del Dulce de Leche que contar\u00e1 con \u00abexpositores, feria gastron\u00f3mica, degustaci\u00f3n de dulce de leche, productores, artesanos y patio cervecero. El sector de exposiciones estar\u00e1 compuesto por m\u00e1s de 60 stands de instituciones, industrias, y empresas\u00bb.<\/p>\n<p>A la vez, indicaron que se espera una fiesta r\u00e9cord con la participaci\u00f3n de grandes artistas convocados: \u00a0Axel, Los Palmeras, Los Tekis, Destino San Javier y Locho, Los Carabajal y muchos otros.<\/p>\n<p>Adem\u00e1s,<strong>\u00a0<\/strong>el sector de Dulce de Leche contar\u00e1 con alrededor de 40 productores, 14 de los cuales competir\u00e1n por el t\u00edtulo de<strong> \u201cMejor Dulce de Leche\u00bb en las categor\u00edas Familiar y Repostero.<\/strong><\/p>\n<p>En el certamen se premiar\u00e1 a los mejores dulces tradicionales y repostero, de acuerdo al fallo de un jurado t\u00e9cnico y se otorgar\u00e1 un premio especial <strong>mediante <\/strong>el voto de los presentes durante los tres d\u00edas de fiesta.<\/p>\n<p>La <strong>Expo Ca\u00f1uelas<\/strong>\u00a0surgi\u00f3 en a\u00f1o 1995<strong>\u00a0<\/strong>con el prop\u00f3sito de mostrar el comercio y la producci\u00f3n industrial y agropecuaria del distrito. En 1997 se incorpor\u00f3 la <strong>Fiesta del Dulce de Leche<\/strong>, que incluye una exposici\u00f3n y venta de productos y un concurso coordinado por la <strong>Direcci\u00f3n de Lecher\u00eda de la Provincia de Buenos Aires<\/strong>.<\/p>\n<p>A la vez este a\u00f1o el <strong>Partido de Ca\u00f1uelas cumple 200 a\u00f1os de historia<\/strong>, donde expositores y visitantes coronar\u00e1n el festejo.<\/p>\n<p><strong>As\u00ed, la Fiesta del Dulce de Leche Ca\u00f1uelas, este a\u00f1o tendr\u00e1:<\/strong><\/p>\n<p>210 puestos de comercios y productos artesanales.<\/p>\n<p>65 stands gastron\u00f3micos que conformar\u00e1n el patio cervecero y de comidas.<\/p>\n<p>Sectores destinados a ni\u00f1os y ni\u00f1as, con juegos y espacios del Banco Provincia y el Programa \u201cRecreo\u201d de la Provincia de Buenos Aires.<\/p>\n<p>Expositores y visitantes que coronar\u00e1n el festejo de los 200 a\u00f1os de historia de Ca\u00f1uelas.<\/p>\n<p><strong>C\u00f3mo adquirir las entradas:<\/strong><\/p>\n<p><strong>Las anticipadas tienen un valor de $200<\/strong>, y se pueden adquirir en instituciones intermedias: educativas, sociales y comunitarias, son a total beneficio de ellas.<\/p>\n<p>Las entradas\u00a0<strong>en puerta tienen un valor de $300<\/strong>, y se pueden adquirir en el predio durante la jornada. Menores de 12 a\u00f1os no abonan.<\/p>\n<p><strong>Aqu\u00ed la grilla de la Fiesta:<\/strong><\/p>\n<p><strong>Viernes 14: <\/strong><\/p>\n<p>A partir de las 18:00 horas: Mauro Alan, la BDN y Coraz\u00f3n de Luna.<\/p>\n<p>19.30 horas: presentaci\u00f3n de Tirri.<\/p>\n<p><strong>20:00 horas: show de Los Palmeras.<\/strong><\/p>\n<p><strong>S\u00e1bado 15:<\/strong><\/p>\n<p>A partir de las 18:00 horas: espect\u00e1culo de danza ShutUp &amp; Dance a cargo de Johana Rodriguez, y la m\u00fasica de Rom\u00e1n Ang\u00f3.<\/p>\n<p>19.30 horas: Destino San Javier y Locho.<\/p>\n<p><strong>20:00 horas: show de Axel.<\/strong><\/p>\n<p><strong>Domingo 16:<\/strong><\/p>\n<p>17:00 horas: Entrega de premios a los ganadores del concurso del dulce de leche. Shows de Bruno Carabel y el Ensamble de Rock del Instituto Cultural Ca\u00f1uelas.<\/p>\n<p>18:00 horas: Juan Fuentes (ex vocalista de Los Huayra) y Los Carabajal.<\/p>\n<p><strong>19:30 horas: gran cierre con Los Tekis.<\/strong><\/p>\n<p>Respecto al estacionamiento, el mismo ser\u00e1 <strong>a beneficio de los Bomberos Voluntarios de Ca\u00f1uelas<\/strong>, con un valor de $100.<\/p>\n<p>El predio de exposiciones est\u00e1 ubicado en la Rotonda Autopista Ezeiza-Ca\u00f1uelas y Ruta 205. <strong>(VW)<\/strong><\/p>\n<p>&nbsp;<\/p>\n","protected":false},"excerpt":{"rendered":"<p>Ca\u00f1uelas cumple 200 a\u00f1os de historia. Habr\u00e1 diversas actividades y espect\u00e1culos en vivo con \u00a0Axel, Los Palmeras, Los Carabajal, entre otros. Se premiar\u00e1 al mejor dulce de leche.<\/p>\n","protected":false},"author":4,"featured_media":7681,"comment_status":"closed","ping_status":"closed","sticky":false,"template":"","format":"standard","meta":{"_monsterinsights_skip_tracking":false,"_monsterinsights_sitenote_active":false,"_monsterinsights_sitenote_note":"","_monsterinsights_sitenote_category":0,"footnotes":""},"categories":[8,5],"tags":[3189,1928,3188,3187,82],"class_list":["post-7679","post","type-post","status-publish","format-standard","has-post-thumbnail","hentry","category-interes-general","category-sociedad","tag-200-anos","tag-canuelas","tag-expo-canuelas","tag-fiesta-del-dulce-de-leche","tag-municipalidad"],"_links":{"self":[{"href":"https:\/\/www.visionweb.com.ar\/index.php?rest_route=\/wp\/v2\/posts\/7679","targetHints":{"allow":["GET"]}}],"collection":[{"href":"https:\/\/www.visionweb.com.ar\/index.php?rest_route=\/wp\/v2\/posts"}],"about":[{"href":"https:\/\/www.visionweb.com.ar\/index.php?rest_route=\/wp\/v2\/types\/post"}],"author":[{"embeddable":true,"href":"https:\/\/www.visionweb.com.ar\/index.php?rest_route=\/wp\/v2\/users\/4"}],"replies":[{"embeddable":true,"href":"https:\/\/www.visionweb.com.ar\/index.php?rest_route=%2Fwp%2Fv2%2Fcomments&post=7679"}],"version-history":[{"count":2,"href":"https:\/\/www.visionweb.com.ar\/index.php?rest_route=\/wp\/v2\/posts\/7679\/revisions"}],"predecessor-version":[{"id":7682,"href":"https:\/\/www.visionweb.com.ar\/index.php?rest_route=\/wp\/v2\/posts\/7679\/revisions\/7682"}],"wp:featuredmedia":[{"embeddable":true,"href":"https:\/\/www.visionweb.com.ar\/index.php?rest_route=\/wp\/v2\/media\/7681"}],"wp:attachment":[{"href":"https:\/\/www.visionweb.com.ar\/index.php?rest_route=%2Fwp%2Fv2%2Fmedia&parent=7679"}],"wp:term":[{"taxonomy":"category","embeddable":true,"href":"https:\/\/www.visionweb.com.ar\/index.php?rest_route=%2Fwp%2Fv2%2Fcategories&post=7679"},{"taxonomy":"post_tag","embeddable":true,"href":"https:\/\/www.visionweb.com.ar\/index.php?rest_route=%2Fwp%2Fv2%2Ftags&post=7679"}],"curies":[{"name":"wp","href":"https:\/\/api.w.org\/{rel}","templated":true}]}}