{"id":7671,"date":"2022-10-13T10:14:49","date_gmt":"2022-10-13T13:14:49","guid":{"rendered":"https:\/\/www.visionweb.com.ar\/?p=7671"},"modified":"2022-10-13T10:14:49","modified_gmt":"2022-10-13T13:14:49","slug":"aysa-el-nuevo-cuadro-tarifario-comenzara-a-regir-en-noviembre","status":"publish","type":"post","link":"https:\/\/www.visionweb.com.ar\/?p=7671","title":{"rendered":"AYSA: El nuevo cuadro tarifario comenzar\u00e1 a regir en noviembre"},"content":{"rendered":"<p><em><strong>Se oficializ\u00f3 el esquema de segmentaci\u00f3n seg\u00fan el lugar de residencia. Habr\u00e1 que inscribirse, a modo de declaraci\u00f3n jurada.<\/strong><\/em><!--more--><\/p>\n<p><strong><img loading=\"lazy\" decoding=\"async\" class=\"size-medium wp-image-7673 alignright\" src=\"https:\/\/www.visionweb.com.ar\/wp-content\/uploads\/2022\/10\/aysa-1-300x158.jpg\" alt=\"\" width=\"300\" height=\"158\" srcset=\"https:\/\/www.visionweb.com.ar\/wp-content\/uploads\/2022\/10\/aysa-1-300x158.jpg 300w, https:\/\/www.visionweb.com.ar\/wp-content\/uploads\/2022\/10\/aysa-1.bmp 674w\" sizes=\"auto, (max-width: 300px) 100vw, 300px\" \/>E<\/strong>l Ministerio de Obras P\u00fablicas\u00a0<strong>oficializ\u00f3 el esquema de segmentaci\u00f3n tarifaria que regir\u00e1 a partir de noviembre<\/strong>\u00a0para los usuarios de Agua y Saneamientos Argentinos (AySA), y encomend\u00f3 al Ente Regulador de Agua y Saneamiento (ERAS) la conformaci\u00f3n de un \u00abRegistro de mantenimiento de subsidios\u00bb.<\/p>\n<p>La medida se dispuso\u00a0<strong>a trav\u00e9s de la resoluci\u00f3n 183\/2022 de la Secretar\u00eda de Obras P\u00fablicas<\/strong>\u00a0publicada este mi\u00e9rcoles en el Bolet\u00edn Oficial, \u00aba fin de evitar errores de exclusi\u00f3n\u00bb, teniendo en cuenta que la segmentaci\u00f3n establece una reducci\u00f3n de subsidios diferenciada seg\u00fan su coeficiente zonal.<\/p>\n<p>Con esta medida, los usuarios de la categor\u00eda residencial y bald\u00edo cuyos inmuebles se encuentren en \u00e1reas de Coeficientes Zonales 1,45; 1,30 y 1,10 (barrios del sur de la Ciudad de Buenos Aires y la mayor parte del conurbano bonaerense)<strong>\u00a0<\/strong><strong>pasar\u00e1n a pagar una tarifa que resultar\u00e1 de una reducci\u00f3n de 45% del valor pleno en noviembre y diciembre, del 30% en enero y febrero de 2023 y del 15% a partir de marzo del a\u00f1o pr\u00f3ximo.<\/strong><\/p>\n<p>Mientras que los usuarios de la categor\u00eda residencial y bald\u00edo cuyos inmuebles se localizan en \u00e1reas de Coeficientes Zonales 2,00; 1,80 y 1,60 (nivel medio, en barrios del centro y oeste de CABA y determinados puntos del Gran Buenos Aires),<strong>\u00a0tendr\u00e1n un descuento del 40% en el \u00faltimo bimestre de 2022 y del 20% en el primero de 2023,<\/strong>\u00a0elimin\u00e1ndose las quitas a partir de marzo.<\/p>\n<p>A la vez, se puntualiz\u00f3 que los no residenciales, sin distinci\u00f3n de coeficiente zonal,\u00a0<strong>tendr\u00e1n un esquema de reducci\u00f3n similar al de los usuarios de zonas de ingresos medios.<\/strong><\/p>\n<p>La resoluci\u00f3n se\u00f1ala en sus considerandos que AySA hab\u00eda elevado una propuesta de segmentaci\u00f3n tarifaria\u00a0que incluye \u201cun esquema de subsidios transitorios para usuarios y usuarias residenciales en zonales bajos y medios y para usuarios y usuarias no residenciales\u201d.<\/p>\n<p>\u201cA fin de evitar errores de exclusi\u00f3n, la Concesionaria propone\u00a0<strong>la implementaci\u00f3n de un \u2018Registro de Mantenimiento de Subsidios\u2019<\/strong>\u00a0a la cual podr\u00e1n acceder los usuarios y usuarias residenciales de los zonales altos y medios\u201d, indica la normativa.<\/p>\n<p>Con respecto a la <strong>Tarifa Social<\/strong> se aclar\u00f3 que, de cara al nuevo esquema tarifario, AySA<strong>\u00a0\u201cestima un incremento en el presupuesto del Programa de Tarifa Social<\/strong>\u00a0como una herramienta de apoyo a aquellos usuarios y usuarias que no pueden hacer frente al pago total de la factura permitiendo el acceso al agua potable\u201d.<\/p>\n<p>Esa propuesta, se agreg\u00f3 en los considerandos y<strong>\u00a0\u201ctiene el objeto de fortalecer los ingresos de la Concesionaria\u00a0<\/strong>y a la vez focalizar los esfuerzos del Estado Nacional en la asistencia de los usuarios y usuarias que pueden presentar dificultades para hacer frente al pago pleno de los servicios\u201d.<\/p>\n<p>A los efectos de la revisi\u00f3n de la distribuci\u00f3n de subsidios,\u00a0<strong>\u201cresulta procedente utilizar los coeficientes zonales,\u00a0<\/strong>dado que los mismos conforman el sistema de subsidios intra tarifarios entre los distintos niveles socioecon\u00f3micos\u201d, y son \u201cla herramienta tarifaria existente que mejor interpreta las diferencias de valuaci\u00f3n inmobiliaria como reflejo de la situaci\u00f3n socio econ\u00f3mica del usuario o usuaria\u201d, agreg\u00f3.<\/p>\n<p>En esa l\u00ednea se decidi\u00f3 la<strong> apertura del Registro de mantenimiento de subsidios, <\/strong><strong>a modo de \u201csolicitud de excepciones<\/strong><strong>\u00a0<\/strong>para aquellos usuarios y usuarias que justifiquen y acrediten mediante declaraci\u00f3n jurada no estar en condiciones de afrontar los importes tarifarios resultantes de una reducci\u00f3n del subsidio aplicado\u201d.<\/p>\n<p>Los requisitos para acceder al beneficio de ese registro\u00a0<strong>ser\u00e1n similares a los que rigen para los usuarios de energ\u00eda el\u00e9ctrica y gas<\/strong>, entre los que sobresale tener ingresos netos menores a un valor equivalente a dos Canastas B\u00e1sicas Totales (CBT).<\/p>\n<p>La norma aclara que AySA \u201ca trav\u00e9s de sus oficinas,\u00a0<strong>deber\u00e1 realizar la atenci\u00f3n presencial, facilitando la carga digital para aquellas personas que no tienen acceso a dicha tecnolog\u00eda<\/strong>, para lo cual habilitar\u00e1 la opci\u00f3n correspondiente en su sistema de turnos\u201d. <strong>(VW)<\/strong><\/p>\n<p>&nbsp;<\/p>\n","protected":false},"excerpt":{"rendered":"<p>Se oficializ\u00f3 el esquema de segmentaci\u00f3n seg\u00fan el lugar de residencia. Habr\u00e1 que inscribirse, a modo de declaraci\u00f3n jurada.<\/p>\n","protected":false},"author":4,"featured_media":7673,"comment_status":"closed","ping_status":"closed","sticky":false,"template":"","format":"standard","meta":{"_monsterinsights_skip_tracking":false,"_monsterinsights_sitenote_active":false,"_monsterinsights_sitenote_note":"","_monsterinsights_sitenote_category":0,"footnotes":""},"categories":[4,5],"tags":[787,3182,3180,3181,871],"class_list":["post-7671","post","type-post","status-publish","format-standard","has-post-thumbnail","hentry","category-politica","category-sociedad","tag-aysa","tag-coeficientes-zonales","tag-cuadro-tarifario","tag-registro-de-subsidios","tag-subsidios"],"_links":{"self":[{"href":"https:\/\/www.visionweb.com.ar\/index.php?rest_route=\/wp\/v2\/posts\/7671","targetHints":{"allow":["GET"]}}],"collection":[{"href":"https:\/\/www.visionweb.com.ar\/index.php?rest_route=\/wp\/v2\/posts"}],"about":[{"href":"https:\/\/www.visionweb.com.ar\/index.php?rest_route=\/wp\/v2\/types\/post"}],"author":[{"embeddable":true,"href":"https:\/\/www.visionweb.com.ar\/index.php?rest_route=\/wp\/v2\/users\/4"}],"replies":[{"embeddable":true,"href":"https:\/\/www.visionweb.com.ar\/index.php?rest_route=%2Fwp%2Fv2%2Fcomments&post=7671"}],"version-history":[{"count":2,"href":"https:\/\/www.visionweb.com.ar\/index.php?rest_route=\/wp\/v2\/posts\/7671\/revisions"}],"predecessor-version":[{"id":7674,"href":"https:\/\/www.visionweb.com.ar\/index.php?rest_route=\/wp\/v2\/posts\/7671\/revisions\/7674"}],"wp:featuredmedia":[{"embeddable":true,"href":"https:\/\/www.visionweb.com.ar\/index.php?rest_route=\/wp\/v2\/media\/7673"}],"wp:attachment":[{"href":"https:\/\/www.visionweb.com.ar\/index.php?rest_route=%2Fwp%2Fv2%2Fmedia&parent=7671"}],"wp:term":[{"taxonomy":"category","embeddable":true,"href":"https:\/\/www.visionweb.com.ar\/index.php?rest_route=%2Fwp%2Fv2%2Fcategories&post=7671"},{"taxonomy":"post_tag","embeddable":true,"href":"https:\/\/www.visionweb.com.ar\/index.php?rest_route=%2Fwp%2Fv2%2Ftags&post=7671"}],"curies":[{"name":"wp","href":"https:\/\/api.w.org\/{rel}","templated":true}]}}