{"id":7661,"date":"2022-10-12T13:06:25","date_gmt":"2022-10-12T16:06:25","guid":{"rendered":"https:\/\/www.visionweb.com.ar\/?p=7661"},"modified":"2022-10-12T13:06:25","modified_gmt":"2022-10-12T16:06:25","slug":"quedan-dos-fines-de-semana-largos-este-ano","status":"publish","type":"post","link":"https:\/\/www.visionweb.com.ar\/?p=7661","title":{"rendered":"\u00a0Quedan dos fines de semana largos este a\u00f1o"},"content":{"rendered":"<p><em><strong>Los pr\u00f3ximos Feriados ser\u00e1n en noviembre y diciembre, ideales para disfrutar de una escapadita.<\/strong><\/em><!--more--><\/p>\n<p><strong>\u00a0\u00a0\u00a0\u00a0\u00a0\u00a0\u00a0\u00a0\u00a0\u00a0\u00a0 <img loading=\"lazy\" decoding=\"async\" class=\"size-medium wp-image-7663 alignleft\" src=\"https:\/\/www.visionweb.com.ar\/wp-content\/uploads\/2022\/10\/calendario-feriados-300x198.jpg\" alt=\"\" width=\"300\" height=\"198\" srcset=\"https:\/\/www.visionweb.com.ar\/wp-content\/uploads\/2022\/10\/calendario-feriados-300x198.jpg 300w, https:\/\/www.visionweb.com.ar\/wp-content\/uploads\/2022\/10\/calendario-feriados.bmp 620w\" sizes=\"auto, (max-width: 300px) 100vw, 300px\" \/>\u00a0\u00a0\u00a0\u00a0\u00a0\u00a0\u00a0\u00a0 L<\/strong>uego del reciente finde XXL, el pr\u00f3ximo\u00a0<strong>fin de semana largo<\/strong><strong>\u00a0es el del 20 de noviembre<\/strong>, por el\u00a0D\u00eda de la Soberan\u00eda Nacional, que cae domingo, y el<strong>\u00a0<\/strong>lunes 21 de noviembre\u00a0se decret\u00f3 feriado con fines tur\u00edsticos.<\/p>\n<p>Mediante el Decreto 789\/2021 firmado por el presidente Alberto Fern\u00e1ndez, se estableci\u00f3 que <strong>el lunes 21 ser\u00e1 feriado con fines tur\u00edsticos<\/strong>.<\/p>\n<p>De esta forma,\u00a0<strong>ese fin de semana se extender\u00e1 por tres d\u00edas<\/strong>, con un descanso extra para los trabajadores y una jornada ideal para realizar una breve escapada para disfrutar.<\/p>\n<p>Luego, el \u00faltimo fin de semana largo del a\u00f1o llegar\u00e1 en diciembre y ser\u00e1 entre el\u00a0<strong>jueves 8<\/strong>\u00a0 por el D\u00eda de la Virgen y el domingo 11, ya que el <strong>viernes 9 fue decretado feriado puente<\/strong> con fines tur\u00edsticos.<\/p>\n<p>En total este a\u00f1o, cuenta con un total de\u00a0<strong>17 d\u00edas festivos<\/strong>, de los cuales 12 son\u00a0<strong>inamovibles<\/strong>, dos\u00a0<strong>trasladables<\/strong><strong>\u00a0<\/strong>y tres con\u00a0<strong>fines tur\u00edsticos<\/strong>.<\/p>\n<p>Respecto a los fines de semana XXL, suman cuatro a lo largo del a\u00f1o, contando el que se viene en diciembre.<\/p>\n<p><strong>Las diferencias entre feriados y d\u00edas no laborables:<\/strong><\/p>\n<p>Durante los <strong>feriados<\/strong>, los empleados <strong>no tienen la\u00a0obligaci\u00f3n de trabajar.\u00a0<\/strong>Si lo hacen, se les debe abonar<strong>\u00a0<\/strong><strong>jornada doble<\/strong>, es decir un 100% m\u00e1s que un d\u00eda normal.<\/p>\n<p>A la vez, cuando un d\u00eda feriado tradicional no se trabaja, se deber\u00e1 abonar a los empleados como jornada simple, aunque no hayan concurrido al trabajo, o realizado tareas.<\/p>\n<p>En los\u00a0<strong>d\u00edas no laborables<\/strong>, a diferencia de los feriados, los <strong>empleadores<\/strong><strong>\u00a0<\/strong>son quienes tienen la decisi\u00f3n de trabajar o no.<\/p>\n<p>Si se trabaja\u00a0<strong>no se incluye ning\u00fan pago adicional ni diferenciado<\/strong>, es decir que es igual que cualquier otro d\u00eda. Pero si no se trabaja por decisi\u00f3n del empleador,\u00a0la diferencia radica en que <strong>el d\u00eda no debe recuperarse<\/strong>. <strong>(VW)<\/strong><\/p>\n<p>&nbsp;<\/p>\n","protected":false},"excerpt":{"rendered":"<p>Los pr\u00f3ximos Feriados ser\u00e1n en noviembre y diciembre, ideales para disfrutar de una escapadita.<\/p>\n","protected":false},"author":4,"featured_media":7663,"comment_status":"closed","ping_status":"closed","sticky":false,"template":"","format":"standard","meta":{"_monsterinsights_skip_tracking":false,"_monsterinsights_sitenote_active":false,"_monsterinsights_sitenote_note":"","_monsterinsights_sitenote_category":0,"footnotes":""},"categories":[8,700],"tags":[323,3176,3177,3175,3174],"class_list":["post-7661","post","type-post","status-publish","format-standard","has-post-thumbnail","hentry","category-interes-general","category-turismo","tag-calendario","tag-dia-de-la-soberania","tag-dia-de-la-virgen","tag-feriados-puente","tag-fnes-de-semana-largos"],"_links":{"self":[{"href":"https:\/\/www.visionweb.com.ar\/index.php?rest_route=\/wp\/v2\/posts\/7661","targetHints":{"allow":["GET"]}}],"collection":[{"href":"https:\/\/www.visionweb.com.ar\/index.php?rest_route=\/wp\/v2\/posts"}],"about":[{"href":"https:\/\/www.visionweb.com.ar\/index.php?rest_route=\/wp\/v2\/types\/post"}],"author":[{"embeddable":true,"href":"https:\/\/www.visionweb.com.ar\/index.php?rest_route=\/wp\/v2\/users\/4"}],"replies":[{"embeddable":true,"href":"https:\/\/www.visionweb.com.ar\/index.php?rest_route=%2Fwp%2Fv2%2Fcomments&post=7661"}],"version-history":[{"count":2,"href":"https:\/\/www.visionweb.com.ar\/index.php?rest_route=\/wp\/v2\/posts\/7661\/revisions"}],"predecessor-version":[{"id":7664,"href":"https:\/\/www.visionweb.com.ar\/index.php?rest_route=\/wp\/v2\/posts\/7661\/revisions\/7664"}],"wp:featuredmedia":[{"embeddable":true,"href":"https:\/\/www.visionweb.com.ar\/index.php?rest_route=\/wp\/v2\/media\/7663"}],"wp:attachment":[{"href":"https:\/\/www.visionweb.com.ar\/index.php?rest_route=%2Fwp%2Fv2%2Fmedia&parent=7661"}],"wp:term":[{"taxonomy":"category","embeddable":true,"href":"https:\/\/www.visionweb.com.ar\/index.php?rest_route=%2Fwp%2Fv2%2Fcategories&post=7661"},{"taxonomy":"post_tag","embeddable":true,"href":"https:\/\/www.visionweb.com.ar\/index.php?rest_route=%2Fwp%2Fv2%2Ftags&post=7661"}],"curies":[{"name":"wp","href":"https:\/\/api.w.org\/{rel}","templated":true}]}}