{"id":7657,"date":"2022-10-12T11:49:11","date_gmt":"2022-10-12T14:49:11","guid":{"rendered":"https:\/\/www.visionweb.com.ar\/?p=7657"},"modified":"2022-10-12T11:49:11","modified_gmt":"2022-10-12T14:49:11","slug":"repudio-generalizado-por-la-amenaza-mafiosa-en-telefe-rosario","status":"publish","type":"post","link":"https:\/\/www.visionweb.com.ar\/?p=7657","title":{"rendered":"Repudio generalizado por la amenaza mafiosa en Telef\u00e9-Rosario"},"content":{"rendered":"<p><em><strong>Asociaciones de medios de comunicaci\u00f3n, sindicatos y pol\u00edticos repudiaron la amenaza narco a periodistas en Rosario.<\/strong><\/em><!--more--><\/p>\n<div id=\"attachment_7659\" style=\"width: 310px\" class=\"wp-caption alignright\"><img loading=\"lazy\" decoding=\"async\" aria-describedby=\"caption-attachment-7659\" class=\"wp-image-7659 size-medium\" src=\"https:\/\/www.visionweb.com.ar\/wp-content\/uploads\/2022\/10\/amenza-en-rosario-a-periodistas-11-oct22-300x235.jpg\" alt=\"\" width=\"300\" height=\"235\" srcset=\"https:\/\/www.visionweb.com.ar\/wp-content\/uploads\/2022\/10\/amenza-en-rosario-a-periodistas-11-oct22-300x235.jpg 300w, https:\/\/www.visionweb.com.ar\/wp-content\/uploads\/2022\/10\/amenza-en-rosario-a-periodistas-11-oct22.bmp 656w\" sizes=\"auto, (max-width: 300px) 100vw, 300px\" \/><p id=\"caption-attachment-7659\" class=\"wp-caption-text\">El cartel con amenazas en Telef\u00e9 Rosario. (Imagen: internet)<\/p><\/div>\n<p><strong>L<\/strong>a ma\u00f1ana del martes 11 apareci\u00f3 con un cartel que conten\u00eda un mensaje amenazante hacia periodistas, en la puerta de <strong>la sede del canal de noticias Telefe Rosario<\/strong>, provincia de Santa Fe, Argentina. La leyenda advert\u00eda con \u201cmatar periodistas\u201d ya que \u201ccon la mafia no se jode\u201d.<\/p>\n<p>En ese contexto, el secretario general del Sindicato de Prensa de Rosario, Edgardo Carmona, declar\u00f3 en AM750: \u00abHay que tomarlo muy en serio\u00bb.<\/p>\n<p>\u00abEs un hecho grav\u00edsimo que nos preocupa y mucho en un contexto de inseguridad que se vive en Rosario, donde los periodistas no pueden entrar a los barrios por la narcodelincuencia\u00bb,\u00a0<strong>asegur\u00f3 el secretario del Sindicato, <\/strong>en declaraciones a la prensa local.<\/p>\n<p>A la vez, el gremialista dijo que\u00a0<strong>el sindicato radic\u00f3 la denuncia ante el Ministerio P\u00fablico Fiscal \u00abpara que se investigue\u00bb<\/strong><strong>\u00a0<\/strong>y dijo que ya se pidi\u00f3 una audiencia al gobernador de Santa Fe, Omar Perotti, para que a trav\u00e9s del Ministerio de Seguridad \u00abse act\u00fae con celeridad y evitar que esto escale\u00bb.<\/p>\n<p><strong>\u00abLa intimidaci\u00f3n no se puede dejar pasar. Es un intento por silenciar, disciplinar\u00bb,<\/strong>\u00a0indic\u00f3 Carmona.<\/p>\n<p>En esa l\u00ednea, la <strong>Asociaci\u00f3n de Entidades Period\u00edsticas Argentinas<\/strong> (ADEPA), subray\u00f3 que:\u00a0\u201cAlertamos por la grave amenaza a medios y periodistas rosarinos por parte de bandas de narcotraficantes que operan en esa ciudad\u201d, en la cuenta oficial de Twitter de ADEPA.<\/p>\n<p>A la vez, recordaron que en su reciente informe de libertad de prensa remarcaron la necesidad de: \u201celevar la voz por el riesgo que implica para la integridad f\u00edsica y la seguridad personal de periodistas y medios el fen\u00f3meno creciente del narcotr\u00e1fico y otras formas de crimen organizado en el pa\u00eds\u201d.<\/p>\n<p>En tanto, desde el sector gremial, la <strong>Federaci\u00f3n Argentina de Trabajadores de Prensa<\/strong> (FATPREN) manifest\u00f3 su \u201cm\u00e1s en\u00e9rgico repudio al mensaje aparecido en el Canal 5 de Rosario que amenaza con empezar a \u2018matar periodistas\u2019. Hacemos llegar nuestra solidaridad al Sindicato de Prensa de Rosario y a las y los trabajadores de prensa de la ciudad\u201d.<\/p>\n<p>Tambi\u00e9n la <strong>Fundaci\u00f3n LED<\/strong> (Libertad de Expresi\u00f3n + Democracia) expuso \u201csu profunda preocupaci\u00f3n por las graves amenazas a la prensa por parte de bandas narco criminales, en la ciudad de Rosario, Provincia de Santa Fe\u201d. \u201cEste tipo de amenazas constituye una clara limitaci\u00f3n al ejercicio de la libertad de expresi\u00f3n y de prensa y al derecho al acceso a la informaci\u00f3n por parte de los ciudadanos consagrados en nuestra Constituci\u00f3n Nacional y en los Tratados Internacionales que la integran\u201d, detallaron.<\/p>\n<p>Por su parte, el <strong>Foro de Periodismo Argentino<\/strong> (FOPEA) expres\u00f3 \u201csu en\u00e9rgico repudio a la amenaza registrada contra los periodistas de Rosario y expresa su solidaridad\u201d. A su vez, la entidad exhort\u00f3 \u201ca las autoridades provinciales a esclarecer este hecho y a garantizar la integridad f\u00edsica de los trabajadores de prensa, en particular en una ciudad en la que la violencia criminal agrega un contexto de extrema hostilidad y desprotecci\u00f3n para los colegas\u201d.<\/p>\n<p><strong>El cartel:<\/strong> \u00abA todos los medios de Rosario. Dejen ensuciar y condenar a los pibes con la lengua. Vamos a matar a periodistas. Con la mafia no se jode\u00bb, dec\u00eda el cartel. Y conclu\u00eda: \u00abSi no, caravana con El Noba\u00bb, en referencia al cantante de cumbia fallecido en un siniestro vial. <strong>(VW)<\/strong><\/p>\n<p><strong>\u00a0<\/strong><\/p>\n","protected":false},"excerpt":{"rendered":"<p>Asociaciones de medios de comunicaci\u00f3n, sindicatos y pol\u00edticos repudiaron la amenaza narco a periodistas en Rosario.<\/p>\n","protected":false},"author":4,"featured_media":7659,"comment_status":"closed","ping_status":"closed","sticky":false,"template":"","format":"standard","meta":{"_monsterinsights_skip_tracking":false,"_monsterinsights_sitenote_active":false,"_monsterinsights_sitenote_note":"","_monsterinsights_sitenote_category":0,"footnotes":""},"categories":[3],"tags":[3170,3166,3169,3172,3171,3173,3168,3167],"class_list":["post-7657","post","type-post","status-publish","format-standard","has-post-thumbnail","hentry","category-actualidad","tag-adepa","tag-amenaza-narco","tag-carmona","tag-fatpren","tag-fopea","tag-fundacion-led","tag-santa-fe","tag-telefe-rosario"],"_links":{"self":[{"href":"https:\/\/www.visionweb.com.ar\/index.php?rest_route=\/wp\/v2\/posts\/7657","targetHints":{"allow":["GET"]}}],"collection":[{"href":"https:\/\/www.visionweb.com.ar\/index.php?rest_route=\/wp\/v2\/posts"}],"about":[{"href":"https:\/\/www.visionweb.com.ar\/index.php?rest_route=\/wp\/v2\/types\/post"}],"author":[{"embeddable":true,"href":"https:\/\/www.visionweb.com.ar\/index.php?rest_route=\/wp\/v2\/users\/4"}],"replies":[{"embeddable":true,"href":"https:\/\/www.visionweb.com.ar\/index.php?rest_route=%2Fwp%2Fv2%2Fcomments&post=7657"}],"version-history":[{"count":2,"href":"https:\/\/www.visionweb.com.ar\/index.php?rest_route=\/wp\/v2\/posts\/7657\/revisions"}],"predecessor-version":[{"id":7660,"href":"https:\/\/www.visionweb.com.ar\/index.php?rest_route=\/wp\/v2\/posts\/7657\/revisions\/7660"}],"wp:featuredmedia":[{"embeddable":true,"href":"https:\/\/www.visionweb.com.ar\/index.php?rest_route=\/wp\/v2\/media\/7659"}],"wp:attachment":[{"href":"https:\/\/www.visionweb.com.ar\/index.php?rest_route=%2Fwp%2Fv2%2Fmedia&parent=7657"}],"wp:term":[{"taxonomy":"category","embeddable":true,"href":"https:\/\/www.visionweb.com.ar\/index.php?rest_route=%2Fwp%2Fv2%2Fcategories&post=7657"},{"taxonomy":"post_tag","embeddable":true,"href":"https:\/\/www.visionweb.com.ar\/index.php?rest_route=%2Fwp%2Fv2%2Ftags&post=7657"}],"curies":[{"name":"wp","href":"https:\/\/api.w.org\/{rel}","templated":true}]}}