{"id":7646,"date":"2022-10-12T09:46:36","date_gmt":"2022-10-12T12:46:36","guid":{"rendered":"https:\/\/www.visionweb.com.ar\/?p=7646"},"modified":"2022-10-12T09:47:02","modified_gmt":"2022-10-12T12:47:02","slug":"estatales-bonaerenses-reclaman-apertura-de-paritarias","status":"publish","type":"post","link":"https:\/\/www.visionweb.com.ar\/?p=7646","title":{"rendered":"Estatales bonaerenses reclaman apertura de paritarias"},"content":{"rendered":"<p><em><strong>Desde ATE piden la creaci\u00f3n de \u201cun salario b\u00e1sico universal, un salario de emergencia, aumento de jubilaciones y un estricto control de precios\u201d<\/strong><\/em><!--more--><\/p>\n<div id=\"attachment_7647\" style=\"width: 310px\" class=\"wp-caption alignright\"><img loading=\"lazy\" decoding=\"async\" aria-describedby=\"caption-attachment-7647\" class=\"wp-image-7647 size-medium\" src=\"https:\/\/www.visionweb.com.ar\/wp-content\/uploads\/2022\/10\/ATE-300x168.png\" alt=\"\" width=\"300\" height=\"168\" srcset=\"https:\/\/www.visionweb.com.ar\/wp-content\/uploads\/2022\/10\/ATE-300x168.png 300w, https:\/\/www.visionweb.com.ar\/wp-content\/uploads\/2022\/10\/ATE.png 727w\" sizes=\"auto, (max-width: 300px) 100vw, 300px\" \/><p id=\"caption-attachment-7647\" class=\"wp-caption-text\"><em><strong>La conducci\u00f3n de ATE preocupada por la falta de convocatoria del ejecutivo bonaerense para discutir un ajuste salarial (Foto: ATE PBA)<\/strong><\/em><\/p><\/div>\n<p><strong>\u00a0 \u00a0 \u00a0 E<\/strong>l titular de ATE Provincia, Oscar de Isasi, reclam\u00f3 la reapertura de paritarias para recuperar el poder adquisitivo del salario y record\u00f3 que \u201cel compromiso del Gobierno es que en 2022 se recuperen algunos de los puntos perdidos por la inflaci\u00f3n y la gesti\u00f3n de (Mar\u00eda Eugenia) Vidal\u201d.<\/p>\n<p>En di\u00e1logo con Radio Provincia, De Isasi afirm\u00f3 que \u201ccuando la econom\u00eda cay\u00f3 en la pandemia, los estatales pusimos el pecho. Ahora que se experimenta un crecimiento, hay que hacer una mayor distribuci\u00f3n de la riqueza\u201d.<\/p>\n<p>El dirigente sindical dijo que est\u00e1n esperando la convocatoria de la administraci\u00f3n bonaerense para analizar la situaci\u00f3n salarial y record\u00f3 que \u201cel compromiso del Gobierno es que el 2022 sea un escenario en el cual, por lo menos, recuperemos algunos de los puntos perdidos por la inflaci\u00f3n y la gesti\u00f3n de Vidal\u201d.<\/p>\n<p>En ese marco, insisti\u00f3 en la necesidad de avanzar con medidas que permitan afrontar r\u00e1pidamente la p\u00e9rdida del poder adquisitivo, como la creaci\u00f3n de \u201cun salario b\u00e1sico universal, un salario de emergencia, aumento de jubilaciones y un estricto control de precios\u201d.<\/p>\n<p>Asimismo, consider\u00f3 que si no se controlan los precios es imposible que los salarios se recuperen.<\/p>\n<p>Consultado sobre las declaraciones del ministro de Trabajo bonaerense, Walter Correa, respecto de la posibilidad de otorgar una suma fija para ayudar a mitigar los efectos de la inflaci\u00f3n, el entrevistado sostuvo: \u201cEl objetivo tiene que ser llegar al 2023 por encima de la inflaci\u00f3n, si un bono ayuda como parte de esa pol\u00edtica, bienvenido sea, pero tenemos que recuperar los puntos perdidos durante el gobierno de Vidal\u201d<strong>(VW)<\/strong>.<\/p>\n","protected":false},"excerpt":{"rendered":"<p>Desde ATE piden la creaci\u00f3n de \u201cun salario b\u00e1sico universal, un salario de emergencia, aumento de jubilaciones y un estricto control de precios\u201d<\/p>\n","protected":false},"author":3,"featured_media":7647,"comment_status":"closed","ping_status":"closed","sticky":false,"template":"","format":"standard","meta":{"_monsterinsights_skip_tracking":false,"_monsterinsights_sitenote_active":false,"_monsterinsights_sitenote_note":"","_monsterinsights_sitenote_category":0,"footnotes":""},"categories":[4],"tags":[2719,159,3159,56],"class_list":["post-7646","post","type-post","status-publish","format-standard","has-post-thumbnail","hentry","category-politica","tag-ate","tag-reclamo","tag-recomposicion","tag-salarios"],"_links":{"self":[{"href":"https:\/\/www.visionweb.com.ar\/index.php?rest_route=\/wp\/v2\/posts\/7646","targetHints":{"allow":["GET"]}}],"collection":[{"href":"https:\/\/www.visionweb.com.ar\/index.php?rest_route=\/wp\/v2\/posts"}],"about":[{"href":"https:\/\/www.visionweb.com.ar\/index.php?rest_route=\/wp\/v2\/types\/post"}],"author":[{"embeddable":true,"href":"https:\/\/www.visionweb.com.ar\/index.php?rest_route=\/wp\/v2\/users\/3"}],"replies":[{"embeddable":true,"href":"https:\/\/www.visionweb.com.ar\/index.php?rest_route=%2Fwp%2Fv2%2Fcomments&post=7646"}],"version-history":[{"count":2,"href":"https:\/\/www.visionweb.com.ar\/index.php?rest_route=\/wp\/v2\/posts\/7646\/revisions"}],"predecessor-version":[{"id":7649,"href":"https:\/\/www.visionweb.com.ar\/index.php?rest_route=\/wp\/v2\/posts\/7646\/revisions\/7649"}],"wp:featuredmedia":[{"embeddable":true,"href":"https:\/\/www.visionweb.com.ar\/index.php?rest_route=\/wp\/v2\/media\/7647"}],"wp:attachment":[{"href":"https:\/\/www.visionweb.com.ar\/index.php?rest_route=%2Fwp%2Fv2%2Fmedia&parent=7646"}],"wp:term":[{"taxonomy":"category","embeddable":true,"href":"https:\/\/www.visionweb.com.ar\/index.php?rest_route=%2Fwp%2Fv2%2Fcategories&post=7646"},{"taxonomy":"post_tag","embeddable":true,"href":"https:\/\/www.visionweb.com.ar\/index.php?rest_route=%2Fwp%2Fv2%2Ftags&post=7646"}],"curies":[{"name":"wp","href":"https:\/\/api.w.org\/{rel}","templated":true}]}}