{"id":7642,"date":"2022-10-12T08:24:50","date_gmt":"2022-10-12T11:24:50","guid":{"rendered":"https:\/\/www.visionweb.com.ar\/?p=7642"},"modified":"2022-10-12T14:49:04","modified_gmt":"2022-10-12T17:49:04","slug":"impulsan-empresa-publica-para-la-industrializacion-del-cannabis","status":"publish","type":"post","link":"https:\/\/www.visionweb.com.ar\/?p=7642","title":{"rendered":"Impulsan empresa p\u00fablica para la industrializaci\u00f3n  del cannabis"},"content":{"rendered":"<h5><em>El Gobierno anunci\u00f3 la creaci\u00f3n de la primera compa\u00f1\u00eda nacional para la producci\u00f3n y el desarrollo del cannabis medicinal e industrial.<\/em><\/h5>\n<p><!--more--><\/p>\n<div id=\"attachment_7643\" style=\"width: 310px\" class=\"wp-caption alignright\"><img loading=\"lazy\" decoding=\"async\" aria-describedby=\"caption-attachment-7643\" class=\"wp-image-7643 size-medium\" src=\"https:\/\/www.visionweb.com.ar\/wp-content\/uploads\/2022\/10\/CANNABIS-300x200.png\" alt=\"\" width=\"300\" height=\"200\" srcset=\"https:\/\/www.visionweb.com.ar\/wp-content\/uploads\/2022\/10\/CANNABIS-300x200.png 300w, https:\/\/www.visionweb.com.ar\/wp-content\/uploads\/2022\/10\/CANNABIS-768x512.png 768w, https:\/\/www.visionweb.com.ar\/wp-content\/uploads\/2022\/10\/CANNABIS.png 800w\" sizes=\"auto, (max-width: 300px) 100vw, 300px\" \/><p id=\"caption-attachment-7643\" class=\"wp-caption-text\"><em><strong>El ministro de Ciencia y Tecnolog\u00eda, Daniel Filmius, anuncia la creaci\u00f3n de la empresa nacional de industrializaci\u00f3n de cannabis (Foto: Prensa Ciencia y Tecnolog\u00eda)<\/strong><\/em><\/p><\/div>\n<p><strong>\u00a0 \u00a0 \u00a0 E<\/strong>l CONICET, la Universidad Nacional Arturo Jauretche y el Hospital de Alta Complejidad El Cruce Dr. N\u00e9stor Carlos Kirchner anunciaron este martes la creaci\u00f3n de una empresa p\u00fablica que buscar\u00e1n impulsar la industria del cannabis medicinal y el c\u00e1\u00f1amo industrial en todas las etapas generando est\u00e1ndares de calidad e innovaci\u00f3n. El Ministro de Ciencia particip\u00f3 del anuncio.<\/p>\n<p>Para el 2024 se pronostica que la producci\u00f3n global de cannabis medicinal alcanzar\u00eda los 42.700 millones de d\u00f3lares, multiplicando catorce veces el valor de diez a\u00f1os atr\u00e1s.<\/p>\n<p>En este contexto, se anunci\u00f3 la creaci\u00f3n de la empresa de base tecnol\u00f3gica \u201cCannabis CONICET\u201d que re\u00fane al CONICET, a la Universidad Nacional Arturo Jauretche (UNAJ) y al Hospital de Alta Complejidad El Cruce Dr. N\u00e9stor Carlos Kirchner para fortalecer e impulsar la industria del cannabis medicinal y el c\u00e1\u00f1amo industrial en la regi\u00f3n en todas las etapas.<\/p>\n<p>El anuncio, que se hizo p\u00fablico desde la oficina de prensa del MCTyD, incluye todo el procesos, desde el cultivo, la producci\u00f3n, y el uso cl\u00ednico e industrial,\u00a0 la capacitaci\u00f3n y formaci\u00f3n de recursos humanos comprendiendo el valor econ\u00f3mico y el valor social de la industria a trav\u00e9s de su articulaci\u00f3n con el Sistema Nacional de Ciencia y Tecnolog\u00eda.<\/p>\n<p>El Ministro de Ciencia, Tecnolog\u00eda e Innovaci\u00f3n, Daniel Filmus, particip\u00f3 del acto en la UNAJ (Universiodad Nacional aArturo Jauretche), junto a la presidenta del CONICET, Ana Franchi, el secretario de Articulaci\u00f3n Cient\u00edfico Tecnol\u00f3gica, Juan Pablo Paz; el rector de la UNAJ, Arnaldo Medina; la investigadora del CONICET, Silvia Kochen; el director Ejecutivo del Hospital, Ariel Saez de Guinoa; entre otros funcionarios y directivos.<\/p>\n<p><strong>APOYO<\/strong><\/p>\n<p>Filmus subraya \u201cla importancia de que el Estado apoye este tipo de iniciativas, para que democr\u00e1ticamente se pueda acceder al derecho de la salud. El mercado no resuelve este tipo de cuestiones sino el Estado a trav\u00e9s de todos los organismos involucrados\u201d.<\/p>\n<p>\u201cTiene que ver con una lucha de la sociedad civil y de las organizaciones. No hay posibilidad de crecimiento sin soberan\u00eda y hoy se constituye en base al desarrollo cient\u00edfico tecnol\u00f3gico. No hay ning\u00fan pa\u00eds con desarrollo pujante que no haya apostado a la ciencia y la tecnolog\u00eda. No hay otra forma de construir un pa\u00eds m\u00e1s soberano\u00bb, precisa Filmus.<\/p>\n<p>Respecto del comportamiento de diversos sectores vinculados al conocimiento el titular de Ciencia y Tecnolog\u00eda a\u00f1ade: \u00abLos que monopolizaron el conocimiento en la pandemia tambi\u00e9n lo hicieron con la vida y la muerte de la humanidad. Nuestra comunidad cient\u00edfica respondi\u00f3 a la demanda. Por eso, una ley de financiamiento como la que tenemos y un debate respecto al Plan 2030 que nos permita tener un horizonte de pa\u00eds a futuro que genere las condiciones para que sea un pa\u00eds productivo aportando calidad de trabajo y de investigaci\u00f3n y su transferencia. Todo esto est\u00e1 resumido en la empresa que se est\u00e1 creando y si no fuera por el Estado no se podr\u00eda cumplir\u201d<\/p>\n<p>La presidenta del CONICET, Ana Franchi, celebr\u00f3 el lanzamiento y destac\u00f3 el trabajo conjunto: \u00abNos unimos en esta empresa con una universidad p\u00fablica, joven y creciente, que lleva el nombre de Arturo Jauretche y un hospital p\u00fablico que lleva el nombre de un presidente que cambi\u00f3 la historia de la ciencia y la tecnolog\u00eda en Argentina, N\u00e9stor Kirchner\u00bb.<\/p>\n<p>\u00abEsto nos compromete a tener un Estado que garantice, no que reprima el uso del cannabis, que garantice e intervenga en la salud p\u00fablica y en esta l\u00ednea, tambi\u00e9n a la producci\u00f3n. Esto no se inici\u00f3 hoy, desde CONICET, Universidad y Hospital, sino que principalmente con las mujeres que quer\u00edan usar el cannabis medicinal con sus familias y el Estado las reprim\u00eda, pero se organizaron y siguieron adelante\u00bb, sostiene.<\/p>\n<p><strong>IMPACTO<\/strong><\/p>\n<p>Respecto de la gesti\u00f3n, en relaci\u00f3n al cannabis, a\u00f1ade: \u201cEn el CONICET hemos estado trabajando desde la Red de Cannabis Medicinal (RACME) con un impacto positivo, donde aprendimos entre todos y todas, pudimos avanzar junto a otras instituciones, organizaciones, legisladores y legisladoras, teniendo vigente la reciente ley N\u00b0 27.669 que establece el marco regulatorio para el Desarrollo de la Industria del Cannabis Medicinal y el C\u00e1\u00f1amo Industrial\u00a0 la cual aborda y contempla la investigaci\u00f3n y desarrollo de sus usos\u00bb.<\/p>\n<p>Asegur\u00f3 Franchi que este proyecto busca la formaci\u00f3n acad\u00e9mica y productiva de cultivadores y la formaci\u00f3n en conocimiento de los propios usuarios y usuarias.<\/p>\n<p>En este sentido, el CONICET aporta positivamente a la calidad de vida de la sociedad: \u201cPara nosotros y nosotras es important\u00edsimo, porque el Estado est\u00e1 interviniendo en la salud p\u00fablica, en el control de calidad para el bienestar de las y los usuarios, impulsando el avance en los estudios cl\u00ednicos del cannabis medicinal y el desarrollo del c\u00e1\u00f1amo industrial, que nos va a permitir tener m\u00e1s fuentes de trabajo, remediar suelos y un desarrollo productivo muy importante\u201d, concluye.<\/p>\n<p>Por su parte, el rector de la UNAJ, Arnaldo Medina expres\u00f3: \u201cEs una satisfacci\u00f3n para nosotros acompa\u00f1ar este emprendimiento. La UNAJ, viene participando junto con la RACME del CONICET, instituciones acad\u00e9micas, cient\u00edficas y productivas y con miembros de la sociedad civil en este proyecto. Partiendo inicialmente de los marcos regulatorios y de los trabajos de investigaci\u00f3n cient\u00edfica y m\u00e9dica enfocados en la utilizaci\u00f3n de cannabis medicinal as\u00ed como tambi\u00e9n de la regulaci\u00f3n de la producci\u00f3n industrial y la comercializaci\u00f3n tanto en nuestro pa\u00eds como la posibilidad de exportaci\u00f3n\u201d.<\/p>\n<p>Adem\u00e1s sostuvo que: \u201cAcompa\u00f1ar al CONICET junto con el Hospital El Cruce Dr. N\u00e9stor Kirchner es para nosotros muy importante, es la oportunidad de innovar en esta l\u00ednea. Nuestra Universidad se siente muy comprometida a seguir trabajando en la investigaci\u00f3n, en la formaci\u00f3n de Recursos Humanos y en\u00a0 continuar acompa\u00f1ando a la RACME en ensayos cl\u00ednicos, estudios observacionales, en la formaci\u00f3n de bioqu\u00edmicos para el control de calidad y tambi\u00e9n participando en procesos de control de calidad\u201d.<\/p>\n<p>Por su parte, Kochen celebr\u00f3 que el anuncio sea en el marco de una universidad y con el apoyo del Ministro y expres\u00f3 que \u201chay muchos registros que en diferentes partes del mundo el uso de la planta de cannabis acompa\u00f1a desde el origen de la humanidad\u00bb, explica.<\/p>\n<p>\u00abEsto provoc\u00f3 un inter\u00e9s renovado y fue un poco mi propia historia. Fueron los pacientes con epilepsia y familiares que se acercaron al hospital para ver si los pod\u00eda acompa\u00f1ar en el uso del cannabis. Hicimos estudios observacionales y ante las coincidencias con profesionales de la salud e investigadores fue que construimos la RACME. Hay numerosas investigaciones que nos dan evidencia cient\u00edfica sobre el uso del cannabis en diferentes patolog\u00edas y en el mejoramiento en la calidad de vida. Esta eficacia y los pocos efectos adversos es una de las situaciones que aumente el inter\u00e9s cient\u00edfico y el industrial tambi\u00e9n\u201d, ampl\u00eda.<\/p>\n<p><strong>Cannabis CONICET<\/strong><\/p>\n<p>La EBT Cannabis CONICET consolida las experiencias del CONICET y sus instituciones asociadas en torno al cannabis medicinal y el c\u00e1\u00f1amo industrial. Sus coordinadores\/as cient\u00edficos\/as son los\/as investigadores\/as del CONICET, Silvia Kochen, Gregorio Bigatti y Esteban Colman. La empresa funcionar\u00e1 respondiendo a cuatro valores centrales: Federalismo, calidad y excelencia, responsabilidad social y agilidad, y en este sentido ofrecer\u00e1:<br \/>\n\u2022 Capacitaci\u00f3n recursos humanos especializados<br \/>\n\u2022 Estudios Observacionales del uso terap\u00e9utico del Cannabis Medicinal para contar con la evidencia sobre la eficacia, efectos adversos, dosis, y otros aspectos que involucran el uso del cannabis en salud.<br \/>\n\u2022 Control de calidad estandarizados<br \/>\n\u2022 Semillas CONICET, Desarrollo y registro de nuevos cultivares.<\/p>\n<p><strong>Contexto de una industria en auge<\/strong><br \/>\nEn la actualidad m\u00e1s de 50 pa\u00edses han avanzado en alg\u00fan tipo de legalizaci\u00f3n para el cannabis de uso industrial y\/o medicinal. En Argentina, la Ley 27.350 de Uso Medicinal de la Planta de Cannabis y sus derivados determin\u00f3 un marco regulatorio para la investigaci\u00f3n m\u00e9dica y cient\u00edfica del uso medicinal, terap\u00e9utico y\/o paliativo de la planta de cannabis y sus derivados.<\/p>\n<p>M\u00e1s recientemente, la ley 27.699 sancionada en 2022 establecio el marco regulatorio para el desarrollo de la industria del cannabis medicinal y el c\u00e1\u00f1amo industrial abarcando la cadena de producci\u00f3n y comercializaci\u00f3n nacional o con fines de exportaci\u00f3n de la planta de cannabis, sus semillas y sus productos derivados afectados al uso medicinal<strong>(VW)<\/strong>.<\/p>\n<p>&nbsp;<\/p>\n<p>&nbsp;<\/p>\n","protected":false},"excerpt":{"rendered":"<p>El Gobierno anunci\u00f3 la creaci\u00f3n de la primera compa\u00f1\u00eda nacional para la producci\u00f3n y el desarrollo del cannabis medicinal e industrial.<\/p>\n","protected":false},"author":3,"featured_media":7643,"comment_status":"closed","ping_status":"closed","sticky":false,"template":"","format":"standard","meta":{"_monsterinsights_skip_tracking":false,"_monsterinsights_sitenote_active":false,"_monsterinsights_sitenote_note":"","_monsterinsights_sitenote_category":0,"footnotes":""},"categories":[3],"tags":[726,368,1312,3158],"class_list":["post-7642","post","type-post","status-publish","format-standard","has-post-thumbnail","hentry","category-actualidad","tag-cannabis","tag-conicet","tag-filmus","tag-inta"],"_links":{"self":[{"href":"https:\/\/www.visionweb.com.ar\/index.php?rest_route=\/wp\/v2\/posts\/7642","targetHints":{"allow":["GET"]}}],"collection":[{"href":"https:\/\/www.visionweb.com.ar\/index.php?rest_route=\/wp\/v2\/posts"}],"about":[{"href":"https:\/\/www.visionweb.com.ar\/index.php?rest_route=\/wp\/v2\/types\/post"}],"author":[{"embeddable":true,"href":"https:\/\/www.visionweb.com.ar\/index.php?rest_route=\/wp\/v2\/users\/3"}],"replies":[{"embeddable":true,"href":"https:\/\/www.visionweb.com.ar\/index.php?rest_route=%2Fwp%2Fv2%2Fcomments&post=7642"}],"version-history":[{"count":3,"href":"https:\/\/www.visionweb.com.ar\/index.php?rest_route=\/wp\/v2\/posts\/7642\/revisions"}],"predecessor-version":[{"id":7665,"href":"https:\/\/www.visionweb.com.ar\/index.php?rest_route=\/wp\/v2\/posts\/7642\/revisions\/7665"}],"wp:featuredmedia":[{"embeddable":true,"href":"https:\/\/www.visionweb.com.ar\/index.php?rest_route=\/wp\/v2\/media\/7643"}],"wp:attachment":[{"href":"https:\/\/www.visionweb.com.ar\/index.php?rest_route=%2Fwp%2Fv2%2Fmedia&parent=7642"}],"wp:term":[{"taxonomy":"category","embeddable":true,"href":"https:\/\/www.visionweb.com.ar\/index.php?rest_route=%2Fwp%2Fv2%2Fcategories&post=7642"},{"taxonomy":"post_tag","embeddable":true,"href":"https:\/\/www.visionweb.com.ar\/index.php?rest_route=%2Fwp%2Fv2%2Ftags&post=7642"}],"curies":[{"name":"wp","href":"https:\/\/api.w.org\/{rel}","templated":true}]}}