{"id":7637,"date":"2022-10-11T20:29:56","date_gmt":"2022-10-11T23:29:56","guid":{"rendered":"https:\/\/www.visionweb.com.ar\/?p=7637"},"modified":"2022-10-11T20:29:56","modified_gmt":"2022-10-11T23:29:56","slug":"el-coloquio-idea-regresa-a-mar-del-plata-en-su-58-edicion","status":"publish","type":"post","link":"https:\/\/www.visionweb.com.ar\/?p=7637","title":{"rendered":"El Coloquio IDEA regresa a Mar del Plata en su 58\u00b0 edici\u00f3n"},"content":{"rendered":"<p><em><strong>Se desarrollar\u00e1 el 12, 13 y 14 de octubre bajo el t\u00edtulo \u201cCeder para crecer\u201d, organizado por el Instituto para el Desarrollo Empresarial de la Argentina (IDEA), con el eje central en\u00a0\u201cpropuestas concretas para el crecimiento del pa\u00eds\u201d.<\/strong><\/em><strong>\u00a0<\/strong><!--more--><\/p>\n<p><strong>\u00a0\u00a0\u00a0 <img loading=\"lazy\" decoding=\"async\" class=\"size-medium wp-image-7639 alignright\" src=\"https:\/\/www.visionweb.com.ar\/wp-content\/uploads\/2022\/10\/coloquio-idea-mdq-300x166.jpg\" alt=\"\" width=\"300\" height=\"166\" srcset=\"https:\/\/www.visionweb.com.ar\/wp-content\/uploads\/2022\/10\/coloquio-idea-mdq-300x166.jpg 300w, https:\/\/www.visionweb.com.ar\/wp-content\/uploads\/2022\/10\/coloquio-idea-mdq.bmp 698w\" sizes=\"auto, (max-width: 300px) 100vw, 300px\" \/>\u00a0\u00a0 C<\/strong>on la consigna \u00abCeder para crecer\u00bb, la edici\u00f3n 58\u00b0 del Coloquio de IDEA ser\u00e1 en Mar de Plata desde el 12 al 14 de octubre, y recibir\u00e1 a referentes del mundo de la pol\u00edtica y a empresarios. Se estima que habr\u00e1 m\u00e1s de 900 participantes que podr\u00e1n debatir diversos temas\u00a0en un \u201cterreno neutral y sin compromiso formal.<\/p>\n<p>El evento se llevar\u00e1 a cabo a lo largo de 3 d\u00edas en el Sheraton Hotel, donde numerosos empresarios, sindicalistas, pol\u00edticos volver\u00e1n a encontrarse en un \u00e1mbito informal.<\/p>\n<p>Los\u00a0<strong>ejes<\/strong>\u00a0de trabajo del 58\u00b0 Coloquio IDEA ser\u00e1n la<strong>\u00a0<\/strong><strong>inserci\u00f3n de Argentina en el mundo, el empleo, la educaci\u00f3n, las finanzas p\u00fablicas y la seguridad jur\u00eddica.<\/strong><\/p>\n<p>El eje de Inserci\u00f3n de Argentina en el mundo ser\u00e1 liderado por el director de IDEA y Co-fundador y CEO de AdecoAgro,\u00a0<strong>Mariano Bosch<\/strong>.<\/p>\n<p>El de Empleo estar\u00e1 encabezado por el director de IDEA y Presidente HSBC Argentina y CEO LAM South,\u00a0<strong>Juan Marotta<\/strong>.<\/p>\n<p>El eje de Educaci\u00f3n, estar\u00e1 a cargo de la directora de IDEA y directora de Grupo Log\u00edstico Andreani,<strong>\u00a0<\/strong><strong>Ver\u00f3nica Andreani<\/strong>.<\/p>\n<p>Mientras que el de Finanzas P\u00fablicas estar\u00e1 liderado por el tesorero de IDEA y Country Senior Partner de PwC Argentina,<strong>\u00a0<\/strong><strong>Santiago Mignone<\/strong>.<\/p>\n<p>Y el de Seguridad jur\u00eddica ser\u00e1 llevado adelante por la directora de IDEA y directora Senior de Legales de Mercado Libre,<strong>\u00a0<\/strong><strong>Brenda Puig<\/strong>.<\/p>\n<p>En ese sentido,\u00a0 el presidente de IDEA y presidente de Grupo Murchison,\u00a0<strong>Roberto Murchison<\/strong>, destac\u00f3 a los medios, que: \u201cAbordar los desaf\u00edos estructurales del pa\u00eds exige un esfuerzo colectivo, <strong>donde todos los sectores tenemos la responsabilidad de ceder, para encontrar un camino de crecimiento sostenido<\/strong>\u201d.<\/p>\n<p>Entre los encuentros informales habr\u00e1 almuerzos para grupos de empresarios con\u00a0<strong>Roberto Lavagna, Carlos Melconian, Patricia Bullrich, Facundo Manes, Javier Milei<\/strong>\u00a0y, por el lado del gobierno,\u00a0<strong>Jorge Neme<\/strong>, actual secretario de Planificaci\u00f3n del Desarrollo y la Competitividad Federal.<\/p>\n<p><strong>\u201cCeder para crecer\u201d:<\/strong> La divisi\u00f3n de los argentinos est\u00e1 impl\u00edcita en el t\u00edtulo del Coloquio y da a entender que si todos ceden un poco, es posible arribar a consensos.<\/p>\n<p>Otro panel que mostrar\u00e1 una preocupaci\u00f3n actual es el que lleva por t\u00edtulo: \u201cLa mirada de los que eligen Argentina\u201d donde disertar\u00e1n <strong>Marcos Bulgheroni<\/strong>, CEO Pan American Energy Group,\u00a0<strong>Carolina Castro<\/strong>, directora de Industrias Guidi, empresaria Pyme que adem\u00e1s incursion\u00f3 en la pol\u00edtica; y\u00a0<strong>Luis P\u00e9rez Companc<\/strong>, presidente de Molinos, Molinos Agro, Pecom y Goyaike \u2013 Grupo P\u00e9rez Companc.<\/p>\n<p>Mientras que la econom\u00eda, estar\u00e1 presente a trav\u00e9s de las disertaciones de\u00a0<strong>Marina Dal Poggetto<\/strong>, directora ejecutiva de Eco Go Consultores;\u00a0<strong>Osvaldo Giordano<\/strong>, ministro de Finanzas de la Provincia de C\u00f3rdoba;\u00a0<strong>Hern\u00e1n Lacunza<\/strong>, director de Empiria Consultores; <strong>Mart\u00edn Redrado<\/strong>, director de Fundaci\u00f3n Capital,\u00a0<strong>Emmanuel \u00c1lvarez Agis<\/strong>, Socio Fundador de la Consultora PxQ (dar\u00e1 su exposici\u00f3n de manera virtual).<\/p>\n<p>La atenci\u00f3n empresaria tambi\u00e9n estar\u00e1 puesta en escuchar a <strong>Horacio Rosatti<\/strong>, presidente de la Corte Suprema de Justicia de la Naci\u00f3n y del Consejo de la Magistratura. Desde hace d\u00e9cadas uno de los reclamos recurrentes de los empresarios en IDEA es la falta de reglas juego claras como asimismo la cr\u00edtica a los foros judiciales laborales.<\/p>\n<p>En cuanto a otros temas de actualidad como la inflaci\u00f3n, paritarias, reclamos (como lo fue el sindicato de Neum\u00e1ticos) ser\u00e1n conversados por los asistentes con algunos de los sindicalistas que asistir\u00e1n a IDEA, como\u00a0<strong>Gerardo Mart\u00ednez<\/strong>, secretario general de UOCRA; <strong>Ricardo Pignanelli<\/strong>, secretario general de SMATA y <strong>Luis Barrionuevo<\/strong> (gastron\u00f3micos), entre otros.<\/p>\n<p>El gobernador de la provincia de Buenos Aires,\u00a0<strong>Axel Kicillof,<\/strong>\u00a0no estar\u00e1 a cargo de la apertura como suele ser tradici\u00f3n. Tampoco est\u00e1 confirmada a\u00fan la presencia del presidente\u00a0<strong>Alberto Fern\u00e1ndez <\/strong>para el viernes.<\/p>\n<p>El ministro de Econom\u00eda,\u00a0<strong>Sergio Massa<\/strong>\u00a0dejar\u00e1 un mensaje grabado ya que desde este mi\u00e9rcoles participa de la Reuni\u00f3n Anual del FMI y el Banco Mundial.<\/p>\n<p><strong>Encuentros:<\/strong><\/p>\n<p>El jueves por la tarde los empresarios podr\u00e1n elegir participar de varios encuentros como: una charla sobre la \u201cRevoluci\u00f3n Metaverso\u201d; vivir una \u201cExperiencia cervecera\u201d; descubrir sus habilidades de cheff en la \u201cCompetencia de cocina\u201d, catar vinos \u201cvisitando una bodega\u201d, disfrutar el aire libre en el \u201cTorneo de Golf\u201d o ser parte de la una \u201cbicicleteada\u201d.<\/p>\n<p>Al final del d\u00eda se llevar\u00e1 a cabo la tradicional fiesta organizada por HSBC. Todos estos eventos sociales cuentan con auspicios de empresas. IDEA este a\u00f1o cuenta con m\u00e1s de 146 sponsors.<\/p>\n<p><strong>Acerca de IDEA: E<\/strong>s una organizaci\u00f3n enfocada en el hacer, en la generaci\u00f3n de espacios de debate y pensamiento multisectorial que aporte valor, ideas y acuerdos sobre los grandes temas que involucran el desarrollo sostenible de nuestro pa\u00eds. Hoy, IDEA representa a m\u00e1s de 500 empresas de todos los sectores y tama\u00f1os, desde multinacionales hasta PyMes. En su conjunto producen el 50% del PBI y del empleo privado a nivel nacional. <strong>(VW)<\/strong><\/p>\n","protected":false},"excerpt":{"rendered":"<p>Se desarrollar\u00e1 el 12, 13 y 14 de octubre bajo el t\u00edtulo \u201cCeder para crecer\u201d, organizado por el Instituto para el Desarrollo Empresarial de la Argentina (IDEA), con el eje central en\u00a0\u201cpropuestas concretas para&#46;&#46;&#46;<\/p>\n","protected":false},"author":4,"featured_media":7639,"comment_status":"closed","ping_status":"closed","sticky":false,"template":"","format":"standard","meta":{"_monsterinsights_skip_tracking":false,"_monsterinsights_sitenote_active":false,"_monsterinsights_sitenote_note":"","_monsterinsights_sitenote_category":0,"footnotes":""},"categories":[8],"tags":[3156,3157,3155,247],"class_list":["post-7637","post","type-post","status-publish","format-standard","has-post-thumbnail","hentry","category-interes-general","tag-58-edicion","tag-ceder-para-crecer","tag-coloquio-idea","tag-mar-del-plata"],"_links":{"self":[{"href":"https:\/\/www.visionweb.com.ar\/index.php?rest_route=\/wp\/v2\/posts\/7637","targetHints":{"allow":["GET"]}}],"collection":[{"href":"https:\/\/www.visionweb.com.ar\/index.php?rest_route=\/wp\/v2\/posts"}],"about":[{"href":"https:\/\/www.visionweb.com.ar\/index.php?rest_route=\/wp\/v2\/types\/post"}],"author":[{"embeddable":true,"href":"https:\/\/www.visionweb.com.ar\/index.php?rest_route=\/wp\/v2\/users\/4"}],"replies":[{"embeddable":true,"href":"https:\/\/www.visionweb.com.ar\/index.php?rest_route=%2Fwp%2Fv2%2Fcomments&post=7637"}],"version-history":[{"count":2,"href":"https:\/\/www.visionweb.com.ar\/index.php?rest_route=\/wp\/v2\/posts\/7637\/revisions"}],"predecessor-version":[{"id":7640,"href":"https:\/\/www.visionweb.com.ar\/index.php?rest_route=\/wp\/v2\/posts\/7637\/revisions\/7640"}],"wp:featuredmedia":[{"embeddable":true,"href":"https:\/\/www.visionweb.com.ar\/index.php?rest_route=\/wp\/v2\/media\/7639"}],"wp:attachment":[{"href":"https:\/\/www.visionweb.com.ar\/index.php?rest_route=%2Fwp%2Fv2%2Fmedia&parent=7637"}],"wp:term":[{"taxonomy":"category","embeddable":true,"href":"https:\/\/www.visionweb.com.ar\/index.php?rest_route=%2Fwp%2Fv2%2Fcategories&post=7637"},{"taxonomy":"post_tag","embeddable":true,"href":"https:\/\/www.visionweb.com.ar\/index.php?rest_route=%2Fwp%2Fv2%2Ftags&post=7637"}],"curies":[{"name":"wp","href":"https:\/\/api.w.org\/{rel}","templated":true}]}}