{"id":7628,"date":"2022-10-11T08:45:50","date_gmt":"2022-10-11T11:45:50","guid":{"rendered":"https:\/\/www.visionweb.com.ar\/?p=7628"},"modified":"2022-10-11T08:45:50","modified_gmt":"2022-10-11T11:45:50","slug":"el-jueves-asumen-las-nuevas-ministras-del-ejecutivo-nacional","status":"publish","type":"post","link":"https:\/\/www.visionweb.com.ar\/?p=7628","title":{"rendered":"El jueves asumen las nuevas ministras del Ejecutivo nacional"},"content":{"rendered":"<p><em><strong>Tras los cambios en el Gabinete, Alberto Fern\u00e1ndez encabezar\u00e1 el pr\u00f3ximo jueves el acto de jura de Victoria Tolosa Paz, Ayel\u00e9n Mazzina y Kelly Olmos.<\/strong><\/em><!--more--><\/p>\n<div id=\"attachment_7629\" style=\"width: 310px\" class=\"wp-caption alignright\"><img loading=\"lazy\" decoding=\"async\" aria-describedby=\"caption-attachment-7629\" class=\"wp-image-7629 size-medium\" src=\"https:\/\/www.visionweb.com.ar\/wp-content\/uploads\/2022\/10\/funcionarias-designadas-300x169.png\" alt=\"\" width=\"300\" height=\"169\" srcset=\"https:\/\/www.visionweb.com.ar\/wp-content\/uploads\/2022\/10\/funcionarias-designadas-300x169.png 300w, https:\/\/www.visionweb.com.ar\/wp-content\/uploads\/2022\/10\/funcionarias-designadas-768x432.png 768w, https:\/\/www.visionweb.com.ar\/wp-content\/uploads\/2022\/10\/funcionarias-designadas.png 800w\" sizes=\"auto, (max-width: 300px) 100vw, 300px\" \/><p id=\"caption-attachment-7629\" class=\"wp-caption-text\"><em><strong>Las ministras designadas: Victoria Tolosa Paz (Desarrollo Social); Ayelen Mazzina, (Ministerio de la Mujer) y Raquel \u00abKwlly\u00bb Olmos, Ministerio de Trabajo.<\/strong><\/em><\/p><\/div>\n<p><strong>L<\/strong>uego de los cambios en el Gabinete nacional anunciados este lunes, el presidente Alberto Fern\u00e1ndez tomar\u00e1 juramento el pr\u00f3ximo jueves a Victoria Tolosa Paz en el Ministerio de Desarrollo Social; a Ayel\u00e9n Mazzina en el Ministerio de Mujeres, G\u00e9neros y Diversidad y a Raquel \u00abKelly\u00bb Olmos en el Ministerio de Trabajo, informaron el lunes fuentes oficiales.<\/p>\n<p>\u00abFern\u00e1ndez ha convocado a tres mujeres de diferentes edades, procedencia geogr\u00e1fica y amplia trayectoria en sus temas de referencia a formar parte de su gabinete con el fin de profundizar la amplitud de miradas y la eficiencia en la gesti\u00f3n\u00bb, destac\u00f3 la Presidencia en un comunicado.<\/p>\n<p>Victoria Tolosa Paz es actual diputada nacional por la provincia de Buenos Aires, y fue presidenta del Consejo Nacional de Coordinaci\u00f3n de Pol\u00edticas Sociales, cargo que ejerci\u00f3 hasta el 30 de julio de 2021.<\/p>\n<p>Ayel\u00e9n Mazzina, de 32 a\u00f1os, es la actual Secretaria de la Mujer, Diversidad e Igualdad de San Luis y estuvo a cargo de la organizaci\u00f3n del 35o Encuentro Plurinacional de Mujeres, Lesbianas, Trans, Travestis, Bisexuales, Intersexuales y No Binaries en Territorio Huarpe, Comeching\u00f3n y Ranquel.\u00a0Fue concejala por la ciudad de San Luis y es profesora en Ciencia Pol\u00edtica.<\/p>\n<p>Kelly Olmos, en tanto, es economista y es la actual vicepresidenta del Banco de Inversi\u00f3n y Comercio Exterior (BICE).<\/p>\n<p>De vasta experiencia en el peronismo porte\u00f1o, fue concejala y legisladora de la ciudad de Buenos Aires, y se desempe\u00f1\u00f3 como secretaria de Asuntos Municipales de la Naci\u00f3n (2007-2009).<\/p>\n<p>La renovaci\u00f3n de estos tres ministerios del gobierno fue el eje de las conversaciones que mantuvo Alberto Fern\u00e1ndez este fin de semana en la Residencia de Olivos junto a sus colaboradores m\u00e1s cercanos, seg\u00fan pudo saber T\u00e9lam de fuentes oficiales.<\/p>\n<p>Luego de aceptar la renuncia presentada por Elizabeth G\u00f3mez Alcorta el viernes \u00faltimo, Alberto Fern\u00e1ndez le agradeci\u00f3 la labor desempe\u00f1ada y decidi\u00f3 realizar recambios en las otras \u00e1reas del Gabinete. En su carta de renuncia \u00abindeclinable\u00bb,<\/p>\n<p>Elizabeth G\u00f3mez Alcorta critic\u00f3 el desalojo por orden judicial realizado por fuerzas federales el martes \u00faltimo en los predios que ocupaba la comunidad Lof Lafken Winkul Mapu en Villa Mascardi, en la provincia de R\u00edo Negro<strong>(VW)<\/strong>.<\/p>\n<p><strong><em>Fuente: Minuto Uno<\/em><\/strong><\/p>\n","protected":false},"excerpt":{"rendered":"<p>Tras los cambios en el Gabinete, Alberto Fern\u00e1ndez encabezar\u00e1 el pr\u00f3ximo jueves el acto de jura de Victoria Tolosa Paz, Ayel\u00e9n Mazzina y Kelly Olmos.<\/p>\n","protected":false},"author":3,"featured_media":7629,"comment_status":"closed","ping_status":"closed","sticky":false,"template":"","format":"standard","meta":{"_monsterinsights_skip_tracking":false,"_monsterinsights_sitenote_active":false,"_monsterinsights_sitenote_note":"","_monsterinsights_sitenote_category":0,"footnotes":""},"categories":[4],"tags":[3152,15,3153,3151],"class_list":["post-7628","post","type-post","status-publish","format-standard","has-post-thumbnail","hentry","category-politica","tag-asumen","tag-fernandez","tag-jueves","tag-ministras"],"_links":{"self":[{"href":"https:\/\/www.visionweb.com.ar\/index.php?rest_route=\/wp\/v2\/posts\/7628","targetHints":{"allow":["GET"]}}],"collection":[{"href":"https:\/\/www.visionweb.com.ar\/index.php?rest_route=\/wp\/v2\/posts"}],"about":[{"href":"https:\/\/www.visionweb.com.ar\/index.php?rest_route=\/wp\/v2\/types\/post"}],"author":[{"embeddable":true,"href":"https:\/\/www.visionweb.com.ar\/index.php?rest_route=\/wp\/v2\/users\/3"}],"replies":[{"embeddable":true,"href":"https:\/\/www.visionweb.com.ar\/index.php?rest_route=%2Fwp%2Fv2%2Fcomments&post=7628"}],"version-history":[{"count":1,"href":"https:\/\/www.visionweb.com.ar\/index.php?rest_route=\/wp\/v2\/posts\/7628\/revisions"}],"predecessor-version":[{"id":7630,"href":"https:\/\/www.visionweb.com.ar\/index.php?rest_route=\/wp\/v2\/posts\/7628\/revisions\/7630"}],"wp:featuredmedia":[{"embeddable":true,"href":"https:\/\/www.visionweb.com.ar\/index.php?rest_route=\/wp\/v2\/media\/7629"}],"wp:attachment":[{"href":"https:\/\/www.visionweb.com.ar\/index.php?rest_route=%2Fwp%2Fv2%2Fmedia&parent=7628"}],"wp:term":[{"taxonomy":"category","embeddable":true,"href":"https:\/\/www.visionweb.com.ar\/index.php?rest_route=%2Fwp%2Fv2%2Fcategories&post=7628"},{"taxonomy":"post_tag","embeddable":true,"href":"https:\/\/www.visionweb.com.ar\/index.php?rest_route=%2Fwp%2Fv2%2Ftags&post=7628"}],"curies":[{"name":"wp","href":"https:\/\/api.w.org\/{rel}","templated":true}]}}