{"id":7624,"date":"2022-10-10T11:55:03","date_gmt":"2022-10-10T14:55:03","guid":{"rendered":"https:\/\/www.visionweb.com.ar\/?p=7624"},"modified":"2022-10-10T11:55:03","modified_gmt":"2022-10-10T14:55:03","slug":"se-renovo-cortes-cuidados-hasta-el-7-de-noviembre","status":"publish","type":"post","link":"https:\/\/www.visionweb.com.ar\/?p=7624","title":{"rendered":"Se renov\u00f3 \u00abCortes Cuidados\u00bb hasta el 7 de noviembre"},"content":{"rendered":"<p><em><strong>La Secretar\u00eda<\/strong><strong> de Comercio renov\u00f3 el programa \u201cCortes Cuidados\u201d para la compra de carne, a precios <\/strong><strong>considerablemente inferiores a los observados en el mercado.<\/strong><\/em><!--more--><\/p>\n<p><strong><img loading=\"lazy\" decoding=\"async\" class=\"size-medium wp-image-7626 alignleft\" src=\"https:\/\/www.visionweb.com.ar\/wp-content\/uploads\/2022\/10\/carnes-300x189.jpg\" alt=\"\" width=\"300\" height=\"189\" srcset=\"https:\/\/www.visionweb.com.ar\/wp-content\/uploads\/2022\/10\/carnes-300x189.jpg 300w, https:\/\/www.visionweb.com.ar\/wp-content\/uploads\/2022\/10\/carnes.bmp 592w\" sizes=\"auto, (max-width: 300px) 100vw, 300px\" \/>L<\/strong>a Secretar\u00eda de Comercio de la Naci\u00f3n renov\u00f3 hasta el 7 de noviembre el programa\u00a0<strong>Cortes Cuidados<\/strong>, para la comercializaci\u00f3n de los cortes de carne m\u00e1s consumidos por los argentinos, a precios mucho m\u00e1s accesibles. En este marco, dieron a conocer los valores del asado, matambre y vac\u00edo, entre otros cortes.<\/p>\n<p>El programa consiste en un acuerdo de precios establecido con frigor\u00edficos y supermercados para la comercializaci\u00f3n de siete cortes de carne m\u00e1s demandados por los consumidores.<\/p>\n<p>As\u00ed, los valores de los cortes por kilo\u00a0rondar\u00e1n entre los $ 499 para la falda, $499 y $1.049 para la nalga.\u00a0Para la Patagonia (cortes sin hueso) se suma un diferencial del 6%.<\/p>\n<p>Los cortes indicados podr\u00e1n encontrarse en m\u00e1s de mil bocas de expendio distribuidas en todo el pa\u00eds, que incluye carnicer\u00edas adheridas a la Uni\u00f3n de la Industria C\u00e1rnica Argentina (Unica) y el consorcio de exportadores ABC.<\/p>\n<p>Asimismo, podr\u00e1n conseguirse en las cadenas de supermercado Coto, Jumbo, Plaza Vea, Disco, Carrefour, Walmart, Changomas, La An\u00f3nima y D\u00eda.<\/p>\n<p>Desde la Secretar\u00eda de comercio informaron los precios de los siete cortes integrantes del programa:<\/p>\n<p>Tira de asado: $765.<\/p>\n<p>Vac\u00edo: $999.<\/p>\n<p>Matambre: $969.<\/p>\n<p>Falda: $499.<\/p>\n<p>Tapa de asado: $765.<\/p>\n<p>Nalga: $1.049.<\/p>\n<p>Paleta: $849.<\/p>\n<p>Para la Patagonia (cortes sin hueso) se suma un diferencial del 6%.<\/p>\n<p><strong>Precios Cuidados:<\/strong> A la vez, el viernes pasado, se renov\u00f3 el programa \u00ab<strong>Precios Cuidados\u00bb<\/strong> <strong>hasta el 7 de enero<\/strong> de 2023, con una canasta que incluye m\u00e1s de 450 productos comestibles, bebidas, limpieza e higiene personal.<\/p>\n<p>Hay m\u00e1s de 150 productos de los rubros almac\u00e9n, l\u00e1cteos, limpieza, perfumer\u00eda, cuidado e higiene personal, art\u00edculos para beb\u00e9s, productos frescos y bebidas, y agregaron productos propios de la temporada primavera y verano.<\/p>\n<p>Para conocer los precios vigentes del programa ingresar al siguiente\u00a0<a href=\"https:\/\/www.argentina.gob.ar\/precios-cuidados\">link<\/a>.<\/p>\n<p>Cabe se\u00f1alar que, Precios Cuidados estar\u00e1 disponible todos los d\u00edas de la semana en cadenas de supermercados minoristas de todo el pa\u00eds como Jumbo, Vea, Disco, Changom\u00e1s, Coto, Carrefour, D\u00eda, Josimar, La An\u00f3nima, Libertad, Cooperativa Obrera, S\u00faper Santiago, Supermercado Himisa, Beltr\u00e1n, Bl\u00fc, Borbotti, El Solar, El Zorz\u00f3n, \u00danico, El Abastecedor y Alfa.\u00a0<strong>(VW)<\/strong><\/p>\n","protected":false},"excerpt":{"rendered":"<p>La Secretar\u00eda de Comercio renov\u00f3 el programa \u201cCortes Cuidados\u201d para la compra de carne, a precios considerablemente inferiores a los observados en el mercado.<\/p>\n","protected":false},"author":4,"featured_media":7626,"comment_status":"closed","ping_status":"closed","sticky":false,"template":"","format":"standard","meta":{"_monsterinsights_skip_tracking":false,"_monsterinsights_sitenote_active":false,"_monsterinsights_sitenote_note":"","_monsterinsights_sitenote_category":0,"footnotes":""},"categories":[6,5],"tags":[2439,3150,3149],"class_list":["post-7624","post","type-post","status-publish","format-standard","has-post-thumbnail","hentry","category-economia","category-sociedad","tag-cortes-cuidados","tag-extension-al-7-de-noviembre","tag-secretaria-de-comercio-interior"],"_links":{"self":[{"href":"https:\/\/www.visionweb.com.ar\/index.php?rest_route=\/wp\/v2\/posts\/7624","targetHints":{"allow":["GET"]}}],"collection":[{"href":"https:\/\/www.visionweb.com.ar\/index.php?rest_route=\/wp\/v2\/posts"}],"about":[{"href":"https:\/\/www.visionweb.com.ar\/index.php?rest_route=\/wp\/v2\/types\/post"}],"author":[{"embeddable":true,"href":"https:\/\/www.visionweb.com.ar\/index.php?rest_route=\/wp\/v2\/users\/4"}],"replies":[{"embeddable":true,"href":"https:\/\/www.visionweb.com.ar\/index.php?rest_route=%2Fwp%2Fv2%2Fcomments&post=7624"}],"version-history":[{"count":2,"href":"https:\/\/www.visionweb.com.ar\/index.php?rest_route=\/wp\/v2\/posts\/7624\/revisions"}],"predecessor-version":[{"id":7627,"href":"https:\/\/www.visionweb.com.ar\/index.php?rest_route=\/wp\/v2\/posts\/7624\/revisions\/7627"}],"wp:featuredmedia":[{"embeddable":true,"href":"https:\/\/www.visionweb.com.ar\/index.php?rest_route=\/wp\/v2\/media\/7626"}],"wp:attachment":[{"href":"https:\/\/www.visionweb.com.ar\/index.php?rest_route=%2Fwp%2Fv2%2Fmedia&parent=7624"}],"wp:term":[{"taxonomy":"category","embeddable":true,"href":"https:\/\/www.visionweb.com.ar\/index.php?rest_route=%2Fwp%2Fv2%2Fcategories&post=7624"},{"taxonomy":"post_tag","embeddable":true,"href":"https:\/\/www.visionweb.com.ar\/index.php?rest_route=%2Fwp%2Fv2%2Ftags&post=7624"}],"curies":[{"name":"wp","href":"https:\/\/api.w.org\/{rel}","templated":true}]}}