{"id":7612,"date":"2022-10-10T09:30:03","date_gmt":"2022-10-10T12:30:03","guid":{"rendered":"https:\/\/www.visionweb.com.ar\/?p=7612"},"modified":"2022-10-10T09:34:24","modified_gmt":"2022-10-10T12:34:24","slug":"las-ventas-minoristas-pyme-cayeron-35-en-septiembre","status":"publish","type":"post","link":"https:\/\/www.visionweb.com.ar\/?p=7612","title":{"rendered":"Las ventas minoristas pyme cayeron 3,5% en septiembre"},"content":{"rendered":"<p><em><strong>El sector de\u00a0Farmacia y Perfumer\u00eda, en cambio muestra una suba de 8,1% interanual en sus ventas. Este\u00a0 fue el \u00fanico rubro que registr\u00f3 un incremento en el mes de septiembre.<\/strong><\/em><!--more--><\/p>\n<div id=\"attachment_7617\" style=\"width: 310px\" class=\"wp-caption alignright\"><img loading=\"lazy\" decoding=\"async\" aria-describedby=\"caption-attachment-7617\" class=\"wp-image-7617 size-medium\" src=\"https:\/\/www.visionweb.com.ar\/wp-content\/uploads\/2022\/10\/EL-RUBRO-TEXTIL...-300x168.png\" alt=\"\" width=\"300\" height=\"168\" srcset=\"https:\/\/www.visionweb.com.ar\/wp-content\/uploads\/2022\/10\/EL-RUBRO-TEXTIL...-300x168.png 300w, https:\/\/www.visionweb.com.ar\/wp-content\/uploads\/2022\/10\/EL-RUBRO-TEXTIL...-768x429.png 768w, https:\/\/www.visionweb.com.ar\/wp-content\/uploads\/2022\/10\/EL-RUBRO-TEXTIL....png 800w\" sizes=\"auto, (max-width: 300px) 100vw, 300px\" \/><p id=\"caption-attachment-7617\" class=\"wp-caption-text\">El rubro textil fue el m\u00e1s afectado por la ca\u00edda de las ventas (Foto INTERNET)<\/p><\/div>\n<p>Las ventas minoristas correspondientes a septiembre de 2022, mostraron una retraci\u00f3n del 3,5%, al\u00f1 compararlas con igual mes del per\u00edodo anterior.<\/p>\n<p>Con los n\u00fameros publicados por el \u00faltimo relevamiento de CAME, es el tercer mes consecutivo que muestra bajas en las ventas minoristas en la comparaci\u00f3n interanual.<\/p>\n<p>Sin embargo, en los primeros nueve meses del a\u00f1o, se observa un crecimiento en el comercio minorista del orden del 0,5%, comparado con igual periodo 2021.<\/p>\n<p>En septiembre, cinco de los seis rubros relevados vieron reducir sus ventas en la confrontaci\u00f3n con 2021. En el balance mensual, las ventas de las peque\u00f1as y medianas empresas se retrajeron 1,4%, tambi\u00e9n con cinco rubros en declive y uno en alza.<\/p>\n<p>As\u00ed surge del\u00a0<strong>\u00cdndice de Ventas Minoristas Pymes<\/strong>\u00a0de la\u00a0<strong>Confederaci\u00f3n Argentina de la Mediana Empresa (CAME),\u00a0<\/strong>elaborado en base a su relevamiento mensual entre 1.207 comercios del pa\u00eds, realizado entre el 3 y 5 de octubre de 2022.<\/p>\n<p>El sector de\u00a0<strong>Farmacia y Perfumer\u00eda, en cambio muestra <\/strong>una suba de 8,1% interanual en sus ventas. Este\u00a0 fue el \u00fanico rubro que registr\u00f3 un incremento en el mes de septiembre.<\/p>\n<p>El resto de las actividades se retrajeron, con la mayor ca\u00edda contabilizada en el rubro <strong>Textil e Indumentaria, <\/strong>con bajas de 17%.<\/p>\n<p><strong>Alimentos y Bebidas<\/strong>.<\/p>\n<div id=\"attachment_7618\" style=\"width: 310px\" class=\"wp-caption alignleft\"><img loading=\"lazy\" decoding=\"async\" aria-describedby=\"caption-attachment-7618\" class=\"wp-image-7618 size-medium\" src=\"https:\/\/www.visionweb.com.ar\/wp-content\/uploads\/2022\/10\/CAME-VENTAS-MINORISTAS-300x144.png\" alt=\"\" width=\"300\" height=\"144\" srcset=\"https:\/\/www.visionweb.com.ar\/wp-content\/uploads\/2022\/10\/CAME-VENTAS-MINORISTAS-300x144.png 300w, https:\/\/www.visionweb.com.ar\/wp-content\/uploads\/2022\/10\/CAME-VENTAS-MINORISTAS.png 634w\" sizes=\"auto, (max-width: 300px) 100vw, 300px\" \/><p id=\"caption-attachment-7618\" class=\"wp-caption-text\">El cuadro refleja la ca\u00edda de ventas de los principales rurbos de la actividad econ\u00f3mica. (CAMES)<\/p><\/div>\n<p>Las ventas disminuyeron 1% anual y 3,6% mensual, a valores constantes. Los negocios consultados coincidieron que el mes estuvo marcado por una inflaci\u00f3n creciente y una merma en la demanda respecto a meses anteriores. Los comerciantes comentaron dificultades para reponer mercader\u00edas, subas de precios semanales, y acumulaci\u00f3n de deudas con proveedores como las principales problem\u00e1ticas del mes.<\/p>\n<p><strong>Bazar, decoraci\u00f3n, textiles para el hogar y muebles.\u00a0<\/strong><\/p>\n<p>El desplome fue del 5,1% anual en septiembre y 3% en la comparaci\u00f3n mensual, a valores constantes. Fue otro mes en baja para las pymes del rubro que ubicaron al incremento del costo financiero del \u00faltimo mes, al faltante de productos y, sobre todo, los aumentos de precios en cada entrega de mercader\u00eda, como la justificaci\u00f3n de este comportamiento de las ventas.<\/p>\n<p><strong>Calzado y marroquiner\u00eda.\u00a0<\/strong><\/p>\n<p>Las ventas del sector se retrajeron 10,5% anual y 5,7% mensual en septiembre, medidas a valores constantes. La mayor\u00eda de los comercios consultados llevaron adelante acciones para levantar la venta: reformas en los locales, incorporaci\u00f3n de nuevos segmentos de productos, liquidaciones anticipadas, fueron algunas de las estrategias para despertar el inter\u00e9s de un p\u00fablico poco entusiasmado, aunque la evoluci\u00f3n de los precios desanim\u00f3 al consumidor.<\/p>\n<p><strong>Ferreter\u00eda, materiales el\u00e9ctricos y materiales de la construcci\u00f3n.\u00a0<\/strong><\/p>\n<p>La actividad minorista retrocedi\u00f3 0,6% anual en septiembre a valores constantes y 1% en la comparaci\u00f3n intermensual. Si bien este mes fue m\u00e1s estable, los incrementos de precios continuaron, pero con menos frecuencia y en porcentajes m\u00e1s reducidos de lo registrado durante los meses de julio y agosto pasado. La situaci\u00f3n relevada resulta bastante dispar entre comercios y productos. Si bien septiembre suele ser un mes de baja actividad, pinturas y elementos para refacciones registraron mejores n\u00fameros que aquellos relevados por los materiales el\u00e9ctricos.<\/p>\n<p><strong>\u00a0Textil e indumentaria.\u00a0<\/strong><\/p>\n<p>Las ventas minoristas se derrumbaron 17% anual en septiembre y 1,3% en la comparaci\u00f3n mensual. Fue el rubro de mayor retracci\u00f3n en el \u00edndice minorista de CAME, y es el quinto mes consecutivo en que sus indicadores caen.<\/p>\n<p>Adem\u00e1s, en septiembre se registra el declive m\u00e1s importante del a\u00f1o. Las tiendas se est\u00e1n manejando con subas de precios interanuales por encima del 100% lo que describe porqu\u00e9 la demanda se retrae tanto.<\/p>\n<p>Algunos comerciantes mostraron preocupaci\u00f3n creciente por una tr\u00edada de elementos que se retroalimentan y que explican esta evoluci\u00f3n: el aumento de la informalidad, la evoluci\u00f3n de la venta online y la suba de precios<strong>(VW)<\/strong>.<\/p>\n<p>&nbsp;<\/p>\n","protected":false},"excerpt":{"rendered":"<p>El sector de\u00a0Farmacia y Perfumer\u00eda, en cambio muestra una suba de 8,1% interanual en sus ventas. Este\u00a0 fue el \u00fanico rubro que registr\u00f3 un incremento en el mes de septiembre.<\/p>\n","protected":false},"author":3,"featured_media":7617,"comment_status":"closed","ping_status":"closed","sticky":false,"template":"","format":"standard","meta":{"_monsterinsights_skip_tracking":false,"_monsterinsights_sitenote_active":false,"_monsterinsights_sitenote_note":"","_monsterinsights_sitenote_category":0,"footnotes":""},"categories":[8,749],"tags":[3145,3144,3146,758],"class_list":["post-7612","post","type-post","status-publish","format-standard","has-post-thumbnail","hentry","category-interes-general","category-pymes","tag-retroceso","tag-rurbos","tag-septiebre","tag-ventas"],"_links":{"self":[{"href":"https:\/\/www.visionweb.com.ar\/index.php?rest_route=\/wp\/v2\/posts\/7612","targetHints":{"allow":["GET"]}}],"collection":[{"href":"https:\/\/www.visionweb.com.ar\/index.php?rest_route=\/wp\/v2\/posts"}],"about":[{"href":"https:\/\/www.visionweb.com.ar\/index.php?rest_route=\/wp\/v2\/types\/post"}],"author":[{"embeddable":true,"href":"https:\/\/www.visionweb.com.ar\/index.php?rest_route=\/wp\/v2\/users\/3"}],"replies":[{"embeddable":true,"href":"https:\/\/www.visionweb.com.ar\/index.php?rest_route=%2Fwp%2Fv2%2Fcomments&post=7612"}],"version-history":[{"count":1,"href":"https:\/\/www.visionweb.com.ar\/index.php?rest_route=\/wp\/v2\/posts\/7612\/revisions"}],"predecessor-version":[{"id":7619,"href":"https:\/\/www.visionweb.com.ar\/index.php?rest_route=\/wp\/v2\/posts\/7612\/revisions\/7619"}],"wp:featuredmedia":[{"embeddable":true,"href":"https:\/\/www.visionweb.com.ar\/index.php?rest_route=\/wp\/v2\/media\/7617"}],"wp:attachment":[{"href":"https:\/\/www.visionweb.com.ar\/index.php?rest_route=%2Fwp%2Fv2%2Fmedia&parent=7612"}],"wp:term":[{"taxonomy":"category","embeddable":true,"href":"https:\/\/www.visionweb.com.ar\/index.php?rest_route=%2Fwp%2Fv2%2Fcategories&post=7612"},{"taxonomy":"post_tag","embeddable":true,"href":"https:\/\/www.visionweb.com.ar\/index.php?rest_route=%2Fwp%2Fv2%2Ftags&post=7612"}],"curies":[{"name":"wp","href":"https:\/\/api.w.org\/{rel}","templated":true}]}}