{"id":7601,"date":"2022-10-07T11:15:07","date_gmt":"2022-10-07T14:15:07","guid":{"rendered":"https:\/\/www.visionweb.com.ar\/?p=7601"},"modified":"2022-10-10T08:53:32","modified_gmt":"2022-10-10T11:53:32","slug":"exportaciones-cafiero-se-reunio-con-la-cgera-para-avanzar-en-un-programa-que-permitira-comercializar-mas-productos-argentinos-hacia-brasil","status":"publish","type":"post","link":"https:\/\/www.visionweb.com.ar\/?p=7601","title":{"rendered":"Exportaciones: Cafiero se reuni\u00f3 con la CGERA para avanzar en un programa que potenciar\u00e1 m\u00e1s ventas  a Brasil"},"content":{"rendered":"<p><strong><em>Una vez distribuido en las regiones estudiadas previamente, el producto se encuentra listo para ser comercializado.<\/em><\/strong><!--more--><\/p>\n<p><strong><img loading=\"lazy\" decoding=\"async\" class=\"size-medium wp-image-7602 alignleft\" src=\"https:\/\/www.visionweb.com.ar\/wp-content\/uploads\/2022\/10\/CAFIERON-CEGERA-300x200.jpeg\" alt=\"\" width=\"300\" height=\"200\" srcset=\"https:\/\/www.visionweb.com.ar\/wp-content\/uploads\/2022\/10\/CAFIERON-CEGERA-300x200.jpeg 300w, https:\/\/www.visionweb.com.ar\/wp-content\/uploads\/2022\/10\/CAFIERON-CEGERA-768x512.jpeg 768w, https:\/\/www.visionweb.com.ar\/wp-content\/uploads\/2022\/10\/CAFIERON-CEGERA.jpeg 800w\" sizes=\"auto, (max-width: 300px) 100vw, 300px\" \/>E<\/strong>l canciller Santiago Cafiero mantuvo, este mi\u00e9rcoles, una reuni\u00f3n de trabajo con m\u00e1s de 30 empresarias y empresarios representantes de c\u00e1maras de peque\u00f1os y medianos sectores industriales, regionales y binacionales, nucleados en la Confederaci\u00f3n General Empresaria de la Rep\u00fablica Argentina (CGERA).<\/p>\n<p>El encuentro tuvo como objetivo continuar con el\u00a0 desarrollo del programa de Comercializadoras de Productos Argentinos en el mercado interno brasile\u00f1o.<\/p>\n<p>Del encuentro, en la sede de la entidad, tambi\u00e9n participaron la secretaria de Relaciones Econ\u00f3micas Internacionales, Cecilia Todesca Bocco, y el subsecretario de Promoci\u00f3n del Comercio e Inversiones, Guillermo Merediz, junto a los representantes de CGERA, con quienes intercambiaron opiniones sobre los principales lineamientos de la iniciativa. Las autoridades de Canciller\u00eda fueron recibidas por el presidente de CGERA, Marcelo Fern\u00e1ndez.<\/p>\n<p>El programa de Comercializadoras de Productos Argentinos en el mercado interno brasile\u00f1o, surgido del trabajo entre la embajada argentina en Brasil que preside Daniel Scioli.<\/p>\n<p>La entidad empresaria, apunta a detectar dep\u00f3sitos, Hubs o espacios amplios en aquel pa\u00eds para recibir mercader\u00edas de origen argentino similares a las que se importen de otros or\u00edgenes y que acepten el ofrecimiento de trabajar de la manera que propone nuestro pa\u00eds.<\/p>\n<div id=\"attachment_7603\" style=\"width: 310px\" class=\"wp-caption alignright\"><img loading=\"lazy\" decoding=\"async\" aria-describedby=\"caption-attachment-7603\" class=\"wp-image-7603 size-medium\" src=\"https:\/\/www.visionweb.com.ar\/wp-content\/uploads\/2022\/10\/CAFIERON-FERNANDEZ-300x200.jpeg\" alt=\"\" width=\"300\" height=\"200\" srcset=\"https:\/\/www.visionweb.com.ar\/wp-content\/uploads\/2022\/10\/CAFIERON-FERNANDEZ-300x200.jpeg 300w, https:\/\/www.visionweb.com.ar\/wp-content\/uploads\/2022\/10\/CAFIERON-FERNANDEZ-768x512.jpeg 768w, https:\/\/www.visionweb.com.ar\/wp-content\/uploads\/2022\/10\/CAFIERON-FERNANDEZ.jpeg 800w\" sizes=\"auto, (max-width: 300px) 100vw, 300px\" \/><p id=\"caption-attachment-7603\" class=\"wp-caption-text\">El Canciller Santiago Cafieron, junto a Marcelo Fern\u00e1ndez, presidente de la CGERA<\/p><\/div>\n<p>\u201cEs muy importante la visita del Canciller Cafiero, Cecilia Todesca y todo su equipo. Este encuentro nos permite avanzar en la creaci\u00f3n de comercializadoras. Estamos trabajando muy fuerte en este tema\u201d, sostuvo Marcelo Farn\u00e1ndez, presidente de la CGRA .<\/p>\n<p>En este marco, CGERA realiz\u00f3 estudios y reuniones con la embajada argentina en Brasil para detectar numerosos interesados en establecer contacto con empresas nacionales que fabriquen productos con posibilidades y precios para ser vendidos en el mercado interno de su regi\u00f3n o de otras cercanas.<\/p>\n<p>Algunos Estados que ya ofrecieron espacios para instalar las comercializadoras argentinas son Rio Grande Do Sul, Santa Catalina, San Pablo, Bah\u00eda, Goias y Pernambuco.<\/p>\n<h3 style=\"text-align: center;\"><span style=\"color: #0000ff;\"><em><strong>Las exportaciones argentinas a Brasil superaron los U$S 8.100 millones en los primeros ocho meses de 2022<\/strong><\/em><\/span><\/h3>\n<p>As\u00ed, los empresarios que hayan analizado los precios de venta de mercado, distribuidor, negocio, mayorista, supermercado o consumidor, deber\u00e1n enviar el o los productos con todos los gastos pagos y abonar la nacionalizaci\u00f3n (impuestos internos).<\/p>\n<p>Una vez distribuido en las regiones estudiadas previamente, el producto se encuentra listo para ser comercializado.<\/p>\n<p>De esta forma, la Canciller\u00eda argentina sigue desarrollando su estrategia para la promoci\u00f3n y el incremento de exportaciones junto al sector privado y sus diferentes instituciones, y en particular, como en este caso, se pone el foco en seguir aumentando las ventas al mercado brasile\u00f1o.<\/p>\n<p>Ayer, el canciller Santiago Cafiero recibi\u00f3 a empresarios que participaron en R\u00edo de Janeiro de la feria de gas y petr\u00f3leo m\u00e1s importante de la regi\u00f3n y por la tarde se desarroll\u00f3 una capacitaci\u00f3n para que PyMEs puedan exportar al pa\u00eds vecino<\/p>\n<p>Brasil es nuestro principal socio comercial. En los primeros 8 meses del 2022, las exportaciones argentinas de bienes al mercado brasile\u00f1o sumaron USD 8.147 millones de d\u00f3lares, lo que represent\u00f3 un incremento interanual del 15%. Del total de estas exportaciones, m\u00e1s del 57% est\u00e1n compuestas por manufacturas de origen industrial.<\/p>\n<p>La Confederaci\u00f3n General Empresaria se fund\u00f3 el 4 de octubre del 2007. Desde entonces aglutina un numeroso grupo de c\u00e1maras pymes de todo el pa\u00eds: sectores de la industria, la producci\u00f3n, el comercio y los servicios m\u00e1s una gran cantidad de entidades provinciales.<\/p>\n<p>Al d\u00eda de hoy CGERA agrupa m\u00e1s de 90 c\u00e1maras sectoriales, posee representatividad en todo el territorio nacional por medio de federaciones, asociaciones o c\u00e1maras provinciales y tiene cuatro regionales en el conurbano bonaerense<strong>(VW)<\/strong>.<\/p>\n","protected":false},"excerpt":{"rendered":"<p>Una vez distribuido en las regiones estudiadas previamente, el producto se encuentra listo para ser comercializado.<\/p>\n","protected":false},"author":3,"featured_media":7602,"comment_status":"closed","ping_status":"closed","sticky":false,"template":"","format":"standard","meta":{"_monsterinsights_skip_tracking":false,"_monsterinsights_sitenote_active":false,"_monsterinsights_sitenote_note":"","_monsterinsights_sitenote_category":0,"footnotes":""},"categories":[749],"tags":[1322,471,286,3138,32],"class_list":["post-7601","post","type-post","status-publish","format-standard","has-post-thumbnail","hentry","category-pymes","tag-brasil","tag-cafiero","tag-exportaciones","tag-fernanez","tag-pymes"],"_links":{"self":[{"href":"https:\/\/www.visionweb.com.ar\/index.php?rest_route=\/wp\/v2\/posts\/7601","targetHints":{"allow":["GET"]}}],"collection":[{"href":"https:\/\/www.visionweb.com.ar\/index.php?rest_route=\/wp\/v2\/posts"}],"about":[{"href":"https:\/\/www.visionweb.com.ar\/index.php?rest_route=\/wp\/v2\/types\/post"}],"author":[{"embeddable":true,"href":"https:\/\/www.visionweb.com.ar\/index.php?rest_route=\/wp\/v2\/users\/3"}],"replies":[{"embeddable":true,"href":"https:\/\/www.visionweb.com.ar\/index.php?rest_route=%2Fwp%2Fv2%2Fcomments&post=7601"}],"version-history":[{"count":4,"href":"https:\/\/www.visionweb.com.ar\/index.php?rest_route=\/wp\/v2\/posts\/7601\/revisions"}],"predecessor-version":[{"id":7611,"href":"https:\/\/www.visionweb.com.ar\/index.php?rest_route=\/wp\/v2\/posts\/7601\/revisions\/7611"}],"wp:featuredmedia":[{"embeddable":true,"href":"https:\/\/www.visionweb.com.ar\/index.php?rest_route=\/wp\/v2\/media\/7602"}],"wp:attachment":[{"href":"https:\/\/www.visionweb.com.ar\/index.php?rest_route=%2Fwp%2Fv2%2Fmedia&parent=7601"}],"wp:term":[{"taxonomy":"category","embeddable":true,"href":"https:\/\/www.visionweb.com.ar\/index.php?rest_route=%2Fwp%2Fv2%2Fcategories&post=7601"},{"taxonomy":"post_tag","embeddable":true,"href":"https:\/\/www.visionweb.com.ar\/index.php?rest_route=%2Fwp%2Fv2%2Ftags&post=7601"}],"curies":[{"name":"wp","href":"https:\/\/api.w.org\/{rel}","templated":true}]}}