{"id":7591,"date":"2022-10-07T09:16:17","date_gmt":"2022-10-07T12:16:17","guid":{"rendered":"https:\/\/www.visionweb.com.ar\/?p=7591"},"modified":"2022-10-07T09:16:17","modified_gmt":"2022-10-07T12:16:17","slug":"el-boleto-estudiantil-gratuito-llegara-a-todo-el-territorio-bonaerense","status":"publish","type":"post","link":"https:\/\/www.visionweb.com.ar\/?p=7591","title":{"rendered":"El Boleto Estudiantil gratuito llegar\u00e1 a todo el territorio bonaerense"},"content":{"rendered":"<p><em><strong>El Boleto Estudiantil se aplicar\u00e1 en el <\/strong><strong>interior de la Provincia. Firmaron convenio con las universidades del interior.<\/strong><\/em><!--more--><\/p>\n<p><strong>\u00a0\u00a0\u00a0\u00a0\u00a0\u00a0 <img loading=\"lazy\" decoding=\"async\" class=\"size-medium wp-image-7593 alignleft\" src=\"https:\/\/www.visionweb.com.ar\/wp-content\/uploads\/2022\/10\/kicillof-boleto-etudiantil-oct22-300x200.jpg\" alt=\"\" width=\"300\" height=\"200\" srcset=\"https:\/\/www.visionweb.com.ar\/wp-content\/uploads\/2022\/10\/kicillof-boleto-etudiantil-oct22-300x200.jpg 300w, https:\/\/www.visionweb.com.ar\/wp-content\/uploads\/2022\/10\/kicillof-boleto-etudiantil-oct22.bmp 616w\" sizes=\"auto, (max-width: 300px) 100vw, 300px\" \/>\u00a0\u00a0\u00a0\u00a0\u00a0\u00a0\u00a0\u00a0\u00a0\u00a0\u00a0\u00a0 E<\/strong>l gobernador Axel Kicillof, junto al ministro de Transporte,<strong>\u00a0<\/strong>Jorge D&#8217;Onofrio, y el director general de Cultura y Educaci\u00f3n,<strong>\u00a0<\/strong>Alberto Sileoni, encabezaron la <strong>firma<\/strong> de convenios con las <strong>universidades del interior de la provincia<\/strong> de Buenos Aires para la\u00a0<strong>implementaci\u00f3n del boleto estudiantil \u00a0gratuito en los municipios del interior bonaerense<\/strong>.<\/p>\n<p>El mandatario provincial comenz\u00f3 por recordar\u00a0<strong>La Noche<\/strong><strong> de Los L\u00e1pices<\/strong>, en una reuni\u00f3n en Casa de Gobierno, con la presencia de estudiantes universitarios.<\/p>\n<p>En ese sentido,\u00a0Kicillof expres\u00f3 que: \u201cLa firma de estos convenios tiene una importancia emocional, pero tambi\u00e9n hist\u00f3rica\u201d.<\/p>\n<p>En ese sentido, el Gobernador hizo hincapi\u00e9 en la importancia de la gratuidad universitaria: <strong>\u201cAunque sea gratis la Universidad en s\u00ed misma, estudiar no es gratis<\/strong>. Es lo que muchos no entienden. La universidad elitista excluye\u201d.<\/p>\n<p>Por eso es tan importante primero la universidad p\u00fablica y gratuita, luego el boleto estudiantil\u00bb, ahond\u00f3.<\/p>\n<p>Adem\u00e1s, se refiri\u00f3 a la discusi\u00f3n sobre la \u00abmeritocracia\u00bb, tambi\u00e9n sostuvo que: \u201cNosotros hoy tratamos de poner en pie de igualdad ese punto de partida, e implica que el que no tiene recursos ahora disponga del boleto estudiantil, no s\u00f3lo en AMBA, sino en el interior\u201d.<\/p>\n<p>A la vez, detall\u00f3: \u201cAhora hay boleto estudiantil para 300 mil pibes en el AMBA, y como nos comprometimos, ahora <strong>50 mil j\u00f3venes m\u00e1s en el interior de la Provincia<\/strong> donde las condiciones son muy diferentes\u201d.<\/p>\n<p>No ser\u00e1 el \u00faltimo paso.\u00a0<strong>A partir de 2023, el Gobernador anunci\u00f3 que llevar\u00e1n la medida tambi\u00e9n a institutos terciarios y de formaci\u00f3n<\/strong>.<\/p>\n<p>\u00abNos comprometimos a hacer ese anuncio. Es el pa\u00eds que pensamos y la provincia que pensamos, donde todos tienen derecho a la educaci\u00f3n desde su inicio\u00bb, resalt\u00f3.<\/p>\n<p>Con los acuerdos firmados el jueves 6,\u00a0<strong>el Boleto Estudiantil alcanzar\u00e1 a los municipios de<\/strong>: <strong>\u00a0<\/strong><\/p>\n<p><strong>Bah\u00eda Blanca, Necochea,<\/strong><strong>\u00a0<\/strong><strong>Balcarce,<\/strong><strong>\u00a0<\/strong><strong>Olavarr\u00eda,<\/strong><strong>\u00a0<\/strong><strong>Coronel Rosales,<\/strong><strong>\u00a0<\/strong><strong>Pergamino,<\/strong><strong>\u00a0<\/strong><strong>General Pueyrred\u00f3n,<\/strong><strong>\u00a0<\/strong><strong>San Nicol\u00e1s,<\/strong><strong>\u00a0<\/strong><strong>Jun\u00edn y Tandil<\/strong>, que se encuentra en proceso de implementaci\u00f3n del sistema SUBE.<\/p>\n<p>Cabe recordar que la implementaci\u00f3n para los municipios del interior bonaerense del\u00a0boleto estudiantil gratuito<strong>\u00a0<\/strong>tiene una trayectoria que comenz\u00f3 en la <strong>tr\u00e1gica Noche de los L\u00e1pices<\/strong> y<strong>\u00a0<\/strong><strong>lleg\u00f3 como ley provincial reci\u00e9n en 2015, durante el \u00faltimo a\u00f1o de mandato de Daniel Scioli<\/strong>, <strong>quien no lleg\u00f3 a reglamentarla.<\/strong><\/p>\n<p>En 2016,\u00a0<strong>Mar\u00eda Eugenia Vidal reglament\u00f3 la ley de boleto estudiantil para el \u00c1rea Metropolitana de Buenos Aires (AMBA)<\/strong>, <strong>e implement\u00f3 la medida<\/strong>. <strong>(VW)<\/strong><\/p>\n<p>&nbsp;<\/p>\n","protected":false},"excerpt":{"rendered":"<p>El Boleto Estudiantil se aplicar\u00e1 en el interior de la Provincia. Firmaron convenio con las universidades del interior.<\/p>\n","protected":false},"author":4,"featured_media":7593,"comment_status":"closed","ping_status":"closed","sticky":false,"template":"","format":"standard","meta":{"_monsterinsights_skip_tracking":false,"_monsterinsights_sitenote_active":false,"_monsterinsights_sitenote_note":"","_monsterinsights_sitenote_category":0,"footnotes":""},"categories":[4,5],"tags":[3131,3130,3132,751,2160],"class_list":["post-7591","post","type-post","status-publish","format-standard","has-post-thumbnail","hentry","category-politica","category-sociedad","tag-axel-kicillof","tag-boleto-estudiantl-gratuito","tag-convenio-universidades","tag-provincia-de-buenos-aires","tag-sileoni"],"_links":{"self":[{"href":"https:\/\/www.visionweb.com.ar\/index.php?rest_route=\/wp\/v2\/posts\/7591","targetHints":{"allow":["GET"]}}],"collection":[{"href":"https:\/\/www.visionweb.com.ar\/index.php?rest_route=\/wp\/v2\/posts"}],"about":[{"href":"https:\/\/www.visionweb.com.ar\/index.php?rest_route=\/wp\/v2\/types\/post"}],"author":[{"embeddable":true,"href":"https:\/\/www.visionweb.com.ar\/index.php?rest_route=\/wp\/v2\/users\/4"}],"replies":[{"embeddable":true,"href":"https:\/\/www.visionweb.com.ar\/index.php?rest_route=%2Fwp%2Fv2%2Fcomments&post=7591"}],"version-history":[{"count":2,"href":"https:\/\/www.visionweb.com.ar\/index.php?rest_route=\/wp\/v2\/posts\/7591\/revisions"}],"predecessor-version":[{"id":7594,"href":"https:\/\/www.visionweb.com.ar\/index.php?rest_route=\/wp\/v2\/posts\/7591\/revisions\/7594"}],"wp:featuredmedia":[{"embeddable":true,"href":"https:\/\/www.visionweb.com.ar\/index.php?rest_route=\/wp\/v2\/media\/7593"}],"wp:attachment":[{"href":"https:\/\/www.visionweb.com.ar\/index.php?rest_route=%2Fwp%2Fv2%2Fmedia&parent=7591"}],"wp:term":[{"taxonomy":"category","embeddable":true,"href":"https:\/\/www.visionweb.com.ar\/index.php?rest_route=%2Fwp%2Fv2%2Fcategories&post=7591"},{"taxonomy":"post_tag","embeddable":true,"href":"https:\/\/www.visionweb.com.ar\/index.php?rest_route=%2Fwp%2Fv2%2Ftags&post=7591"}],"curies":[{"name":"wp","href":"https:\/\/api.w.org\/{rel}","templated":true}]}}