{"id":7580,"date":"2022-10-06T12:07:56","date_gmt":"2022-10-06T15:07:56","guid":{"rendered":"https:\/\/www.visionweb.com.ar\/?p=7580"},"modified":"2022-10-06T12:07:56","modified_gmt":"2022-10-06T15:07:56","slug":"la-canasta-basica-de-un-jubilado-es-3-veces-mayor-a-lo-que-perciben","status":"publish","type":"post","link":"https:\/\/www.visionweb.com.ar\/?p=7580","title":{"rendered":"La Canasta B\u00e1sica de un Jubilado es 3 veces mayor a lo que perciben"},"content":{"rendered":"<p><em><strong>Hacen falta ma\u0301s de tres jubilaciones mi\u0301nimas para cubrir una canasta ba\u0301sica, indic\u00f3 el informe, que dio en su \u00faltima medici\u00f3n $151.578.<\/strong><\/em><!--more--><\/p>\n<div id=\"attachment_7582\" style=\"width: 310px\" class=\"wp-caption alignright\"><img loading=\"lazy\" decoding=\"async\" aria-describedby=\"caption-attachment-7582\" class=\"wp-image-7582 size-medium\" src=\"https:\/\/www.visionweb.com.ar\/wp-content\/uploads\/2022\/10\/canasta-jubilados-oct-22-gerontovida-300x180.jpg\" alt=\"\" width=\"300\" height=\"180\" srcset=\"https:\/\/www.visionweb.com.ar\/wp-content\/uploads\/2022\/10\/canasta-jubilados-oct-22-gerontovida-300x180.jpg 300w, https:\/\/www.visionweb.com.ar\/wp-content\/uploads\/2022\/10\/canasta-jubilados-oct-22-gerontovida.jpg 701w\" sizes=\"auto, (max-width: 300px) 100vw, 300px\" \/><p id=\"caption-attachment-7582\" class=\"wp-caption-text\">Gr\u00e1fico de la Canasta B\u00e1sica Jubilados, octubre 2022. (Gentileza Gerontovida)<\/p><\/div>\n<p><strong>\u00a0\u00a0\u00a0\u00a0\u00a0\u00a0\u00a0\u00a0\u00a0\u00a0\u00a0\u00a0\u00a0 \u00a0\u00a0\u00a0\u00a0\u00a0\u00a0\u00a0\u00a0 L<\/strong>a<strong> Defensor\u00eda de la Tercera Edad<\/strong>, en conjunto con <strong>Gerontovida<\/strong>, dieron a conocer ayer los n\u00fameros de <strong>La Canasta B\u00e1sica del Jubilado<\/strong>, que en su \u00faltima medici\u00f3n dio de<strong> $151.578, al 1 de Octubre de 2022<\/strong>, incluyendo gastos de vivienda.<\/p>\n<p>Desde el organismo indicaron que es \u201cun <strong>monto del que est\u00e1 absolutamente excluida la amplia mayor\u00eda de las personas que cobran una jubilaci\u00f3n<\/strong>\u201d.<\/p>\n<p>A la vez que cuestionaron: \u201cTeniendo en cuenta la pol\u00edtica reciente del Gobierno Nacional de generar d\u00f3lares diferenciales para determinados sectores, nos preguntamos: \u00bfNo puede haber un d\u00f3lar para jubilados, no ya para preservar las ganancias del sector, sino para contrarrestar el estado de miseria en el que se encuentra?\u201d.<\/p>\n<p>Se trata de la Medicio\u0301n N\u00b0 29 de la Canasta de los Mayores, que efect\u00faa la Defensori\u0301a de la Tercera Edad, desde donde muestran las variaciones que se observan semestralmente, desde hace 12 a\u00f1os.<\/p>\n<p>\u201cLos nuevos datos de la Canasta Ba\u0301sica de los Jubilados ratifican la situacio\u0301n de precariedad y miseria en la que se hunde cada vez ma\u0301s el sector. Una canasta ba\u0301sica de $151.478 en un contexto en el que 6.000.000 de jubilados cobran una mi\u0301nima de $43.000, y en el que el resto recibe un haber promedio de $ 65.000. Mientras que la Pensio\u0301n Universal para Adultos Mayores (PUAM) es de $ 34.642, destacaron desde la Defensor\u00eda.<\/p>\n<p>\u201cEl intento de mitigar el problema mediante el anuncio de bonos que son como monedas arrojadas a un pueblo hambriento no solamente son inu\u0301tiles sino tambie\u0301n contraproducentes. <strong>Son parches que resaltan el agujero que quieren ocultar<\/strong>. <strong>En un contexto en el que hacen falta ma\u0301s de tres jubilaciones mi\u0301nimas para cubrir una canasta ba\u0301sica, el anuncio de un bono de $7000 es insultante<\/strong>\u201d, indicaron.<\/p>\n<p>\u201cAquellos que manejan la administraci\u00f3n <strong>no dan signos de ver el problema<\/strong> <strong>ni generan los consensos necesarios para resolverlos<\/strong>\u201d, dijo el dr. <strong>Eugenio Semino<\/strong> en di\u00e1logo con\u00a0<strong><em>Visi\u00f3n de Radio<\/em><\/strong>, hace unos d\u00edas.<\/p>\n<p>Cabe recordar que durante la semana pasada hubo un pedido de audiencia al Secretario de Comercio interior, Mat\u00edas Tombolini, que no se les ha concedido, y \u201cera <strong>para plantear una situaci\u00f3n que ha llegado a un l\u00edmite nunca imaginado en Argentina<\/strong>\u201d, narr\u00f3 Semino, Defensor de la Tercera Edad y Presidente de la Sociedad Iberoamericana de Gerontolog\u00eda y Geriatr\u00eda.<\/p>\n<p>\u201cHoy lo que <strong>ya est\u00e1 en riesgo para jubilados y pensionados es el poder alimentarse, el poder tener salud<\/strong>, poder ser atendido, y tambi\u00e9n el poder mantener una vivienda\u201d, dijo Semino.<\/p>\n<p>\u201c<strong>Realmente es un escenario que debiera llamar la atenci\u00f3n a todos los actores pol\u00edticos<\/strong>, pero est\u00e1n ensimismados en su contienda del 2023, en sus rencillas o en sus proyectos personales, y estos 8 millones de argentinos, jubilados, trabajadores de toda una vida no son tenidos en cuenta\u201d.<\/p>\n<p>A la vez, el Defensor de la Tercera Edad, detall\u00f3 que: \u201cEl pensamiento general es que los jubilados est\u00e1n de m\u00e1s, por eso <strong>el ajuste m\u00e1s brutal que est\u00e1 haciendo el poder econ\u00f3mico, es decir Sergio Massa, es sobre los jubilados<\/strong>, sobre la gran masa de recursos que tiene la seguridad social, porque la erogaci\u00f3n del sistema es monumental. Ya que el Anses, entre todo, paga m\u00e1s de 5 puntos del PBI. Y el ajuste se est\u00e1 haciendo sobre ese sector, de una manera despiadada, no ha adjetivos\u201d, sentenci\u00f3 Semino. <strong>(VW)<\/strong><\/p>\n<p>&nbsp;<\/p>\n","protected":false},"excerpt":{"rendered":"<p>Hacen falta ma\u0301s de tres jubilaciones mi\u0301nimas para cubrir una canasta ba\u0301sica, indic\u00f3 el informe, que dio en su \u00faltima medici\u00f3n $151.578.<\/p>\n","protected":false},"author":4,"featured_media":7582,"comment_status":"closed","ping_status":"closed","sticky":false,"template":"","format":"standard","meta":{"_monsterinsights_skip_tracking":false,"_monsterinsights_sitenote_active":false,"_monsterinsights_sitenote_note":"","_monsterinsights_sitenote_category":0,"footnotes":""},"categories":[6,4,5],"tags":[3127,3125,2223,3126],"class_list":["post-7580","post","type-post","status-publish","format-standard","has-post-thumbnail","hentry","category-economia","category-politica","category-sociedad","tag-canasta-basica-del-jubilado","tag-defensoria-de-la-tercera-edad","tag-eugenio-semino","tag-gerontovida"],"_links":{"self":[{"href":"https:\/\/www.visionweb.com.ar\/index.php?rest_route=\/wp\/v2\/posts\/7580","targetHints":{"allow":["GET"]}}],"collection":[{"href":"https:\/\/www.visionweb.com.ar\/index.php?rest_route=\/wp\/v2\/posts"}],"about":[{"href":"https:\/\/www.visionweb.com.ar\/index.php?rest_route=\/wp\/v2\/types\/post"}],"author":[{"embeddable":true,"href":"https:\/\/www.visionweb.com.ar\/index.php?rest_route=\/wp\/v2\/users\/4"}],"replies":[{"embeddable":true,"href":"https:\/\/www.visionweb.com.ar\/index.php?rest_route=%2Fwp%2Fv2%2Fcomments&post=7580"}],"version-history":[{"count":2,"href":"https:\/\/www.visionweb.com.ar\/index.php?rest_route=\/wp\/v2\/posts\/7580\/revisions"}],"predecessor-version":[{"id":7583,"href":"https:\/\/www.visionweb.com.ar\/index.php?rest_route=\/wp\/v2\/posts\/7580\/revisions\/7583"}],"wp:featuredmedia":[{"embeddable":true,"href":"https:\/\/www.visionweb.com.ar\/index.php?rest_route=\/wp\/v2\/media\/7582"}],"wp:attachment":[{"href":"https:\/\/www.visionweb.com.ar\/index.php?rest_route=%2Fwp%2Fv2%2Fmedia&parent=7580"}],"wp:term":[{"taxonomy":"category","embeddable":true,"href":"https:\/\/www.visionweb.com.ar\/index.php?rest_route=%2Fwp%2Fv2%2Fcategories&post=7580"},{"taxonomy":"post_tag","embeddable":true,"href":"https:\/\/www.visionweb.com.ar\/index.php?rest_route=%2Fwp%2Fv2%2Ftags&post=7580"}],"curies":[{"name":"wp","href":"https:\/\/api.w.org\/{rel}","templated":true}]}}