{"id":7567,"date":"2022-10-06T09:47:39","date_gmt":"2022-10-06T12:47:39","guid":{"rendered":"https:\/\/www.visionweb.com.ar\/?p=7567"},"modified":"2022-10-06T09:49:48","modified_gmt":"2022-10-06T12:49:48","slug":"tarifas-en-el-amba-trenes-y-colectivos-aumentaran-un-40-en-diciembre","status":"publish","type":"post","link":"https:\/\/www.visionweb.com.ar\/?p=7567","title":{"rendered":"Tarifas en el AMBA: Trenes y colectivos aumentar\u00e1n otro 40%  en diciembre"},"content":{"rendered":"<p><em><strong>Desde diciembre habr\u00e1 un incremento del 40% en la tarifa de trenes y colectivos, aunque no va a ser igual para todas las l\u00edneas de ferrocarril ni para todas las modalidades, explic\u00f3 Guerrera.<\/strong><\/em><!--more--><\/p>\n<p><strong>\u00a0\u00a0\u00a0\u00a0\u00a0\u00a0 <img loading=\"lazy\" decoding=\"async\" class=\"size-medium wp-image-7569 alignleft\" src=\"https:\/\/www.visionweb.com.ar\/wp-content\/uploads\/2022\/10\/colectivos-sube-300x274.jpg\" alt=\"\" width=\"300\" height=\"274\" srcset=\"https:\/\/www.visionweb.com.ar\/wp-content\/uploads\/2022\/10\/colectivos-sube-300x274.jpg 300w, https:\/\/www.visionweb.com.ar\/wp-content\/uploads\/2022\/10\/colectivos-sube.bmp 473w\" sizes=\"auto, (max-width: 300px) 100vw, 300px\" \/>\u00a0\u00a0\u00a0\u00a0\u00a0\u00a0\u00a0\u00a0\u00a0\u00a0\u00a0 E<\/strong>l ministro de Transporte,\u00a0<strong>Alexis Guerrera, confirm\u00f3 ayer que \u201cva a haber un ajuste\u201d de la tarifa del transporte p\u00fablico \u201cen el mes de diciembre\u201d<\/strong>\u00a0en todas sus modalidades. A la vez, explic\u00f3 que a\u00fan se est\u00e1 analizando el porcentaje de aumento, aunque ya estim\u00f3 \u201cun promedio aproximado de 40%\u201d, el mismo que se aplic\u00f3 en agosto pasado.<\/p>\n<p>Guerrera dijo, en declaraciones a T\u00e9lam, que el incremento aplicar\u00e1 al \u201c\u00e1rea metropolitana de transporte y todo lo que es transporte federal, que es lo que regula el Estado nacional\u201d.<\/p>\n<p>La suba\u00a0<strong>\u201cno va a ser exactamente igual para todas las l\u00edneas de ferrocarril ni para todas las modalidades\u201d<\/strong>, a\u00f1adi\u00f3 el ministro, y agreg\u00f3: \u201cEstamos analizando cu\u00e1l va a ser ese porcentaje de aumento, pero\u00a0<strong>podemos hacer un promedio aproximado de 40%<\/strong>\u201c, complet\u00f3 Guerrera.<\/p>\n<p>A la vez,, el funcionario aclar\u00f3 que la medida \u201cno tiene que ver con la negociaci\u00f3n de la UTA (Uni\u00f3n Tranviarios Automotor) en el Ministerio de Trabajo porque el transporte interior, que es la discusi\u00f3n en este momento, no es jurisdicci\u00f3n del Gobierno nacional, m\u00e1s all\u00e1 de que las provincias siempre ponen la presi\u00f3n sobre los subsidios nacionales\u201d.<\/p>\n<p>En ese sentido, precis\u00f3 que: \u201cEs jurisdicci\u00f3n de los gobiernos provinciales y municipales establecer las tarifas, los recorridos, las paradas, y lo que hace el Gobierno nacional es un mecanismo de subsidios\u201d, subray\u00f3.<\/p>\n<p>Tambi\u00e9n record\u00f3 que \u201cen el pacto fiscal de 2018 hab\u00eda un compromiso por parte de las jurisdicciones de abandonar el mecanismo de compensaciones por parte del Gobierno nacional, pero esto no se ha cumplido producto de la Covid\u201d.<\/p>\n<p>\u201cEse fondo compensador de interior se refortaleci\u00f3 y hoy seguimos con la discusi\u00f3n sobre cu\u00e1l es el nivel de participaci\u00f3n que tiene que tener el Gobierno federal en lo que es el transporte automotor de jurisdicci\u00f3n provincial o municipal\u201d, concluy\u00f3. <strong>(VW)<\/strong><\/p>\n<p>&nbsp;<\/p>\n","protected":false},"excerpt":{"rendered":"<p>Desde diciembre habr\u00e1 un incremento del 40% en la tarifa de trenes y colectivos, aunque no va a ser igual para todas las l\u00edneas de ferrocarril ni para todas las modalidades, explic\u00f3 Guerrera.<\/p>\n","protected":false},"author":4,"featured_media":7569,"comment_status":"closed","ping_status":"closed","sticky":false,"template":"","format":"standard","meta":{"_monsterinsights_skip_tracking":false,"_monsterinsights_sitenote_active":false,"_monsterinsights_sitenote_note":"","_monsterinsights_sitenote_category":0,"footnotes":""},"categories":[6,5],"tags":[3117,3118,196,3116],"class_list":["post-7567","post","type-post","status-publish","format-standard","has-post-thumbnail","hentry","category-economia","category-sociedad","tag-40-en-diciembre","tag-aexis-guerrera","tag-amba","tag-aumebto-trenes-y-colectivos"],"_links":{"self":[{"href":"https:\/\/www.visionweb.com.ar\/index.php?rest_route=\/wp\/v2\/posts\/7567","targetHints":{"allow":["GET"]}}],"collection":[{"href":"https:\/\/www.visionweb.com.ar\/index.php?rest_route=\/wp\/v2\/posts"}],"about":[{"href":"https:\/\/www.visionweb.com.ar\/index.php?rest_route=\/wp\/v2\/types\/post"}],"author":[{"embeddable":true,"href":"https:\/\/www.visionweb.com.ar\/index.php?rest_route=\/wp\/v2\/users\/4"}],"replies":[{"embeddable":true,"href":"https:\/\/www.visionweb.com.ar\/index.php?rest_route=%2Fwp%2Fv2%2Fcomments&post=7567"}],"version-history":[{"count":4,"href":"https:\/\/www.visionweb.com.ar\/index.php?rest_route=\/wp\/v2\/posts\/7567\/revisions"}],"predecessor-version":[{"id":7572,"href":"https:\/\/www.visionweb.com.ar\/index.php?rest_route=\/wp\/v2\/posts\/7567\/revisions\/7572"}],"wp:featuredmedia":[{"embeddable":true,"href":"https:\/\/www.visionweb.com.ar\/index.php?rest_route=\/wp\/v2\/media\/7569"}],"wp:attachment":[{"href":"https:\/\/www.visionweb.com.ar\/index.php?rest_route=%2Fwp%2Fv2%2Fmedia&parent=7567"}],"wp:term":[{"taxonomy":"category","embeddable":true,"href":"https:\/\/www.visionweb.com.ar\/index.php?rest_route=%2Fwp%2Fv2%2Fcategories&post=7567"},{"taxonomy":"post_tag","embeddable":true,"href":"https:\/\/www.visionweb.com.ar\/index.php?rest_route=%2Fwp%2Fv2%2Ftags&post=7567"}],"curies":[{"name":"wp","href":"https:\/\/api.w.org\/{rel}","templated":true}]}}