{"id":7539,"date":"2022-10-04T15:48:20","date_gmt":"2022-10-04T18:48:20","guid":{"rendered":"https:\/\/www.visionweb.com.ar\/?p=7539"},"modified":"2022-10-04T15:48:20","modified_gmt":"2022-10-04T18:48:20","slug":"desde-la-campora-tambien-alientan-la-suspension-de-las-paso","status":"publish","type":"post","link":"https:\/\/www.visionweb.com.ar\/?p=7539","title":{"rendered":"Desde la C\u00e1mpora tambi\u00e9n alientan la suspensi\u00f3n de las PASO"},"content":{"rendered":"<p><em><strong>El oficialismo bonaerense pidi\u00f3 a la oposici\u00f3n\u00a0 evaluar el tema sin la conveniencia del momento, sino teniendo en cuenta que es lo mejor para el sistema pol\u00edtico.<\/strong><\/em><!--more--><\/p>\n<div id=\"attachment_7540\" style=\"width: 310px\" class=\"wp-caption alignright\"><img loading=\"lazy\" decoding=\"async\" aria-describedby=\"caption-attachment-7540\" class=\"wp-image-7540 size-medium\" src=\"https:\/\/www.visionweb.com.ar\/wp-content\/uploads\/2022\/10\/LA-CAMPORA-300x169.png\" alt=\"\" width=\"300\" height=\"169\" srcset=\"https:\/\/www.visionweb.com.ar\/wp-content\/uploads\/2022\/10\/LA-CAMPORA-300x169.png 300w, https:\/\/www.visionweb.com.ar\/wp-content\/uploads\/2022\/10\/LA-CAMPORA.png 640w\" sizes=\"auto, (max-width: 300px) 100vw, 300px\" \/><p id=\"caption-attachment-7540\" class=\"wp-caption-text\"><strong><em>La C\u00e1mpora ahora se suma a los quienes impulsan la eliminaci\u00f3n de las PASO (Foto Internet) <\/em><\/strong><\/p><\/div>\n<p><strong>E<\/strong>n medio de los intentos de sectores del oficialismo y aliados para derogar las PASO del a\u00f1o pr\u00f3ximo, Andr\u00e9s \u201cCuervo\u201d Larroque, ministro de Desarrollo de la Comunidad bonaerense y uno de los dirigentes m\u00e1s importantes de La C\u00e1mpora, critic\u00f3 el sistema de elecciones Primarias, Abiertas, Simult\u00e1neas y Obligatorias (PASO) porque ya no cumplen el objetivo para el que fueron propuestas.<\/p>\n<p>Larroque consider\u00f3 que detr\u00e1s de las primarias \u201chay un debate de trasfondo y filos\u00f3fico\u201d, ya que \u201csu esp\u00edritu original no result\u00f3 como se hab\u00eda previsto. No s\u00e9 si es por una cuesti\u00f3n cultural, pero en muchos casos es un instrumento que no se utiliza\u201d, consider\u00f3.<\/p>\n<p>De acuerdo a lo infirmado por la agencia DIB, tras mostrarse a favor de derogar las primarias, el funcionario de Axel Kicillof reclam\u00f3 a la oposici\u00f3n evaluar el tema sin \u201cla conveniencia del momento\u201d, sino teniendo en cuenta \u201cque es lo mejor para el sistema pol\u00edtico\u201d. \u201cNo veo bien que quien hace un tiempo despotricaba ante las PASO hoy parece poner un grito en el cielo\u201d, afirm\u00f3 a El Destape Radio, al referirse a dirigentes de Juntos por el Cambio.<\/p>\n<p>\u201cSi estamos a tiempo y hay un consenso, se ver\u00e1 si se avanza en ese sentido (por la derogaci\u00f3n), y sino seguiremos con este mecanismo, entendiendo que hay que darle sentido\u201d, reclam\u00f3.<\/p>\n<p>La definici\u00f3n es importante porque el espacio referenciado en la vicepresidenta Cristina Fern\u00e1ndez hab\u00eda mantenido cierto silencio para evitar adelantar su postura desde que los gobernadores del Frente de Todos pidieron que en 2023 no haya PASO.<\/p>\n<p>Al respecto, el gobernador Kicillof dijo d\u00edas atr\u00e1s que la posible eliminaci\u00f3n \u201ctiene que darse en el Congreso de la Naci\u00f3n\u201d, y que si eso pasa se replicar\u00e1 en la provincia.<\/p>\n<p>\u201cVarios gobernadores lo plantearon en sus provincias. Nosotros, en Buenos Aires, hacemos las PASO del distrito con las nacionales. As\u00ed lo marca nuestra ley provincial. Por eso es una discusi\u00f3n que se tiene que dar en el Congreso de la naci\u00f3n. Reci\u00e9n ah\u00ed ver\u00edamos qu\u00e9 ocurrir\u00eda si se llega a una suspensi\u00f3n\u201d, afirm\u00f3 en su momento Kicillof.<\/p>\n<p>Por ley la PASO nacional deber\u00eda realizarse dentro de 11 meses, en agosto. Y dos meses despu\u00e9s deber\u00eda tener lugar la elecci\u00f3n general. El mismo esquema se repetir\u00eda en Buenos Aires excepto que Kicillof pueda acordar con la oposici\u00f3n.<\/p>\n<p>En la C\u00e1mara de Diputados bonaerense el Frente de Todos encontrar\u00eda aliados clave en los bloques minotarios para avanzar con una suspensi\u00f3n. En tanto, aunque en el Senado el oficialismo enfrenta n\u00fameros m\u00e1s ajustados, con una paridad de bancas (23 a 23), se estima que podr\u00edan encontrar la estrategia para echar por tierra las elecciones primarias.<\/p>\n<p>La intenci\u00f3n de eliminar las PASO a nivel nacional se oficializ\u00f3 cuando el Interbloque Provincias Unidas, un sector con bloques legislativos propios pero aliado al FdT en algunas votaciones, confirm\u00f3 que presentar\u00eda un proyecto con ese objetivo<strong>(VW)<\/strong>.<\/p>\n<p>&nbsp;<\/p>\n","protected":false},"excerpt":{"rendered":"<p>El oficialismo bonaerense pidi\u00f3 a la oposici\u00f3n\u00a0 evaluar el tema sin la conveniencia del momento, sino teniendo en cuenta que es lo mejor para el sistema pol\u00edtico.<\/p>\n","protected":false},"author":3,"featured_media":7540,"comment_status":"closed","ping_status":"closed","sticky":false,"template":"","format":"standard","meta":{"_monsterinsights_skip_tracking":false,"_monsterinsights_sitenote_active":false,"_monsterinsights_sitenote_note":"","_monsterinsights_sitenote_category":0,"footnotes":""},"categories":[4],"tags":[340,3101,204,66],"class_list":["post-7539","post","type-post","status-publish","format-standard","has-post-thumbnail","hentry","category-politica","tag-elecciones","tag-oficialismo","tag-paso","tag-suspension"],"_links":{"self":[{"href":"https:\/\/www.visionweb.com.ar\/index.php?rest_route=\/wp\/v2\/posts\/7539","targetHints":{"allow":["GET"]}}],"collection":[{"href":"https:\/\/www.visionweb.com.ar\/index.php?rest_route=\/wp\/v2\/posts"}],"about":[{"href":"https:\/\/www.visionweb.com.ar\/index.php?rest_route=\/wp\/v2\/types\/post"}],"author":[{"embeddable":true,"href":"https:\/\/www.visionweb.com.ar\/index.php?rest_route=\/wp\/v2\/users\/3"}],"replies":[{"embeddable":true,"href":"https:\/\/www.visionweb.com.ar\/index.php?rest_route=%2Fwp%2Fv2%2Fcomments&post=7539"}],"version-history":[{"count":1,"href":"https:\/\/www.visionweb.com.ar\/index.php?rest_route=\/wp\/v2\/posts\/7539\/revisions"}],"predecessor-version":[{"id":7541,"href":"https:\/\/www.visionweb.com.ar\/index.php?rest_route=\/wp\/v2\/posts\/7539\/revisions\/7541"}],"wp:featuredmedia":[{"embeddable":true,"href":"https:\/\/www.visionweb.com.ar\/index.php?rest_route=\/wp\/v2\/media\/7540"}],"wp:attachment":[{"href":"https:\/\/www.visionweb.com.ar\/index.php?rest_route=%2Fwp%2Fv2%2Fmedia&parent=7539"}],"wp:term":[{"taxonomy":"category","embeddable":true,"href":"https:\/\/www.visionweb.com.ar\/index.php?rest_route=%2Fwp%2Fv2%2Fcategories&post=7539"},{"taxonomy":"post_tag","embeddable":true,"href":"https:\/\/www.visionweb.com.ar\/index.php?rest_route=%2Fwp%2Fv2%2Ftags&post=7539"}],"curies":[{"name":"wp","href":"https:\/\/api.w.org\/{rel}","templated":true}]}}