{"id":7527,"date":"2022-10-04T11:27:51","date_gmt":"2022-10-04T14:27:51","guid":{"rendered":"https:\/\/www.visionweb.com.ar\/?p=7527"},"modified":"2022-10-04T11:27:51","modified_gmt":"2022-10-04T14:27:51","slug":"postergaron-la-quita-de-subsidios-a-la-energia","status":"publish","type":"post","link":"https:\/\/www.visionweb.com.ar\/?p=7527","title":{"rendered":"Postergaron la quita de subsidios a la energ\u00eda\u00a0"},"content":{"rendered":"<p><strong><em>Energ\u00eda quitar\u00e1 subsidios a luz a partir de desde este mes y podr\u00eda aplicarse tambi\u00e9n para el gas. Las boletas nuevas, llegar\u00e1n en noviembre.<\/em><\/strong><!--more--><\/p>\n<p><strong>\u00a0\u00a0\u00a0\u00a0\u00a0\u00a0\u00a0\u00a0\u00a0\u00a0\u00a0\u00a0\u00a0\u00a0 <img loading=\"lazy\" decoding=\"async\" class=\"size-medium wp-image-7530 alignright\" src=\"https:\/\/www.visionweb.com.ar\/wp-content\/uploads\/2022\/10\/luz-y-gas-subsidios-300x171.jpg\" alt=\"\" width=\"300\" height=\"171\" srcset=\"https:\/\/www.visionweb.com.ar\/wp-content\/uploads\/2022\/10\/luz-y-gas-subsidios-300x171.jpg 300w, https:\/\/www.visionweb.com.ar\/wp-content\/uploads\/2022\/10\/luz-y-gas-subsidios.bmp 601w\" sizes=\"auto, (max-width: 300px) 100vw, 300px\" \/>\u00a0\u00a0\u00a0\u00a0\u00a0\u00a0\u00a0\u00a0 E<\/strong>l Gobierno posterg\u00f3 por un mes la aplicaci\u00f3n de la segmentaci\u00f3n de tarifas con quita de subsidios al sector de mayores ingresos de la poblaci\u00f3n, tambi\u00e9n a todos los que no se hayan anotado en el formulario RASE. La exenci\u00f3n es para los que tengan tarifa social a cargo de las provincias.<\/p>\n<p>En ese sentido, el presidente de la Asociaci\u00f3n de Defensa de Usuarios y Consumidores (ADDUC),\u00a0<strong>Osvaldo Bassano,<\/strong> expres\u00f3: <strong>\u201cSin<\/strong><strong>\u00a0<\/strong><strong>audiencia p\u00fablica no puede haber aumento de tarifas, aunque digan quita de subsidios, menos cuando es retroactiva, contrario a derecho e injustas.<\/strong><strong>\u00a0<\/strong>A veces los que m\u00e1s consumen son los que menos tienen y menos ingresos tienen. Recapacitaron y lo postergaron, pero nos genera la pregunta: \u00bfHabr\u00e1n entendido?\u201d, cuestion\u00f3.<\/p>\n<p>La suba de septiembre se iba a reflejar en las boletas que los clientes recibir\u00edan en octubre. Pero todo se posterg\u00f3 un mes. La secretaria de Energ\u00eda, <strong>Flavia Roy\u00f3n<\/strong>, explic\u00f3 que la\u00a0<strong>segmentaci\u00f3n va a tener lugar \u201ca partir de los consumos de octubre\u201d.<\/strong><\/p>\n<p>Los motivos son: que hubo muchos usuarios que no se inscribieron al Registro de Acceso a los Subsidios a la Energ\u00eda (RASE) quiz\u00e1s por desconocer los medios, cuando el objetivo era buscar a aquellos que requieran la ayuda del Estado para afrontar los costos. Y hay otro punto importante, tal como indic\u00f3 Bassano, y es que los aumentos retroactivos pueden ser rechazados por la Justicia.<\/p>\n<p>Lo cierto es que hubo m\u00e1s de 5 millones de hogares que <strong>no pidieron subsidios<\/strong>.\u00a0<strong>\u201cLa mayor\u00eda no son de altos ingresos\u201d,<\/strong>\u00a0le advirtieron gobernadores e intendentes a la secretar\u00eda de Energ\u00eda.<\/p>\n<p>Cabe recordar, que el 22 de septiembre pasado, el Ente Nacional Regulador de la Electricidad (ENRE) aprob\u00f3 los cuadros tarifarios para los usuarios residenciales de ingresos medios de las distribuidoras Edenor y Edesur,\u00a0a las que instruy\u00f3 a realizar la adecuaci\u00f3n a partir de la determinaci\u00f3n del tope de consumo de 400 kWh por mes.<\/p>\n<p>En las normas tambi\u00e9n se indic\u00f3 que las dos compa\u00f1\u00edas deben informar en las facturas en forma discriminada los cargos variables, tanto para los primeros 400 kwh como para los excedentes a ese tope.<\/p>\n<p>La escala de los valores de los cargos variables para los consumos superiores a los 400 kwh fue detallada en los anexos de las resoluciones, y representa un ajuste respecto de los valores inferiores al tope, que va del 40,9% al 49,9%.<\/p>\n<p>\u201cDesde Naci\u00f3n no tenemos las bases de datos de los usuarios, por eso dimos un poco m\u00e1s de tiempo para que se pueden identificar los usuarios no inscriptos. El objetivo es que hasta fin de a\u00f1o todos se inscriban\u201d, dijo Roy\u00f3n.<\/p>\n<p>A la vez, el Poder Ejecutivo tambi\u00e9n hab\u00eda definido que quienes <strong>no se anotaran<\/strong> en el registro de subsidios <strong>ser\u00edan caratulados como \u201cNivel 1\u201d<\/strong>, es decir que para ellos, habr\u00eda tarifa sin descuentos, con aumentos que pueden llegar hasta 170%, seg\u00fan estimaciones.<\/p>\n<p>Mientras tanto y por el momento, el aumento se postergar\u00e1\u00a0 hasta las facturas de noviembre, al menos en cuanto a la electricidad, pero <strong>tambi\u00e9n podr\u00eda replicarse con el gas<\/strong>.<strong> (VW)<\/strong><\/p>\n<p>&nbsp;<\/p>\n","protected":false},"excerpt":{"rendered":"<p>Energ\u00eda quitar\u00e1 subsidios a luz a partir de desde este mes y podr\u00eda aplicarse tambi\u00e9n para el gas. Las boletas nuevas, llegar\u00e1n en noviembre.<\/p>\n","protected":false},"author":4,"featured_media":7530,"comment_status":"closed","ping_status":"closed","sticky":false,"template":"","format":"standard","meta":{"_monsterinsights_skip_tracking":false,"_monsterinsights_sitenote_active":false,"_monsterinsights_sitenote_note":"","_monsterinsights_sitenote_category":0,"footnotes":""},"categories":[3,4,5],"tags":[3094,3095,3096,3093,2637,2752],"class_list":["post-7527","post","type-post","status-publish","format-standard","has-post-thumbnail","hentry","category-actualidad","category-politica","category-sociedad","tag-adduc","tag-bassano","tag-postergan","tag-quita-de-subsidios","tag-rase","tag-royon"],"_links":{"self":[{"href":"https:\/\/www.visionweb.com.ar\/index.php?rest_route=\/wp\/v2\/posts\/7527","targetHints":{"allow":["GET"]}}],"collection":[{"href":"https:\/\/www.visionweb.com.ar\/index.php?rest_route=\/wp\/v2\/posts"}],"about":[{"href":"https:\/\/www.visionweb.com.ar\/index.php?rest_route=\/wp\/v2\/types\/post"}],"author":[{"embeddable":true,"href":"https:\/\/www.visionweb.com.ar\/index.php?rest_route=\/wp\/v2\/users\/4"}],"replies":[{"embeddable":true,"href":"https:\/\/www.visionweb.com.ar\/index.php?rest_route=%2Fwp%2Fv2%2Fcomments&post=7527"}],"version-history":[{"count":2,"href":"https:\/\/www.visionweb.com.ar\/index.php?rest_route=\/wp\/v2\/posts\/7527\/revisions"}],"predecessor-version":[{"id":7531,"href":"https:\/\/www.visionweb.com.ar\/index.php?rest_route=\/wp\/v2\/posts\/7527\/revisions\/7531"}],"wp:featuredmedia":[{"embeddable":true,"href":"https:\/\/www.visionweb.com.ar\/index.php?rest_route=\/wp\/v2\/media\/7530"}],"wp:attachment":[{"href":"https:\/\/www.visionweb.com.ar\/index.php?rest_route=%2Fwp%2Fv2%2Fmedia&parent=7527"}],"wp:term":[{"taxonomy":"category","embeddable":true,"href":"https:\/\/www.visionweb.com.ar\/index.php?rest_route=%2Fwp%2Fv2%2Fcategories&post=7527"},{"taxonomy":"post_tag","embeddable":true,"href":"https:\/\/www.visionweb.com.ar\/index.php?rest_route=%2Fwp%2Fv2%2Ftags&post=7527"}],"curies":[{"name":"wp","href":"https:\/\/api.w.org\/{rel}","templated":true}]}}