{"id":7517,"date":"2022-10-04T10:02:32","date_gmt":"2022-10-04T13:02:32","guid":{"rendered":"https:\/\/www.visionweb.com.ar\/?p=7517"},"modified":"2022-10-04T10:02:32","modified_gmt":"2022-10-04T13:02:32","slug":"4-de-octubre-dia-mundial-de-los-animales","status":"publish","type":"post","link":"https:\/\/www.visionweb.com.ar\/?p=7517","title":{"rendered":"4 de octubre: D\u00eda Mundial de los Animales"},"content":{"rendered":"<p><em><strong>Desde 1929 se celebra el \u00abD\u00eda Mundial de los Animales\u00bb con el objetivo de recordar la importancia de la protecci\u00f3n de la fauna, en conmemoraci\u00f3n a San Francisco de As\u00eds.<\/strong> <strong>En Argentina se celebra el<\/strong> <\/em><strong><em>\u00a029 de abril<\/em>.<\/strong><!--more--><\/p>\n<div id=\"attachment_7519\" style=\"width: 310px\" class=\"wp-caption alignright\"><img loading=\"lazy\" decoding=\"async\" aria-describedby=\"caption-attachment-7519\" class=\"wp-image-7519 size-medium\" src=\"https:\/\/www.visionweb.com.ar\/wp-content\/uploads\/2022\/10\/yaguarete-foto-arg.-org.-ar-300x188.jpg\" alt=\"\" width=\"300\" height=\"188\" srcset=\"https:\/\/www.visionweb.com.ar\/wp-content\/uploads\/2022\/10\/yaguarete-foto-arg.-org.-ar-300x188.jpg 300w, https:\/\/www.visionweb.com.ar\/wp-content\/uploads\/2022\/10\/yaguarete-foto-arg.-org.-ar.bmp 560w\" sizes=\"auto, (max-width: 300px) 100vw, 300px\" \/><p id=\"caption-attachment-7519\" class=\"wp-caption-text\">Yaguaret\u00e9. (Foto: Min. Medio Ambiente)<\/p><\/div>\n<p><strong>C<\/strong>ada 4 de octubre se celebra el\u00a0<strong>D\u00eda Mundial de los Animales<\/strong>\u00a0por decisi\u00f3n de la Organizaci\u00f3n Mundial de Protecci\u00f3n Animal de 1929. Fue una iniciativa que se present\u00f3 en un congreso en Viena en ese a\u00f1o, con el objetivo de generar conciencia y buscar soluciones al problema de las especies en extinci\u00f3n.<\/p>\n<p>Este d\u00eda tiene como<strong>\u00a0<\/strong>objetivo solucionar y concientizar, principalmente, sobre las especies en peligro de extinci\u00f3n.<\/p>\n<p>La elecci\u00f3n del 4 de octubre para esta festividad fue en conmemoraci\u00f3n de San Francisco de As\u00eds, cuyo mensaje fue que debemos comprender cu\u00e1l es nuestro lugar en la Tierra, ya que el bienestar de todos est\u00e1 integrado al bienestar de todos los animales y del medio ambiente.<\/p>\n<p>San Francisco de As\u00eds: Se trat\u00f3 de un\u00a0santo que naci\u00f3 en 1182 en Italia,\u00a0y se lo consider\u00f3 un adelantado por comprender que el bienestar de las personas est\u00e1 integrado con el medio ambiente y los animales.<\/p>\n<p>Tambi\u00e9n conocido como el Padre Francisco fue el fundador de la Orden Franciscana. Decidi\u00f3 despojarse de todas sus riquezas materiales y dedic\u00f3 su vida a servir a sus semejantes y a todos los animales, a quienes consideraba hermanos e hijos de Dios.<\/p>\n<p>En 1980 el papa Juan Pablo II declar\u00f3 al Padre Francisco patrono de los animales y de los ecologistas. Fue en ese momento cuando el D\u00eda Mundial de los Animales tom\u00f3 mayor notoriedad a nivel internacional.<\/p>\n<div id=\"attachment_7520\" style=\"width: 296px\" class=\"wp-caption alignleft\"><a href=\"https:\/\/www.visionweb.com.ar\/wp-content\/uploads\/2022\/10\/huemul.bmp\"><img loading=\"lazy\" decoding=\"async\" aria-describedby=\"caption-attachment-7520\" class=\"wp-image-7520 size-medium\" src=\"https:\/\/www.visionweb.com.ar\/wp-content\/uploads\/2022\/10\/huemul-286x300.jpg\" alt=\"\" width=\"286\" height=\"300\" srcset=\"https:\/\/www.visionweb.com.ar\/wp-content\/uploads\/2022\/10\/huemul-286x300.jpg 286w, https:\/\/www.visionweb.com.ar\/wp-content\/uploads\/2022\/10\/huemul.bmp 405w\" sizes=\"auto, (max-width: 286px) 100vw, 286px\" \/><\/a><p id=\"caption-attachment-7520\" class=\"wp-caption-text\">Huemul. Imagen: internet<\/p><\/div>\n<p><strong>En Argentina<\/strong> el yaguaret\u00e9, la taruca, la ballena franca austral y el huemul son considerados Monumento Natural Nacional, y la fecha elegida para celebrar es el <strong>\u00a0<\/strong><strong>29 de abril, <\/strong>d\u00eda que se conmemora la muerte de Ignacio Lucas Albarrac\u00edn, quien fue un referente de los derechos de los animales y muri\u00f3 el 29 de abril de 1926.<\/p>\n<p><strong>Los animales en peligro de extinci\u00f3n en Argentina:\u00a0<\/strong>En nuestro pa\u00eds, la ley protege a los animales del maltrato y la crueldad de las personas. A su vez, la fauna silvestre, que tanto temporal como permanentemente habita el territorio argentino, est\u00e1 declarada de inter\u00e9s p\u00fablico, as\u00ed como la protecci\u00f3n, conservaci\u00f3n, propagaci\u00f3n, repoblaci\u00f3n y aprovechamiento racional.<\/p>\n<p>Seg\u00fan el<strong>\u00a0<\/strong><strong>Ministerio de Ambiente y Desarrollo Sostenible<\/strong>, al menos cuatro especies en amenaza recibieron por ley del\u00a0<strong>Congreso de la Naci\u00f3n <\/strong>la categor\u00eda de <strong>Monumento Natural Nacional<\/strong>, que representa \u00ablas m\u00e1ximas categor\u00edas de protecci\u00f3n\u00bb.<\/p>\n<p>El <strong>yaguaret\u00e9<\/strong> es el predador terrestre m\u00e1s grande de Am\u00e9rica y fue declarado Monumento Natural en el a\u00f1o 2001. De acuerdo a la informaci\u00f3n oficial, antiguamente tambi\u00e9n habitaba el sudoeste de Estados Unidos hasta las orillas de R\u00edo Negro en Argentina.<\/p>\n<p>La <strong>taruca<\/strong>, que habita las provincias de Jujuy, Salta, Tucum\u00e1n y La Rioja, fue designada Monumento Natural en 1996.<\/p>\n<p><a href=\"https:\/\/www.visionweb.com.ar\/wp-content\/uploads\/2022\/10\/ballena-franca-austral.bmp\"><img loading=\"lazy\" decoding=\"async\" class=\"size-medium wp-image-7521 alignright\" src=\"https:\/\/www.visionweb.com.ar\/wp-content\/uploads\/2022\/10\/ballena-franca-austral-300x194.jpg\" alt=\"\" width=\"300\" height=\"194\" srcset=\"https:\/\/www.visionweb.com.ar\/wp-content\/uploads\/2022\/10\/ballena-franca-austral-300x194.jpg 300w, https:\/\/www.visionweb.com.ar\/wp-content\/uploads\/2022\/10\/ballena-franca-austral.bmp 526w\" sizes=\"auto, (max-width: 300px) 100vw, 300px\" \/><\/a>La <strong>ballena franca austral<\/strong> fue nombrada Monumento Natural en 1984 y actualmente su especie se encuentra en recuperaci\u00f3n, tienen cr\u00eda cada tres a\u00f1os.<\/p>\n<p>En cuanto al <strong>huemul<\/strong>, su poblaci\u00f3n se ha reducido de manera significativa y habitan en los Parques Nacionales Nahuel Huapi, Lago Puelo, Los Alerces, Perito Moreno y Los Glaciares. Este ciervo fue declarado Monumento Natural Nacional en 1996. <strong>(VW)<\/strong><\/p>\n<p>&nbsp;<\/p>\n","protected":false},"excerpt":{"rendered":"<p>Desde 1929 se celebra el \u00abD\u00eda Mundial de los Animales\u00bb con el objetivo de recordar la importancia de la protecci\u00f3n de la fauna, en conmemoraci\u00f3n a San Francisco de As\u00eds. En Argentina se celebra&#46;&#46;&#46;<\/p>\n","protected":false},"author":4,"featured_media":7521,"comment_status":"closed","ping_status":"closed","sticky":false,"template":"","format":"standard","meta":{"_monsterinsights_skip_tracking":false,"_monsterinsights_sitenote_active":false,"_monsterinsights_sitenote_note":"","_monsterinsights_sitenote_category":0,"footnotes":""},"categories":[8],"tags":[3089,3090,3088],"class_list":["post-7517","post","type-post","status-publish","format-standard","has-post-thumbnail","hentry","category-interes-general","tag-4-de-octubre-proteccion-animal","tag-animales-en-extincion","tag-dia-mundial-de-los-animales"],"_links":{"self":[{"href":"https:\/\/www.visionweb.com.ar\/index.php?rest_route=\/wp\/v2\/posts\/7517","targetHints":{"allow":["GET"]}}],"collection":[{"href":"https:\/\/www.visionweb.com.ar\/index.php?rest_route=\/wp\/v2\/posts"}],"about":[{"href":"https:\/\/www.visionweb.com.ar\/index.php?rest_route=\/wp\/v2\/types\/post"}],"author":[{"embeddable":true,"href":"https:\/\/www.visionweb.com.ar\/index.php?rest_route=\/wp\/v2\/users\/4"}],"replies":[{"embeddable":true,"href":"https:\/\/www.visionweb.com.ar\/index.php?rest_route=%2Fwp%2Fv2%2Fcomments&post=7517"}],"version-history":[{"count":2,"href":"https:\/\/www.visionweb.com.ar\/index.php?rest_route=\/wp\/v2\/posts\/7517\/revisions"}],"predecessor-version":[{"id":7522,"href":"https:\/\/www.visionweb.com.ar\/index.php?rest_route=\/wp\/v2\/posts\/7517\/revisions\/7522"}],"wp:featuredmedia":[{"embeddable":true,"href":"https:\/\/www.visionweb.com.ar\/index.php?rest_route=\/wp\/v2\/media\/7521"}],"wp:attachment":[{"href":"https:\/\/www.visionweb.com.ar\/index.php?rest_route=%2Fwp%2Fv2%2Fmedia&parent=7517"}],"wp:term":[{"taxonomy":"category","embeddable":true,"href":"https:\/\/www.visionweb.com.ar\/index.php?rest_route=%2Fwp%2Fv2%2Fcategories&post=7517"},{"taxonomy":"post_tag","embeddable":true,"href":"https:\/\/www.visionweb.com.ar\/index.php?rest_route=%2Fwp%2Fv2%2Ftags&post=7517"}],"curies":[{"name":"wp","href":"https:\/\/api.w.org\/{rel}","templated":true}]}}