{"id":7511,"date":"2022-10-03T15:52:26","date_gmt":"2022-10-03T18:52:26","guid":{"rendered":"https:\/\/www.visionweb.com.ar\/?p=7511"},"modified":"2022-10-03T15:59:39","modified_gmt":"2022-10-03T18:59:39","slug":"senalizaran-escuelas-donde-hayan-asistido-ex-combatientes-de-malvinas","status":"publish","type":"post","link":"https:\/\/www.visionweb.com.ar\/?p=7511","title":{"rendered":"Se\u00f1alizar\u00e1n escuelas a las que asistieron ex combatientes de Malvinas"},"content":{"rendered":"<p><strong><em>La iniciativa plantea destacar los establecimientos educativos de la provincia de Buenos Aires mediante la colocaci\u00f3n de placas recordatorias, baldosas, la realizaci\u00f3n de murales y muestras fotogr\u00e1ficas.<\/em><\/strong><!--more--><\/p>\n<div id=\"attachment_7512\" style=\"width: 310px\" class=\"wp-caption alignright\"><img loading=\"lazy\" decoding=\"async\" aria-describedby=\"caption-attachment-7512\" class=\"wp-image-7512 size-medium\" src=\"https:\/\/www.visionweb.com.ar\/wp-content\/uploads\/2022\/10\/CAIDO-EN-MALVINAS-300x158.png\" alt=\"\" width=\"300\" height=\"158\" srcset=\"https:\/\/www.visionweb.com.ar\/wp-content\/uploads\/2022\/10\/CAIDO-EN-MALVINAS-300x158.png 300w, https:\/\/www.visionweb.com.ar\/wp-content\/uploads\/2022\/10\/CAIDO-EN-MALVINAS-768x403.png 768w, https:\/\/www.visionweb.com.ar\/wp-content\/uploads\/2022\/10\/CAIDO-EN-MALVINAS.png 800w\" sizes=\"auto, (max-width: 300px) 100vw, 300px\" \/><p id=\"caption-attachment-7512\" class=\"wp-caption-text\"><strong><em>Identificar\u00e1n escuelas a las que asistieron ex combatientes de Malvinas (gentileza: El Popular)<\/em> <\/strong><\/p><\/div>\n<p><strong>E<\/strong>l diputado provincial Juan Miguel G\u00f3mez Parodi celebr\u00f3 la promulgaci\u00f3n de la ley que dispone lase\u00f1alizaci\u00f3n de instituciones educativas\u00a0de todos los niveles en la Provincia de Buenos Aires, en las que hayan asistido excombatientes de la Guerra de Malvinas y resalt\u00f3 \u201cla importancia de construir una identidad nacional sobre Malvinas\u201d.<\/p>\n<p>La iniciativa impulsada por el legislador provincial plantea se\u00f1alizar los establecimientos mediante la colocaci\u00f3n de placas recordatorias, baldosas, la realizaci\u00f3n de murales, muestras fotogr\u00e1ficas, y la denominaci\u00f3n de los nombres de veteranos a las aulas, patios y gimnasios.<\/p>\n<p>En di\u00e1logo con AUNO, G\u00f3mez Parodi se\u00f1al\u00f3 que \u201c<strong>en la Argentina hubo profundos procesos de desmalvinizaci\u00f3n y nos parece importante revertir eso<\/strong>, desde el \u00e1mbito educativo, generando una agenda de construcci\u00f3n futura\u201d. En ese sentido, remarc\u00f3: \u201cEs necesario construir una agenda de unidad nacional en relaci\u00f3n a la Causa Malvinas\u201d.<\/p>\n<p>La norma indica que, en las instituciones educativas p\u00fablicas o privadas donde se realicen las se\u00f1alizaciones, deber\u00e1 promoverse junto a los centros de estudiantes, la realizaci\u00f3n de actividades pedag\u00f3gicas, talleres, seminarios y cine debates que tengan como eje la concientizaci\u00f3n acerca de lo sucedido durante la\u00a0<strong>Guerra de Malvinas\u00a0<\/strong>en 1982.<\/p>\n<p>Por otra parte, el excombatiente y miembro de la\u00a0<strong>Comisi\u00f3n de Enlace de Veteranos de Guerra de Lomas de Zamora<\/strong>\u00a0Fabi\u00e1n Gayol festej\u00f3 la sanci\u00f3n del proyecto al asegurar: \u201cMalvinas hoy est\u00e1 presente en todos lados, est\u00e1 arraigado en el pueblo argentino, especialmente en las generaciones j\u00f3venes, venimos haciendo un trabajo muy importante de Malvinizaci\u00f3n\u201d.<\/p>\n<p>\u201cLos veteranos estamos en una edad en que dentro de poco, no va a quedar ninguno\u201d, asegur\u00f3 Gayol, y\u00a0destac\u00f3 la importancia de que sean \u201clos m\u00e1s j\u00f3venes\u201d quienes contin\u00faen con el proceso de Malvinizaci\u00f3n.<\/p>\n<p>G\u00f3mez Parodi tambi\u00e9n se refiri\u00f3 a su v\u00ednculo con la\u00a0Causa Malvinas\u00a0y expres\u00f3: \u201cMalvinas me lleg\u00f3 desde chico, tengo un cu\u00f1ado que es ex combatiente, pero tambi\u00e9n desde lo pol\u00edtico se trata para m\u00ed de una agenda que el peronismo siempre reivindic\u00f3 y creo que nadie puede ser ajeno a un hecho tan injusto y vergonzoso como el que vive la Argentina\u201d.<\/p>\n<p>La ley, impulsada por legislador del Frente de Todos, fue sancionada por la legislatura bonaerense el 24 de agosto pasado, y obtuvo su promulgaci\u00f3n definitiva el jueves 15 de septiembre en el bolet\u00edn oficial de la Provincia<strong>(VW)<\/strong>.<\/p>\n","protected":false},"excerpt":{"rendered":"<p>La iniciativa plantea destacar los establecimientos educativos de la provincia de Buenos Aires mediante la colocaci\u00f3n de placas recordatorias, baldosas, la realizaci\u00f3n de murales y muestras fotogr\u00e1ficas.<\/p>\n","protected":false},"author":3,"featured_media":7512,"comment_status":"closed","ping_status":"closed","sticky":false,"template":"","format":"standard","meta":{"_monsterinsights_skip_tracking":false,"_monsterinsights_sitenote_active":false,"_monsterinsights_sitenote_note":"","_monsterinsights_sitenote_category":0,"footnotes":""},"categories":[7,5],"tags":[430,2015,3087],"class_list":["post-7511","post","type-post","status-publish","format-standard","has-post-thumbnail","hentry","category-educacion-y-cultura","category-sociedad","tag-escuelas","tag-malvinas","tag-soldados"],"_links":{"self":[{"href":"https:\/\/www.visionweb.com.ar\/index.php?rest_route=\/wp\/v2\/posts\/7511","targetHints":{"allow":["GET"]}}],"collection":[{"href":"https:\/\/www.visionweb.com.ar\/index.php?rest_route=\/wp\/v2\/posts"}],"about":[{"href":"https:\/\/www.visionweb.com.ar\/index.php?rest_route=\/wp\/v2\/types\/post"}],"author":[{"embeddable":true,"href":"https:\/\/www.visionweb.com.ar\/index.php?rest_route=\/wp\/v2\/users\/3"}],"replies":[{"embeddable":true,"href":"https:\/\/www.visionweb.com.ar\/index.php?rest_route=%2Fwp%2Fv2%2Fcomments&post=7511"}],"version-history":[{"count":4,"href":"https:\/\/www.visionweb.com.ar\/index.php?rest_route=\/wp\/v2\/posts\/7511\/revisions"}],"predecessor-version":[{"id":7516,"href":"https:\/\/www.visionweb.com.ar\/index.php?rest_route=\/wp\/v2\/posts\/7511\/revisions\/7516"}],"wp:featuredmedia":[{"embeddable":true,"href":"https:\/\/www.visionweb.com.ar\/index.php?rest_route=\/wp\/v2\/media\/7512"}],"wp:attachment":[{"href":"https:\/\/www.visionweb.com.ar\/index.php?rest_route=%2Fwp%2Fv2%2Fmedia&parent=7511"}],"wp:term":[{"taxonomy":"category","embeddable":true,"href":"https:\/\/www.visionweb.com.ar\/index.php?rest_route=%2Fwp%2Fv2%2Fcategories&post=7511"},{"taxonomy":"post_tag","embeddable":true,"href":"https:\/\/www.visionweb.com.ar\/index.php?rest_route=%2Fwp%2Fv2%2Ftags&post=7511"}],"curies":[{"name":"wp","href":"https:\/\/api.w.org\/{rel}","templated":true}]}}