{"id":7507,"date":"2022-10-03T14:29:24","date_gmt":"2022-10-03T17:29:24","guid":{"rendered":"https:\/\/www.visionweb.com.ar\/?p=7507"},"modified":"2022-10-03T14:29:24","modified_gmt":"2022-10-03T17:29:24","slug":"eco-area-de-avellaneda-y-una-nueva-edicion-de-caminatas-nocturnas","status":"publish","type":"post","link":"https:\/\/www.visionweb.com.ar\/?p=7507","title":{"rendered":"Eco \u00c1rea de Avellaneda y una Nueva edici\u00f3n de Caminatas Nocturnas"},"content":{"rendered":"<p><em><strong>Se viene otra Luna llena, y\u00a0para disfrutar el espect\u00e1culo en espacios abiertos habr\u00e1 caminatas los d\u00edas 8 y 9 pr\u00f3ximos. Hay que inscribirse.<\/strong><\/em><!--more--><\/p>\n<div id=\"attachment_7509\" style=\"width: 310px\" class=\"wp-caption alignleft\"><img loading=\"lazy\" decoding=\"async\" aria-describedby=\"caption-attachment-7509\" class=\"wp-image-7509 size-medium\" src=\"https:\/\/www.visionweb.com.ar\/wp-content\/uploads\/2022\/10\/caminatas-luna-llena-avell-300x300.jpg\" alt=\"\" width=\"300\" height=\"300\" srcset=\"https:\/\/www.visionweb.com.ar\/wp-content\/uploads\/2022\/10\/caminatas-luna-llena-avell-300x300.jpg 300w, https:\/\/www.visionweb.com.ar\/wp-content\/uploads\/2022\/10\/caminatas-luna-llena-avell-150x150.jpg 150w, https:\/\/www.visionweb.com.ar\/wp-content\/uploads\/2022\/10\/caminatas-luna-llena-avell-80x80.jpg 80w, https:\/\/www.visionweb.com.ar\/wp-content\/uploads\/2022\/10\/caminatas-luna-llena-avell-320x320.jpg 320w, https:\/\/www.visionweb.com.ar\/wp-content\/uploads\/2022\/10\/caminatas-luna-llena-avell-65x65.jpg 65w, https:\/\/www.visionweb.com.ar\/wp-content\/uploads\/2022\/10\/caminatas-luna-llena-avell.bmp 521w\" sizes=\"auto, (max-width: 300px) 100vw, 300px\" \/><p id=\"caption-attachment-7509\" class=\"wp-caption-text\">Eco \u00c1rea Avellaneda Oficial Facebook<\/p><\/div>\n<p><strong>\u00a0\u00a0\u00a0\u00a0\u00a0 \u00a0\u00a0\u00a0\u00a0 Eco \u00c1rea de Avellaneda <\/strong>organiz\u00f3 una nueva edici\u00f3n de Caminatas Nocturnas, que se realizar\u00e1n el\u00a08 y 9 de octubre, de 19.30 a 21.30, con motivo de la pr\u00f3xima Luna Llena, donde se podr\u00e1 apreciar la Naturaleza lejos de las luces de la ciudad, a la vez de escuchar y observar el entorno.<\/p>\n<p>Para participar de estos encuentros donde los\u00a0<strong>cupos son limitados<\/strong>, es necesario inscribirse y recibir la confirmaci\u00f3n.<\/p>\n<p><strong>El sat\u00e9lite natural de la Tierra podr\u00e1 verse en toda su plenitud el 9 de octubre<\/strong>\u00a0y \u00a0Eco Area Avellaneda ofrece la posibilidad de disfrutarlo al aire libre.<\/p>\n<p>Para anotarse, el formulario de inscripci\u00f3n estar\u00e1 disponible el mi\u00e9rcoles 5 a partir de las 12 hs. en nuestra p\u00e1gina de Facebook: \u00a0<a href=\"https:\/\/www.facebook.com\/EcoAreaAvellaneda\">Eco \u00c1rea Avellaneda<\/a>.<\/p>\n<p>Las\u00a0Caminatas Nocturnas son recorridos guiados por la Eco \u00c1rea Municipal donde los visitantes pueden apreciar la Naturaleza lejos de las luces de la ciudad, para escuchar y observar c\u00f3mo sus especies se desenvuelven sin interferencias. <strong>(VW)<\/strong><\/p>\n<p>&nbsp;<\/p>\n","protected":false},"excerpt":{"rendered":"<p>Se viene otra Luna llena, y\u00a0para disfrutar el espect\u00e1culo en espacios abiertos habr\u00e1 caminatas los d\u00edas 8 y 9 pr\u00f3ximos. Hay que inscribirse.<\/p>\n","protected":false},"author":4,"featured_media":7509,"comment_status":"closed","ping_status":"closed","sticky":false,"template":"","format":"standard","meta":{"_monsterinsights_skip_tracking":false,"_monsterinsights_sitenote_active":false,"_monsterinsights_sitenote_note":"","_monsterinsights_sitenote_category":0,"footnotes":""},"categories":[8],"tags":[],"class_list":["post-7507","post","type-post","status-publish","format-standard","has-post-thumbnail","hentry","category-interes-general"],"_links":{"self":[{"href":"https:\/\/www.visionweb.com.ar\/index.php?rest_route=\/wp\/v2\/posts\/7507","targetHints":{"allow":["GET"]}}],"collection":[{"href":"https:\/\/www.visionweb.com.ar\/index.php?rest_route=\/wp\/v2\/posts"}],"about":[{"href":"https:\/\/www.visionweb.com.ar\/index.php?rest_route=\/wp\/v2\/types\/post"}],"author":[{"embeddable":true,"href":"https:\/\/www.visionweb.com.ar\/index.php?rest_route=\/wp\/v2\/users\/4"}],"replies":[{"embeddable":true,"href":"https:\/\/www.visionweb.com.ar\/index.php?rest_route=%2Fwp%2Fv2%2Fcomments&post=7507"}],"version-history":[{"count":2,"href":"https:\/\/www.visionweb.com.ar\/index.php?rest_route=\/wp\/v2\/posts\/7507\/revisions"}],"predecessor-version":[{"id":7510,"href":"https:\/\/www.visionweb.com.ar\/index.php?rest_route=\/wp\/v2\/posts\/7507\/revisions\/7510"}],"wp:featuredmedia":[{"embeddable":true,"href":"https:\/\/www.visionweb.com.ar\/index.php?rest_route=\/wp\/v2\/media\/7509"}],"wp:attachment":[{"href":"https:\/\/www.visionweb.com.ar\/index.php?rest_route=%2Fwp%2Fv2%2Fmedia&parent=7507"}],"wp:term":[{"taxonomy":"category","embeddable":true,"href":"https:\/\/www.visionweb.com.ar\/index.php?rest_route=%2Fwp%2Fv2%2Fcategories&post=7507"},{"taxonomy":"post_tag","embeddable":true,"href":"https:\/\/www.visionweb.com.ar\/index.php?rest_route=%2Fwp%2Fv2%2Ftags&post=7507"}],"curies":[{"name":"wp","href":"https:\/\/api.w.org\/{rel}","templated":true}]}}