{"id":7498,"date":"2022-10-03T10:42:52","date_gmt":"2022-10-03T13:42:52","guid":{"rendered":"https:\/\/www.visionweb.com.ar\/?p=7498"},"modified":"2022-10-03T11:52:50","modified_gmt":"2022-10-03T14:52:50","slug":"dosis-extra-de-la-vacuna-conta-el-sarampion-para-800-mil-chicos","status":"publish","type":"post","link":"https:\/\/www.visionweb.com.ar\/?p=7498","title":{"rendered":"D\u00f3sis extra de la vacuna contra el sarampi\u00f3n para m\u00e1s de 800 mil chicos"},"content":{"rendered":"<p><strong><em>As\u00ed lo propone el \u00e1rea de Salud de la provincia de Buenos Aires. Es para evitar el resurgimiento de esta enfermedad.<\/em><\/strong><!--more--><\/p>\n<p><strong><img loading=\"lazy\" decoding=\"async\" class=\"size-medium wp-image-7499 alignright\" src=\"https:\/\/www.visionweb.com.ar\/wp-content\/uploads\/2022\/10\/VACUNAS-SARAMPION-PBA-300x200.png\" alt=\"\" width=\"300\" height=\"200\" srcset=\"https:\/\/www.visionweb.com.ar\/wp-content\/uploads\/2022\/10\/VACUNAS-SARAMPION-PBA-300x200.png 300w, https:\/\/www.visionweb.com.ar\/wp-content\/uploads\/2022\/10\/VACUNAS-SARAMPION-PBA.png 640w\" sizes=\"auto, (max-width: 300px) 100vw, 300px\" \/>E<\/strong>l gobierno bonaerense, apunta a vacunar a m\u00e1s de 800 mil chicos y chicas en el marco de la nueva campa\u00f1a contra el sarampi\u00f3n, rub\u00e9ola, paperas y poliomielitis, que se lanz\u00f3 este s\u00e1bado en territorio bonaerense.<\/p>\n<p>El anunci\u00f3 se conoci\u00f3 este fin de semana en una acto del que particparon el ministro de Salud de la provincia de Buenos Aires, Nicol\u00e1s Kreplak\u00a0 y el intendente de San Mart\u00edn,\u00a0 Fernando Moreira.<\/p>\n<p>De esta manera se dio inicio a la campa\u00f1a que se extender\u00e1 hasta el 15 de noviembre y el objetivo es llegar con la dosis de refuerzo contra el Sarampio a unos 840.000 chicos.<\/p>\n<p>Si bien se trata de enfermedades que ya no circulan en Argentina, a\u00fan provocan brotes en otras partes del mundo. De esta manera, con estas dosis extras, se brinda una mayor protecci\u00f3n y se evita que estas enfermedades puedan resurgir en nuestro pa\u00eds.<\/p>\n<p>Durante la presentaci\u00f3n, el ministro Kreplak expres\u00f3 que \u00abla pandemia nos demostr\u00f3 que el pueblo de la Provincia de Buenos Aires es solidario, comprometido, emp\u00e1tico y puede comprender la importancia que tienen las vacunas para toda la sociedad. Ahora nos toca poder vacunar a cientos de miles de ni\u00f1os y ni\u00f1as, con esta dosis extra y reforzar las coberturas de estas vacunas de calendario\u00bb.<\/p>\n<p>Adem\u00e1s, agreg\u00f3 que en la Provincia hay \u00ab1800 vacunatorios operativos entre los de calendario y los COVID\u00bb y que a su vez se ha aprobado \u00abun refuerzo presupuestario para que durante los 45 d\u00edas de campa\u00f1a los equipos de los vacunatorios puedan hacer su horario habitual, pero tambi\u00e9n promover actividades territoriales e ir a buscar esos 840 mil ni\u00f1os y ni\u00f1as\u00bb.<\/p>\n<p>Con la campa\u00f1a \u201cVamos a Vacunarnos\u201d se busca mantener la eliminaci\u00f3n del sarampi\u00f3n, la rub\u00e9ola, el s\u00edndrome de rub\u00e9ola cong\u00e9nita y la poliomielitis logrado en el pa\u00eds, ya que se trata de enfermedades contagiosas y graves, pero que se pueden prevenir con vacunas gratuitas y obligatorias disponibles en todos los vacunatorios del territorio bonaerense.<\/p>\n<h3 style=\"text-align: center;\"><span style=\"color: #0000ff;\"><strong><em>El objetivo es vacuar a m\u00e1s de 800 mil chicos de entre 13 meses y 4 a\u00f1os.<\/em><\/strong><\/span><\/h3>\n<p>Por su parte, la subsecretaria de Gesti\u00f3n de la Informaci\u00f3n en el Ministerio de Salud bonaerense, Leticia Ceriani, manifest\u00f3 que \u201cson vacunas que deber\u00e1n aplicarse todos los ni\u00f1os y ni\u00f1as de entre 13 meses y 4 a\u00f1os inclusive\u201d, y que buscan prevenir contra \u201cenfermedades ya erradicadas que no tienen circulaci\u00f3n en nuestro pa\u00eds\u201d.<\/p>\n<p>La funcionaria precis\u00f3 que la campa\u00f1a de dosis extra de sarampi\u00f3n, rub\u00e9ola, paperas y poliomielitis, y recupero de vacunas de calendario se extender\u00e1 hasta el pr\u00f3ximo 15 de noviembre y resalt\u00f3 que tiene como objetivo \u201cvacunar a 840 mil ni\u00f1os y ni\u00f1as de la Provincia para aumentar la cobertura que viene baja\u201d<\/p>\n<p>En ese marco, Ceriani record\u00f3 \u201cel brote de sarampi\u00f3n que hubo en 2019, la alta circulaci\u00f3n viral en Brasil y las bajas coberturas de nuestro pa\u00eds\u201d, lo que \u201cpone en una situaci\u00f3n de riesgo a la Argentina\u201d.<\/p>\n<p>Asimismo, la Subsecretaria record\u00f3 que la vacuna \u201cTriple Viral se da al a\u00f1o de vida y tiene un refuerzo en el ingreso escolar. La cobertura que tenemos con la aplicaci\u00f3n al a\u00f1o de vida es de un 48% cuando debiera ser del 67%\u201d, mientras que \u201cel refuerzo para el ingreso escolar es del 54%\u201d. En el caso de la IPV, la cobertura en dosis dada a los 12 meses \u201ces del 45% y de un 52% para el ingreso escolar\u201d.<\/p>\n<p>Por \u00faltimo, inform\u00f3 que para recibir la inmunizaci\u00f3n deber\u00e1n acercarse \u201ca los centros de salud de calendario y las postas de vacunaci\u00f3n que funcionan para Covid, que tambi\u00e9n van a trabajar con esta campa\u00f1a\u201d, y agreg\u00f3 que \u201cvamos a ir a buscar a los ni\u00f1os a los jardines, comedores, unidades de desarrollo, casa por casa, en una b\u00fasqueda activa para poder llegar a esos 840 mil ni\u00f1os\u201d.<\/p>\n<p>Con la campa\u00f1a \u201cVamos a Vacunarnos\u201d se busca mantener la eliminaci\u00f3n del sarampi\u00f3n, la rub\u00e9ola, el s\u00edndrome de rub\u00e9ola cong\u00e9nita y la poliomielitis logrado en el pa\u00eds, ya que se trata de enfermedades contagiosas y graves, pero que se pueden prevenir con vacunas gratuitas y obligatorias disponibles en todos los vacunatorios del territorio bonaerense.<strong>(VW)<\/strong><\/p>\n<p>&nbsp;<\/p>\n","protected":false},"excerpt":{"rendered":"<p>As\u00ed lo propone el \u00e1rea de Salud de la provincia de Buenos Aires. Es para evitar el resurgimiento de esta enfermedad.<\/p>\n","protected":false},"author":3,"featured_media":7499,"comment_status":"closed","ping_status":"closed","sticky":false,"template":"","format":"standard","meta":{"_monsterinsights_skip_tracking":false,"_monsterinsights_sitenote_active":false,"_monsterinsights_sitenote_note":"","_monsterinsights_sitenote_category":0,"footnotes":""},"categories":[8],"tags":[2017,2888,3086],"class_list":["post-7498","post","type-post","status-publish","format-standard","has-post-thumbnail","hentry","category-interes-general","tag-sarampion","tag-vacunatorios","tag-vacuns-provincia"],"_links":{"self":[{"href":"https:\/\/www.visionweb.com.ar\/index.php?rest_route=\/wp\/v2\/posts\/7498","targetHints":{"allow":["GET"]}}],"collection":[{"href":"https:\/\/www.visionweb.com.ar\/index.php?rest_route=\/wp\/v2\/posts"}],"about":[{"href":"https:\/\/www.visionweb.com.ar\/index.php?rest_route=\/wp\/v2\/types\/post"}],"author":[{"embeddable":true,"href":"https:\/\/www.visionweb.com.ar\/index.php?rest_route=\/wp\/v2\/users\/3"}],"replies":[{"embeddable":true,"href":"https:\/\/www.visionweb.com.ar\/index.php?rest_route=%2Fwp%2Fv2%2Fcomments&post=7498"}],"version-history":[{"count":6,"href":"https:\/\/www.visionweb.com.ar\/index.php?rest_route=\/wp\/v2\/posts\/7498\/revisions"}],"predecessor-version":[{"id":7505,"href":"https:\/\/www.visionweb.com.ar\/index.php?rest_route=\/wp\/v2\/posts\/7498\/revisions\/7505"}],"wp:featuredmedia":[{"embeddable":true,"href":"https:\/\/www.visionweb.com.ar\/index.php?rest_route=\/wp\/v2\/media\/7499"}],"wp:attachment":[{"href":"https:\/\/www.visionweb.com.ar\/index.php?rest_route=%2Fwp%2Fv2%2Fmedia&parent=7498"}],"wp:term":[{"taxonomy":"category","embeddable":true,"href":"https:\/\/www.visionweb.com.ar\/index.php?rest_route=%2Fwp%2Fv2%2Fcategories&post=7498"},{"taxonomy":"post_tag","embeddable":true,"href":"https:\/\/www.visionweb.com.ar\/index.php?rest_route=%2Fwp%2Fv2%2Ftags&post=7498"}],"curies":[{"name":"wp","href":"https:\/\/api.w.org\/{rel}","templated":true}]}}