{"id":7494,"date":"2022-10-02T09:38:52","date_gmt":"2022-10-02T12:38:52","guid":{"rendered":"https:\/\/www.visionweb.com.ar\/?p=7494"},"modified":"2022-10-02T12:21:38","modified_gmt":"2022-10-02T15:21:38","slug":"grindetti-se-reunio-con-autoridades-del-pnud","status":"publish","type":"post","link":"https:\/\/www.visionweb.com.ar\/?p=7494","title":{"rendered":"Grindetti se reuni\u00f3 con autoridades del PNUD"},"content":{"rendered":"<p><strong><em>Se trata de un programa de las Naciones Unidas para el Desarrollo. En el encuentro se evalu\u00f3 el impacto post pandemia que tuvo<\/em> <em>la aplicaci\u00f3n del Programa en el municipio.<\/em><\/strong><!--more--><\/p>\n<div id=\"attachment_7495\" style=\"width: 310px\" class=\"wp-caption aligncenter\"><img loading=\"lazy\" decoding=\"async\" aria-describedby=\"caption-attachment-7495\" class=\"wp-image-7495 size-medium\" src=\"https:\/\/www.visionweb.com.ar\/wp-content\/uploads\/2022\/10\/ENCUETRO-GRINDETTI-PNUD-300x200.jpeg\" alt=\"\" width=\"300\" height=\"200\" srcset=\"https:\/\/www.visionweb.com.ar\/wp-content\/uploads\/2022\/10\/ENCUETRO-GRINDETTI-PNUD-300x200.jpeg 300w, https:\/\/www.visionweb.com.ar\/wp-content\/uploads\/2022\/10\/ENCUETRO-GRINDETTI-PNUD-768x512.jpeg 768w, https:\/\/www.visionweb.com.ar\/wp-content\/uploads\/2022\/10\/ENCUETRO-GRINDETTI-PNUD.jpeg 800w\" sizes=\"auto, (max-width: 300px) 100vw, 300px\" \/><p id=\"caption-attachment-7495\" class=\"wp-caption-text\"><strong><em>El intendente N\u00e9stor Grindetti, junto a Claudio Torres del programa de la UN y funcionarios de la comuna (Foto: Prensa)<\/em><\/strong><\/p><\/div>\n<p><strong> E<\/strong>l municipio de Lan\u00fas recibi\u00f3 U$S 175.000 del PNUD (Programa de las Naciones Unidas para el Desarrollo), para contribuir con las acciones de recuperaci\u00f3n econ\u00f3mica y social post pandemia implementadas por la Comuna.<\/p>\n<p>En ese sentido, el\u00a0 intendente, N\u00e9stor Grindetti, mantuvo una reuni\u00f3n con el representante residente del PNUD en Argentina, Claudio Tomasi. En el encuentro se evalu\u00f3 el impacto que tuvo el proyecto implementado en el Municipio que permiti\u00f3 fortalecer la red productiva y comercial de las micro y peque\u00f1as empresas (MIPYMES), dijeron fuentes del Municipio .<\/p>\n<p>Asimismo, esta asistencia t\u00e9cnica y financiera que se otorg\u00f3 en el marco del Fondo de Respuesta R\u00e1pida (RFF) ayud\u00f3 a mejorar los servicios de salud locales y la recuperaci\u00f3n sanitaria de los vecinos y vecinas luego de la pandemia COVID-19 gracias al aporte de varios elementos indispensables tales como, guantes o barbijos.<\/p>\n<p>Entre las actividades realizadas, figuraron el fortalecimiento de la capacidad de gesti\u00f3n de la Subsecretar\u00eda de Producci\u00f3n, como as\u00ed tambi\u00e9n, la promoci\u00f3n de la movilidad y actividad f\u00edsica de la ciudadan\u00eda mediante la incorporaci\u00f3n de bicicletas y puestos de salud en polideportivos.<\/p>\n<p>Respecto de las formaciones realizadas en el \u00e1mbito de la Subsecretar\u00eda de Industrias Creativas, se dictaron 16 sesiones sobre comercio electr\u00f3nico y digital a las que asistieron un total de 330 emprendedores\/as.<\/p>\n<p>Adem\u00e1s, se remodel\u00f3 el centro de capacitaci\u00f3n y se adquiri\u00f3 equipamiento para los cursos mencionados. La actualizaci\u00f3n de la base de datos fue otro de los ejes desarrollados y consisti\u00f3 en la unificaci\u00f3n de los campos existentes.<\/p>\n<p>En materia de salud, se instalaron Estaciones Saludables preparadas para el efectivo tratamiento de enfermedades cr\u00f3nicas no transmisibles y la realizaci\u00f3n de campa\u00f1as de vacunaci\u00f3n de calendario.<\/p>\n<p>Asimismo, un total de 8 clubes de barrio fueron equipados con desfibriladores, 159 con botiquines de primeros auxilios y otros 20 se beneficiaron con la instalaci\u00f3n de luminarias en sus canchas.<\/p>\n<p>Luego de la reuni\u00f3n, las autoridades visitaron la unidad sanitaria ubicada en Parque Udabe (Sayos 2302, Valent\u00edn Alsina). Estuvieron adem\u00e1s, el jefe de Gabinete local, Diego Kravetz, el secretario de Educaci\u00f3n, Empleo y Deportes, Dami\u00e1n Sala y el secretario de salud, Gustavo Sieli, entre otros <strong>(VW)<\/strong>.<\/p>\n","protected":false},"excerpt":{"rendered":"<p>Se trata de un programa de las Naciones Unidas para el Desarrollo. En el encuentro se evalu\u00f3 el impacto post pandemia que tuvo la aplicaci\u00f3n del Programa en el municipio.<\/p>\n","protected":false},"author":3,"featured_media":7495,"comment_status":"closed","ping_status":"closed","sticky":false,"template":"","format":"standard","meta":{"_monsterinsights_skip_tracking":false,"_monsterinsights_sitenote_active":false,"_monsterinsights_sitenote_note":"","_monsterinsights_sitenote_category":0,"footnotes":""},"categories":[3],"tags":[18,2782,3085,100,2162],"class_list":["post-7494","post","type-post","status-publish","format-standard","has-post-thumbnail","hentry","category-actualidad","tag-grindetti","tag-mipymes","tag-pnud","tag-salud","tag-torres"],"_links":{"self":[{"href":"https:\/\/www.visionweb.com.ar\/index.php?rest_route=\/wp\/v2\/posts\/7494","targetHints":{"allow":["GET"]}}],"collection":[{"href":"https:\/\/www.visionweb.com.ar\/index.php?rest_route=\/wp\/v2\/posts"}],"about":[{"href":"https:\/\/www.visionweb.com.ar\/index.php?rest_route=\/wp\/v2\/types\/post"}],"author":[{"embeddable":true,"href":"https:\/\/www.visionweb.com.ar\/index.php?rest_route=\/wp\/v2\/users\/3"}],"replies":[{"embeddable":true,"href":"https:\/\/www.visionweb.com.ar\/index.php?rest_route=%2Fwp%2Fv2%2Fcomments&post=7494"}],"version-history":[{"count":2,"href":"https:\/\/www.visionweb.com.ar\/index.php?rest_route=\/wp\/v2\/posts\/7494\/revisions"}],"predecessor-version":[{"id":7497,"href":"https:\/\/www.visionweb.com.ar\/index.php?rest_route=\/wp\/v2\/posts\/7494\/revisions\/7497"}],"wp:featuredmedia":[{"embeddable":true,"href":"https:\/\/www.visionweb.com.ar\/index.php?rest_route=\/wp\/v2\/media\/7495"}],"wp:attachment":[{"href":"https:\/\/www.visionweb.com.ar\/index.php?rest_route=%2Fwp%2Fv2%2Fmedia&parent=7494"}],"wp:term":[{"taxonomy":"category","embeddable":true,"href":"https:\/\/www.visionweb.com.ar\/index.php?rest_route=%2Fwp%2Fv2%2Fcategories&post=7494"},{"taxonomy":"post_tag","embeddable":true,"href":"https:\/\/www.visionweb.com.ar\/index.php?rest_route=%2Fwp%2Fv2%2Ftags&post=7494"}],"curies":[{"name":"wp","href":"https:\/\/api.w.org\/{rel}","templated":true}]}}