{"id":7480,"date":"2022-09-30T10:04:20","date_gmt":"2022-09-30T13:04:20","guid":{"rendered":"https:\/\/www.visionweb.com.ar\/?p=7480"},"modified":"2022-09-30T10:06:13","modified_gmt":"2022-09-30T13:06:13","slug":"diputados-declaro-ciudadano-ilustre-a-ex-senador-nacional-esteban-bullrich","status":"publish","type":"post","link":"https:\/\/www.visionweb.com.ar\/?p=7480","title":{"rendered":"Diputados declar\u00f3 ciudadano ilustre a ex senador nacional Esteban Bullrich"},"content":{"rendered":"<p><strong>Los diputados bonaerenses finalmente sancionaron la ley que declara al ex legislador Esteban Bullrich ciudadano ilustre de la provincia de Buenos Aires.<\/strong><!--more--><\/p>\n<p><strong><img loading=\"lazy\" decoding=\"async\" class=\"size-medium wp-image-7481 alignright\" src=\"https:\/\/www.visionweb.com.ar\/wp-content\/uploads\/2022\/09\/BULLRICH-300x200.png\" alt=\"\" width=\"300\" height=\"200\" srcset=\"https:\/\/www.visionweb.com.ar\/wp-content\/uploads\/2022\/09\/BULLRICH-300x200.png 300w, https:\/\/www.visionweb.com.ar\/wp-content\/uploads\/2022\/09\/BULLRICH-1024x683.png 1024w, https:\/\/www.visionweb.com.ar\/wp-content\/uploads\/2022\/09\/BULLRICH-768x512.png 768w, https:\/\/www.visionweb.com.ar\/wp-content\/uploads\/2022\/09\/BULLRICH.png 1200w\" sizes=\"auto, (max-width: 300px) 100vw, 300px\" \/>L<\/strong>os diputados aprobaron por unanimidad y declararon \u00abCiudadano Ilustre\u00bb, al ex Senador Nacional Esteban Bullrich como un reconocimiento a su trayectoria y figura.<\/p>\n<p>No hubo debate y fue aprobado por unanimidad. El diputado de Juntos\u00a0<strong>Sergio Siciliano<\/strong>\u00a0fue el miembro informate de la principal bancada opositora.<\/p>\n<p>La iniciativa destaca la trayectoria pol\u00edtica del ex ministro de educaci\u00f3n de la Naci\u00f3n, y su compromiso y esfuerzo para lograr avances en la lucha contra la Esclerosis Lateral Amiotr\u00f3fica (ELA).<\/p>\n<p>En ese sentido, el proyecto resalta que Estaban Bullrich \u201cbatall\u00f3 por sus principios e ideales de forma contundente en todos los espacios donde se ha desempe\u00f1ado, sin embargo, es probable que su mayor batalla sea la que comenz\u00f3 a librar hace poco tiempo contra una enfermedad muy compleja llamada Esclerosis Lateral Amiotr\u00f3fica (ELA)\u201d.<\/p>\n<p>\u201cNuestro pa\u00eds no cuenta a\u00fan con una base abierta, oficial y s\u00f3lida de pacientes que padecen esta enfermedad, y sin datos, la posibilidad de crear pol\u00edticas p\u00fablicas que garanticen el derecho de los pacientes y la posibilidad de que puedan acceder a tratamientos, resulta ut\u00f3pica\u201d, expresaron y concluyeron: \u201ces por esto que el trabajo iniciado desde la Fundaci\u00f3n Esteban Bullrich, tiene una inmensa importancia para nuestra provincia y el pa\u00eds\u201d.<\/p>\n<p><strong>Otros proyectos<\/strong><\/p>\n<p>La sesi\u00f3n tambi\u00e9n sirvi\u00f3 para aprobar una ley, agrupando una serie de proyectos en el mismo sentido, que establece una estrategia que incluya un programa de educaci\u00f3n financiera para j\u00f3venes de 5to y 6to a\u00f1o del nivel secundario de todos los establecimientos educativos p\u00fablicos de gesti\u00f3n estatal y privada.<\/p>\n<p>Adem\u00e1s, los diputados sancionaron una modificaci\u00f3n el art\u00edculo 15 de la ley 15030, creaci\u00f3n del colegio de ingenieros agr\u00f3nomos y forestales en el \u00e1mbito de la provincia de Buenos Aires, un proyecto empujando por el senador\u00a0<strong>Agust\u00edn Maspoli<\/strong>.<\/p>\n<p>En tanto que el proyecto de ley de la diputada oficialista independiente D\u00e9bora Indarte sustituyendo el art\u00edculo 47\u00b0 de la ley n\u00b010430, ley del personal de la administraci\u00f3n p\u00fablica fue tambi\u00e9n acompa\u00f1ado por unanimidad.<\/p>\n<p>La normativa apunta a la modificaci\u00f3n de la licencia por adopci\u00f3n donde se establec\u00eda que, en caso de guarda o tenencia con fines de adopci\u00f3n, debidamente acreditadas \u201cde un menor de siete a\u00f1os\u201d, el agente adoptante gozar\u00e1 de una licencia de noventa d\u00edas corridos. La enunciaci\u00f3n \u201cDe un menor de siete a\u00f1os\u201d ser\u00e1 reemplazado por \u201cde una persona\u201d.<\/p>\n<p>La diputada camporista\u00a0<strong>Maite Alvado<\/strong>\u00a0fue acompa\u00f1ada por el resto de sus pares para una modificaci\u00f3n de art\u00edculos de la ley 15192 de Asociaciones Civiles y Mutuales para condonar, a pedido de las partes, las deudas documentales anuales obligatorias mayores a cinco a\u00f1os, o ejercicios econ\u00f3micos, a las asociaciones civiles de primer grado.<\/p>\n<p>Fueron aprobadas, en tratamiento sobre tabla, las leyes que crean el programa de comunicaci\u00f3n \u201cred de radios de emergencia\u201d y otra instaurando en el \u00e1mbito de la provincia de buenos aires la \u201chora silenciosa\u201d en los centros comerciales bonaerenses.<\/p>\n<p>El diputado sure\u00f1o del FdT\u00a0<strong>Enrique Dichiara<\/strong>\u00a0logr\u00f3 que se aprobara una modificaci\u00f3n de los art\u00edculos de la ley 13647, de creaci\u00f3n del Plan de Desarrollo del Sudoeste bonaerense, de forma tal que el distrito de Monte Hermoso pueda integrar el plan de desarrollo integral de esa regi\u00f3n.<\/p>\n<p>Entre otras minutas legislativas se aprob\u00f3 un proyecto de ley, del diputado\u00a0<strong>Walter Abarca<\/strong>\u00a0que instituye como la \u201cfiesta del pollo\u201d, la que se llevar\u00e1 a cabo anualmente en la localidad de Villa Ort\u00edz, en el partido de Alberti.<\/p>\n<p>Para el final, los diputados hicieron uso de los 5 minutos, establecidos el art\u00edculo 152 del reglamento interno de la C\u00e1mara, para argumentar ante proyectos rechazados. Se alistaron unos 30 proyectos de todos los bloques y el debate se extendi\u00f3<strong>(VW)<\/strong>.<\/p>\n<p><strong>Fuente: Portal de noticias Parlamentario<\/strong><\/p>\n","protected":false},"excerpt":{"rendered":"<p>Los diputados bonaerenses finalmente sancionaron la ley que declara al ex legislador Esteban Bullrich ciudadano ilustre de la provincia de Buenos Aires.<\/p>\n","protected":false},"author":3,"featured_media":7481,"comment_status":"closed","ping_status":"closed","sticky":false,"template":"","format":"standard","meta":{"_monsterinsights_skip_tracking":false,"_monsterinsights_sitenote_active":false,"_monsterinsights_sitenote_note":"","_monsterinsights_sitenote_category":0,"footnotes":""},"categories":[4],"tags":[3079,3080,143],"class_list":["post-7480","post","type-post","status-publish","format-standard","has-post-thumbnail","hentry","category-politica","tag-bullric","tag-ciudadano-ilustre","tag-diputados"],"_links":{"self":[{"href":"https:\/\/www.visionweb.com.ar\/index.php?rest_route=\/wp\/v2\/posts\/7480","targetHints":{"allow":["GET"]}}],"collection":[{"href":"https:\/\/www.visionweb.com.ar\/index.php?rest_route=\/wp\/v2\/posts"}],"about":[{"href":"https:\/\/www.visionweb.com.ar\/index.php?rest_route=\/wp\/v2\/types\/post"}],"author":[{"embeddable":true,"href":"https:\/\/www.visionweb.com.ar\/index.php?rest_route=\/wp\/v2\/users\/3"}],"replies":[{"embeddable":true,"href":"https:\/\/www.visionweb.com.ar\/index.php?rest_route=%2Fwp%2Fv2%2Fcomments&post=7480"}],"version-history":[{"count":1,"href":"https:\/\/www.visionweb.com.ar\/index.php?rest_route=\/wp\/v2\/posts\/7480\/revisions"}],"predecessor-version":[{"id":7482,"href":"https:\/\/www.visionweb.com.ar\/index.php?rest_route=\/wp\/v2\/posts\/7480\/revisions\/7482"}],"wp:featuredmedia":[{"embeddable":true,"href":"https:\/\/www.visionweb.com.ar\/index.php?rest_route=\/wp\/v2\/media\/7481"}],"wp:attachment":[{"href":"https:\/\/www.visionweb.com.ar\/index.php?rest_route=%2Fwp%2Fv2%2Fmedia&parent=7480"}],"wp:term":[{"taxonomy":"category","embeddable":true,"href":"https:\/\/www.visionweb.com.ar\/index.php?rest_route=%2Fwp%2Fv2%2Fcategories&post=7480"},{"taxonomy":"post_tag","embeddable":true,"href":"https:\/\/www.visionweb.com.ar\/index.php?rest_route=%2Fwp%2Fv2%2Ftags&post=7480"}],"curies":[{"name":"wp","href":"https:\/\/api.w.org\/{rel}","templated":true}]}}