{"id":7471,"date":"2022-09-29T15:34:44","date_gmt":"2022-09-29T18:34:44","guid":{"rendered":"https:\/\/www.visionweb.com.ar\/?p=7471"},"modified":"2022-09-29T15:34:44","modified_gmt":"2022-09-29T18:34:44","slug":"ucr-lousteau-y-manes-reunieron-a-mas-de-2-mil-jovenes-en-la-uba","status":"publish","type":"post","link":"https:\/\/www.visionweb.com.ar\/?p=7471","title":{"rendered":"UCR: Lousteau y Manes reunieron a m\u00e1s de 2 mil j\u00f3venes en la UBA"},"content":{"rendered":"<p><em><strong>\u201cLas universidades como motor para el desarrollo del pa\u00eds\u201d, fue el lema de la charla, donde la centralizaci\u00f3n de la tem\u00e1tica prim\u00f3 en maximizar la educaci\u00f3n para poner el pa\u00eds en funcionamiento.<\/strong><\/em><!--more--><\/p>\n<p><strong>\u00a0\u00a0\u00a0\u00a0\u00a0\u00a0\u00a0\u00a0\u00a0\u00a0 <img loading=\"lazy\" decoding=\"async\" class=\"size-medium wp-image-7473 alignright\" src=\"https:\/\/www.visionweb.com.ar\/wp-content\/uploads\/2022\/09\/lousteau-y-manes-en-la-UBA-300x184.jpg\" alt=\"\" width=\"300\" height=\"184\" srcset=\"https:\/\/www.visionweb.com.ar\/wp-content\/uploads\/2022\/09\/lousteau-y-manes-en-la-UBA-300x184.jpg 300w, https:\/\/www.visionweb.com.ar\/wp-content\/uploads\/2022\/09\/lousteau-y-manes-en-la-UBA.jpg 592w\" sizes=\"auto, (max-width: 300px) 100vw, 300px\" \/>\u00a0\u00a0\u00a0\u00a0\u00a0\u00a0 E<\/strong>l senador nacional porte\u00f1o Mart\u00edn Lousteau y el diputado nacional bonaerense Facundo Manes ofrecieron una charla bajo el t\u00edtulo \u201cLas universidades como motor para el desarrollo del pa\u00eds\u201d. La convocatoria que reuni\u00f3 a m\u00e1s dos mil j\u00f3venes, invit\u00f3 a llevar adelante\u00a0<strong>\u201cuna verdadera revoluci\u00f3n del conocimiento\u201d<\/strong><strong>.<\/strong><\/p>\n<p>El encuentro se llev\u00f3 a cabo ayer en el Aula Magna de la Facultad de Ciencias Econ\u00f3micas de la Universidad de Buenos Aires, y fue <strong>el inicio de<\/strong> <strong>una serie de charlas que Manes y Lousteau proyectan compartir<\/strong><strong>\u00a0<\/strong>en diferentes universidades del pa\u00eds.<\/p>\n<p>En la charla, Lousteau sostuvo que si Argentina hubiera crecido \u201ccomo el resto de los pa\u00edses de la regi\u00f3n\u201d la pobreza ser\u00eda del diez por ciento. A la vez que alent\u00f3:\u00a0<strong>\u201cla batalla de esta generaci\u00f3n es volver a hacer un Estado al servicio de los ciudadanos\u201d.<\/strong><\/p>\n<p>Por su parte, Manes explic\u00f3 que \u201cel pa\u00eds no va a salir adelante con las mismas pr\u00e1cticas de siempre. Lo primero que <strong>necesitamos es que m\u00e1s gente de nuevas generaciones <\/strong>que no est\u00e1 contaminada\u00a0con las viejas pr\u00e1cticas, <strong>se involucre<\/strong>\u201d.<\/p>\n<p>A la vez, agreg\u00f3 que es necesario animarse \u201ca pensar distinto y que ese nuevo rumbo va a salir de\u00a0<strong>las universidades y de los estudiantes, que fueron, son y ser\u00e1n el alma revolucionaria<\/strong><strong>\u00a0<\/strong>de los pueblos.\u201d<\/p>\n<p>Lousteau aludi\u00f3 a la historia: \u201ctenemos que\u00a0<strong>inspirarnos en Alfons\u00edn y en su coraje<\/strong>, donde el movimiento estudiantil tambi\u00e9n mostraba ese coraje de enfrentar a la dictadura\u201d. \u201cEstamos cerca del aniversario del alfonsinazo en Ferro, imag\u00ednense ese momento y la calamidad que se viv\u00eda, y ah\u00ed hubo un animarse de Alfons\u00edn\u201d, dijo.<\/p>\n<p>En esa l\u00ednea, Manes ahond\u00f3: \u201cHoy necesitamos una nueva reforma universitaria que adem\u00e1s de asegurar el acceso y la calidad, <strong>ponga a la universidad como centro y motor del proyecto de Naci\u00f3n<\/strong><strong>\u00a0<\/strong>que necesita la Argentina\u201d.<\/p>\n<p>En continuidad, el senador porte\u00f1o de Evoluci\u00f3n Radical recalc\u00f3 que \u201cel 16% de los chicos\u00a0<strong>termina el secundario con los conocimientos b\u00e1sicos de matem\u00e1tica y lengua:<\/strong> esa es una muestra de un Estado que perdi\u00f3 el foco\u201d, dijo\u00a0Lousteau.<\/p>\n<p>Finalmente, Manes sostuvo que los pa\u00edses que son potencias en el mundo \u201cno invierten en ciencia y tecnolog\u00eda porque les sobra el dinero y el tiempo, ni por tradici\u00f3n o cultura. Lo hacen para\u00a0<strong>ser desarrollados, para sostener sus niveles de bienestar y para ser m\u00e1s igualitarios<\/strong>, eso es justicia social\u201d.<\/p>\n<p>\u201cLa educaci\u00f3n es, al fin de cuenta, nuestra autoestima. El arma m\u00e1s poderosa que tenemos para no resignarnos.\u00a0<strong>No resignarnos a la pobreza, no resignarnos a la corrupci\u00f3n<\/strong>, no resignarnos a la falta de oportunidades\u201d, concluy\u00f3 Manes. <strong>(VW)<\/strong><\/p>\n","protected":false},"excerpt":{"rendered":"<p>\u201cLas universidades como motor para el desarrollo del pa\u00eds\u201d, fue el lema de la charla, donde la centralizaci\u00f3n de la tem\u00e1tica prim\u00f3 en maximizar la educaci\u00f3n para poner el pa\u00eds en funcionamiento.<\/p>\n","protected":false},"author":4,"featured_media":7473,"comment_status":"closed","ping_status":"closed","sticky":false,"template":"","format":"standard","meta":{"_monsterinsights_skip_tracking":false,"_monsterinsights_sitenote_active":false,"_monsterinsights_sitenote_note":"","_monsterinsights_sitenote_category":0,"footnotes":""},"categories":[4],"tags":[3077,2187,2331,3078,551],"class_list":["post-7471","post","type-post","status-publish","format-standard","has-post-thumbnail","hentry","category-politica","tag-charla-uba","tag-facundo-manes","tag-martin-lousteau","tag-revolucion-del-conocimiento","tag-ucr"],"_links":{"self":[{"href":"https:\/\/www.visionweb.com.ar\/index.php?rest_route=\/wp\/v2\/posts\/7471","targetHints":{"allow":["GET"]}}],"collection":[{"href":"https:\/\/www.visionweb.com.ar\/index.php?rest_route=\/wp\/v2\/posts"}],"about":[{"href":"https:\/\/www.visionweb.com.ar\/index.php?rest_route=\/wp\/v2\/types\/post"}],"author":[{"embeddable":true,"href":"https:\/\/www.visionweb.com.ar\/index.php?rest_route=\/wp\/v2\/users\/4"}],"replies":[{"embeddable":true,"href":"https:\/\/www.visionweb.com.ar\/index.php?rest_route=%2Fwp%2Fv2%2Fcomments&post=7471"}],"version-history":[{"count":2,"href":"https:\/\/www.visionweb.com.ar\/index.php?rest_route=\/wp\/v2\/posts\/7471\/revisions"}],"predecessor-version":[{"id":7474,"href":"https:\/\/www.visionweb.com.ar\/index.php?rest_route=\/wp\/v2\/posts\/7471\/revisions\/7474"}],"wp:featuredmedia":[{"embeddable":true,"href":"https:\/\/www.visionweb.com.ar\/index.php?rest_route=\/wp\/v2\/media\/7473"}],"wp:attachment":[{"href":"https:\/\/www.visionweb.com.ar\/index.php?rest_route=%2Fwp%2Fv2%2Fmedia&parent=7471"}],"wp:term":[{"taxonomy":"category","embeddable":true,"href":"https:\/\/www.visionweb.com.ar\/index.php?rest_route=%2Fwp%2Fv2%2Fcategories&post=7471"},{"taxonomy":"post_tag","embeddable":true,"href":"https:\/\/www.visionweb.com.ar\/index.php?rest_route=%2Fwp%2Fv2%2Ftags&post=7471"}],"curies":[{"name":"wp","href":"https:\/\/api.w.org\/{rel}","templated":true}]}}