{"id":7461,"date":"2022-09-29T12:13:52","date_gmt":"2022-09-29T15:13:52","guid":{"rendered":"https:\/\/www.visionweb.com.ar\/?p=7461"},"modified":"2022-09-29T12:13:52","modified_gmt":"2022-09-29T15:13:52","slug":"diputada-lorden-el-gobierno-no-tiene-gestion-ni-propuestas-sacan-las-paso-para-tener-alguna-chance","status":"publish","type":"post","link":"https:\/\/www.visionweb.com.ar\/?p=7461","title":{"rendered":"Diputada Lorden: El Gobierno no tiene gesti\u00f3n ni propuestas, sacan las paso para tener alguna chance"},"content":{"rendered":"<p><strong><em>Son muchas las voces que desde Juntos por el Cambio, principal coalici\u00f3n opositora, se est\u00e1n levantando contra la jugada del kirchnerismo.<\/em><\/strong><!--more--><\/p>\n<p><strong><img loading=\"lazy\" decoding=\"async\" class=\"size-full wp-image-5520 alignright\" src=\"https:\/\/www.visionweb.com.ar\/wp-content\/uploads\/2022\/05\/alejandra-lorden-diputada.bmp\" alt=\"\" width=\"458\" height=\"430\" \/>C<\/strong>omo una serie que presenta episodios nuevos cada semana, el proyecto de ley del gobernador Alberto Rodr\u00edguez Sa\u00e1 para eliminar las PASO en San Luis agit\u00f3 nuevamente el ambiente pol\u00edtico, a ra\u00edz de la decisi\u00f3n del Gobierno Nacional de avanzar pr\u00f3ximamente con una iniciativa similar en el Congreso, en l\u00ednea con los reclamos de los mandatarios provinciales.<\/p>\n<p>Son muchas las voces que desde Juntos por el Cambio, principal coalici\u00f3n opositora, se est\u00e1n levantando contra la jugada del kirchnerismo, que interpretan como \u201cdesesperada y contraria al esp\u00edritu de las leyes electorales vigentes\u201d.<\/p>\n<p>Alejandra Lord\u00e9n, diputada de la Provincia de Buenos Aires por el radicalismo, ex vicepresidenta del Comit\u00e9 Nacional del partido, se expres\u00f3 al respecto.<\/p>\n<h3 style=\"text-align: center;\"><span style=\"color: #008080;\"><strong><em><span style=\"color: #3366ff;\">PASO:El oficialismo quiere abortar una herramienta democr\u00e1tica propuesta por ellos mismos<\/span><\/em><\/strong><span style=\"color: #3366ff;\">\u00a0<\/span><\/span><\/h3>\n<p>\u201cSalta elimin\u00f3 las primarias, Catamarca y Chubut est\u00e1n cada vez m\u00e1s cerca de concretarlo. San Juan, adem\u00e1s, impuso la Ley de Lemas, el mismo camino que tom\u00f3 San Luis ahora. El peronismo de las provincias est\u00e1 trabajando en conjunto para reducir dr\u00e1sticamente la participaci\u00f3n democr\u00e1tica de la ciudadan\u00eda en las urnas\u201d, apunt\u00f3 Lord\u00e9n.<\/p>\n<p>Consultada sobre el panorama nacional, la referente de la s\u00e9ptima secci\u00f3n fue categ\u00f3rica. \u201cTodos nos preparamos para ser competitivos en las elecciones. Pero el Gobierno Nacional no lo hace a trav\u00e9s de una gesti\u00f3n decente ni con propuestas superadoras, sino cambiando las reglas. Se trata de eso, ni m\u00e1s ni menos; quieren tener m\u00e1s posibilidades pervirtiendo el calendario electoral previsto\u201d.<\/p>\n<p>C\u00f3mo actuar\u00e1 Juntos por el Cambio en caso de que se materialice la suspensi\u00f3n de las PASO a nivel nacional es una inc\u00f3gnita, ya que sus socios acordaron definir las candidaturas de cara a la sociedad. Al respecto, Lord\u00e9n afirm\u00f3 que conf\u00eda en la capacidad de la coalici\u00f3n para sortear con \u00e9xito esa circunstancia. \u201cVamos a consensuar un mecanismo para presentarle al electorado las mejores opciones para volver a gobernar la Provincia y la Naci\u00f3n. Estamos unidos, convencidos, y comprometidos con la inmensa mayor\u00eda que nos apoya\u201d<strong>(VW)<\/strong>.<\/p>\n","protected":false},"excerpt":{"rendered":"<p>Son muchas las voces que desde Juntos por el Cambio, principal coalici\u00f3n opositora, se est\u00e1n levantando contra la jugada del kirchnerismo.<\/p>\n","protected":false},"author":3,"featured_media":5520,"comment_status":"closed","ping_status":"closed","sticky":false,"template":"","format":"standard","meta":{"_monsterinsights_skip_tracking":false,"_monsterinsights_sitenote_active":false,"_monsterinsights_sitenote_note":"","_monsterinsights_sitenote_category":0,"footnotes":""},"categories":[4],"tags":[3072,3073,1729,204],"class_list":["post-7461","post","type-post","status-publish","format-standard","has-post-thumbnail","hentry","category-politica","tag-diputada-lorden","tag-eliminar","tag-oposicion","tag-paso"],"_links":{"self":[{"href":"https:\/\/www.visionweb.com.ar\/index.php?rest_route=\/wp\/v2\/posts\/7461","targetHints":{"allow":["GET"]}}],"collection":[{"href":"https:\/\/www.visionweb.com.ar\/index.php?rest_route=\/wp\/v2\/posts"}],"about":[{"href":"https:\/\/www.visionweb.com.ar\/index.php?rest_route=\/wp\/v2\/types\/post"}],"author":[{"embeddable":true,"href":"https:\/\/www.visionweb.com.ar\/index.php?rest_route=\/wp\/v2\/users\/3"}],"replies":[{"embeddable":true,"href":"https:\/\/www.visionweb.com.ar\/index.php?rest_route=%2Fwp%2Fv2%2Fcomments&post=7461"}],"version-history":[{"count":1,"href":"https:\/\/www.visionweb.com.ar\/index.php?rest_route=\/wp\/v2\/posts\/7461\/revisions"}],"predecessor-version":[{"id":7462,"href":"https:\/\/www.visionweb.com.ar\/index.php?rest_route=\/wp\/v2\/posts\/7461\/revisions\/7462"}],"wp:featuredmedia":[{"embeddable":true,"href":"https:\/\/www.visionweb.com.ar\/index.php?rest_route=\/wp\/v2\/media\/5520"}],"wp:attachment":[{"href":"https:\/\/www.visionweb.com.ar\/index.php?rest_route=%2Fwp%2Fv2%2Fmedia&parent=7461"}],"wp:term":[{"taxonomy":"category","embeddable":true,"href":"https:\/\/www.visionweb.com.ar\/index.php?rest_route=%2Fwp%2Fv2%2Fcategories&post=7461"},{"taxonomy":"post_tag","embeddable":true,"href":"https:\/\/www.visionweb.com.ar\/index.php?rest_route=%2Fwp%2Fv2%2Ftags&post=7461"}],"curies":[{"name":"wp","href":"https:\/\/api.w.org\/{rel}","templated":true}]}}