{"id":7457,"date":"2022-09-29T11:57:17","date_gmt":"2022-09-29T14:57:17","guid":{"rendered":"https:\/\/www.visionweb.com.ar\/?p=7457"},"modified":"2022-09-29T11:57:17","modified_gmt":"2022-09-29T14:57:17","slug":"foro-de-salud-definen-ejes-para-la-inclusion-temprana-de-personas-con-tea","status":"publish","type":"post","link":"https:\/\/www.visionweb.com.ar\/?p=7457","title":{"rendered":"Foro de Salud: Definen ejes para la inclusi\u00f3n temprana de personas con TEA"},"content":{"rendered":"<p><strong><em>Se destac\u00f3 la importancia del rol de la familia y las instituciones de educaci\u00f3n inicial en la detecci\u00f3n de aspectos intelectuales o conductuales que permitan avanzar r\u00e1pidamente en la consulta m\u00e9dica.<\/em><\/strong><!--more--><\/p>\n<p><strong><img loading=\"lazy\" decoding=\"async\" class=\"size-medium wp-image-7458 alignright\" src=\"https:\/\/www.visionweb.com.ar\/wp-content\/uploads\/2022\/09\/TEA-UNO-300x200.png\" alt=\"\" width=\"300\" height=\"200\" srcset=\"https:\/\/www.visionweb.com.ar\/wp-content\/uploads\/2022\/09\/TEA-UNO-300x200.png 300w, https:\/\/www.visionweb.com.ar\/wp-content\/uploads\/2022\/09\/TEA-UNO-768x511.png 768w, https:\/\/www.visionweb.com.ar\/wp-content\/uploads\/2022\/09\/TEA-UNO.png 800w\" sizes=\"auto, (max-width: 300px) 100vw, 300px\" \/>C<\/strong>on una gran concurrencia de profesionales de la salud, se llev\u00f3 realiz\u00f3 la segunda jornada del Foro \u00abHacia una legislaci\u00f3n integral TEA\u00bb.<\/p>\n<p>La actividad organizada por las diputadas Roxana L\u00f3pez, Berenice Latorre y Luciana Padulo tuvo como ejes tem\u00e1ticos las intervenciones tempranas, el diagn\u00f3stico y las estrategias para la inclusi\u00f3n social a temprana edad de personas con TEA (Trastornos de Espectros Autistas).<\/p>\n<p>Los profesionales de la salud expusieron sobre la necesidad del diagn\u00f3stico temprano, para mejorar el acompa\u00f1amiento terap\u00e9utico a ni\u00f1as y ni\u00f1os con este tipo de trastorno.<\/p>\n<p>En ese sentido, se destac\u00f3 la importancia del rol de la familia y las instituciones de educaci\u00f3n inicial en la detecci\u00f3n de aspectos intelectuales o conductuales que permitan avanzar r\u00e1pidamente en la consulta m\u00e9dica y el diagn\u00f3stico correspondiente.<\/p>\n<p><img loading=\"lazy\" decoding=\"async\" class=\"size-medium wp-image-7459 alignleft\" src=\"https:\/\/www.visionweb.com.ar\/wp-content\/uploads\/2022\/09\/FORO-HCDBA-300x200.png\" alt=\"\" width=\"300\" height=\"200\" srcset=\"https:\/\/www.visionweb.com.ar\/wp-content\/uploads\/2022\/09\/FORO-HCDBA-300x200.png 300w, https:\/\/www.visionweb.com.ar\/wp-content\/uploads\/2022\/09\/FORO-HCDBA-768x511.png 768w, https:\/\/www.visionweb.com.ar\/wp-content\/uploads\/2022\/09\/FORO-HCDBA.png 900w\" sizes=\"auto, (max-width: 300px) 100vw, 300px\" \/>Por otra parte, se hizo especial \u00e9nfasis en la relevancia que tiene un abordaje terap\u00e9utico interdisciplinario, con aportes de la neurolog\u00eda, la psicopedagog\u00eda, la fonoaudiolog\u00eda, la psicolog\u00eda y toda estimulaci\u00f3n temprana que redunde en beneficio de la persona que transita la infancia con TEA.<\/p>\n<p>Disertaron: La m\u00e9dica cl\u00ednica -y madre de un peque\u00f1o con TEA- Victoria Denis, el psic\u00f3logo Jorge Aveleira, la docente y psicopedagoga -coordinadora del Centro de Rehabilitaci\u00f3n y Tratamiento Infantil Municipal de Quilmes- Silvina Angulo, la psicopedagoga Susana Jara y la terapeuta ocupacional Marcela Fr\u00edas <strong>(VW)<\/strong>.<\/p>\n<p>&nbsp;<\/p>\n","protected":false},"excerpt":{"rendered":"<p>Se destac\u00f3 la importancia del rol de la familia y las instituciones de educaci\u00f3n inicial en la detecci\u00f3n de aspectos intelectuales o conductuales que permitan avanzar r\u00e1pidamente en la consulta m\u00e9dica.<\/p>\n","protected":false},"author":3,"featured_media":7458,"comment_status":"closed","ping_status":"closed","sticky":false,"template":"","format":"standard","meta":{"_monsterinsights_skip_tracking":false,"_monsterinsights_sitenote_active":false,"_monsterinsights_sitenote_note":"","_monsterinsights_sitenote_category":0,"footnotes":""},"categories":[8],"tags":[3071,3070,143,100],"class_list":["post-7457","post","type-post","status-publish","format-standard","has-post-thumbnail","hentry","category-interes-general","tag-acompanamiuento","tag-autismo","tag-diputados","tag-salud"],"_links":{"self":[{"href":"https:\/\/www.visionweb.com.ar\/index.php?rest_route=\/wp\/v2\/posts\/7457","targetHints":{"allow":["GET"]}}],"collection":[{"href":"https:\/\/www.visionweb.com.ar\/index.php?rest_route=\/wp\/v2\/posts"}],"about":[{"href":"https:\/\/www.visionweb.com.ar\/index.php?rest_route=\/wp\/v2\/types\/post"}],"author":[{"embeddable":true,"href":"https:\/\/www.visionweb.com.ar\/index.php?rest_route=\/wp\/v2\/users\/3"}],"replies":[{"embeddable":true,"href":"https:\/\/www.visionweb.com.ar\/index.php?rest_route=%2Fwp%2Fv2%2Fcomments&post=7457"}],"version-history":[{"count":1,"href":"https:\/\/www.visionweb.com.ar\/index.php?rest_route=\/wp\/v2\/posts\/7457\/revisions"}],"predecessor-version":[{"id":7460,"href":"https:\/\/www.visionweb.com.ar\/index.php?rest_route=\/wp\/v2\/posts\/7457\/revisions\/7460"}],"wp:featuredmedia":[{"embeddable":true,"href":"https:\/\/www.visionweb.com.ar\/index.php?rest_route=\/wp\/v2\/media\/7458"}],"wp:attachment":[{"href":"https:\/\/www.visionweb.com.ar\/index.php?rest_route=%2Fwp%2Fv2%2Fmedia&parent=7457"}],"wp:term":[{"taxonomy":"category","embeddable":true,"href":"https:\/\/www.visionweb.com.ar\/index.php?rest_route=%2Fwp%2Fv2%2Fcategories&post=7457"},{"taxonomy":"post_tag","embeddable":true,"href":"https:\/\/www.visionweb.com.ar\/index.php?rest_route=%2Fwp%2Fv2%2Ftags&post=7457"}],"curies":[{"name":"wp","href":"https:\/\/api.w.org\/{rel}","templated":true}]}}