{"id":7440,"date":"2022-09-28T17:29:09","date_gmt":"2022-09-28T20:29:09","guid":{"rendered":"https:\/\/www.visionweb.com.ar\/?p=7440"},"modified":"2022-09-28T17:29:09","modified_gmt":"2022-09-28T20:29:09","slug":"la-pobreza-alcanzo-al-36-5-en-el-primer-semestre-de-2022","status":"publish","type":"post","link":"https:\/\/www.visionweb.com.ar\/?p=7440","title":{"rendered":"La pobreza alcanz\u00f3 al 36.5% en el primer semestre de 2022"},"content":{"rendered":"<p><em><strong>Son 17 millones las personas afectadas por el flagelo. Dentro de este conjunto, el organismo oficial distingui\u00f3 un 6,8% de hogares por debajo de la l\u00ednea de indigencia (LI), que incluyen al 8,8% de las personas.<\/strong><\/em><!--more--><\/p>\n<p><strong>\u00a0 \u00a0 \u00a0 <img loading=\"lazy\" decoding=\"async\" class=\"size-full wp-image-1302 alignright\" src=\"https:\/\/www.visionweb.com.ar\/wp-content\/uploads\/2021\/04\/pobreza.bmp\" alt=\"\" width=\"620\" height=\"375\" \/>L<\/strong>a pobreza alcanz\u00f3 al 36,5% de las personas en el primer semestre del 2022 y el porcentaje de hogares por debajo de la l\u00ednea de pobreza (LP) alcanz\u00f3 el 27,7%, seg\u00fan inform\u00f3 este mi\u00e9rcoles el Instituto Nacional de Estad\u00edsticas y Censos (INDEC)<\/p>\n<p>Esto implica que, para el universo de los 31 aglomerados urbanos de la EPH (Encuesta Permanente de los Hogares), por debajo de la LP (l\u00edea de pobreza), se encuentran 2.684.779 hogares, que incluyen a 10.643.749 personas; y, dentro de ese conjunto, 660.494 hogares se encuentran por debajo de la LI, lo que representa 2.568.671 personas indigentes.<\/p>\n<p>Con respecto al segundo semestre de 2021,\u00a0<span id=\"saysCMSEmphasis6ckksvstz2u\" class=\"saysCMSEmphasis\">la incidencia de la pobreza registr\u00f3 una reducci\u00f3n de 0,2 puntos porcentuales (p.p.) en los hogares y de 0,8 p.p. en las personas<\/span>. En el caso de la indigencia,\u00a0<span id=\"saysCMSEmphasisdkdw4qwdhob\" class=\"saysCMSEmphasis\">mostr\u00f3 un aumento de 0,7 p.p. en los hogares y de 0,6 p.p. en las personas.<\/span><\/p>\n<p>El INDEC destac\u00f3 que a nivel regional se observ\u00f3 una reducci\u00f3n de la pobreza en la mayor parte de las regiones. La indigencia aument\u00f3 en tres regiones y disminuy\u00f3 en las otras tres, detall\u00f3 el organismo.<\/p>\n<p><img loading=\"lazy\" decoding=\"async\" class=\" wp-image-7441 alignleft\" src=\"https:\/\/www.visionweb.com.ar\/wp-content\/uploads\/2022\/09\/INDICE-DE-PROBREZA-292x300.png\" alt=\"\" width=\"292\" height=\"300\" srcset=\"https:\/\/www.visionweb.com.ar\/wp-content\/uploads\/2022\/09\/INDICE-DE-PROBREZA-292x300.png 292w, https:\/\/www.visionweb.com.ar\/wp-content\/uploads\/2022\/09\/INDICE-DE-PROBREZA.png 446w\" sizes=\"auto, (max-width: 292px) 100vw, 292px\" \/>\u00abDado que la incidencia de la pobreza y la indigencia resultan de la capacidad de los hogares de acceder a la canasta b\u00e1sica alimentaria (CBA) y a la canasta b\u00e1sica total (CBT) mediante sus ingresos monetarios, se observ\u00f3 que, con respecto al semestre anterior, en promedio el ingreso total familiar aument\u00f3 un 29,1% y las canastas regionales promedio aumentaron 33,8% (CBA) y 29,0% (CBT)\u00bb, destac\u00f3 el INDEC.<\/p>\n<p>\u00ab<span id=\"saysCMSEmphasisblxqxdh04m\" class=\"saysCMSEmphasis\">Es decir, los ingresos en el per\u00edodo estudiado aumentaron a un nivel similar a la CBT, lo que dio lugar a la reducci\u00f3n de la tasa de pobreza; y menos que la CBA, lo que explica el aumento de la tasa de indigencia del conjunto de la poblaci\u00f3n en el promedio del semestre<\/span>\u00ab, detall\u00f3.<\/p>\n<p>por otra parte ente estad\u00edstico destac\u00f3 que teniendo en cuenta que la brecha de la pobreza es la distancia entre los ingresos y las canastas de los hogares pobres, se observ\u00f3 que la brecha de la pobreza de los hogares se ubic\u00f3 en 37,2%.<\/p>\n<p>En ese sentido, indic\u00f3 que\u00a0el ingreso total familiar promedio de los hogares pobres fue de $58.472, mientras la CBT promedio del mismo grupo de hogares alcanz\u00f3 $93.177.<\/p>\n<p>\u201cLa distancia entre los ingresos de los hogares pobres y la CBT aument\u00f3 levemente respecto del segundo semestre de 2021\u201d, observ\u00f3 el INDEC.<strong>(VW)<\/strong><\/p>\n","protected":false},"excerpt":{"rendered":"<p>Son 17 millones las personas afectadas por el flagelo. Dentro de este conjunto, el organismo oficial distingui\u00f3 un 6,8% de hogares por debajo de la l\u00ednea de indigencia (LI), que incluyen al 8,8% de&#46;&#46;&#46;<\/p>\n","protected":false},"author":3,"featured_media":1302,"comment_status":"closed","ping_status":"closed","sticky":false,"template":"","format":"standard","meta":{"_monsterinsights_skip_tracking":false,"_monsterinsights_sitenote_active":false,"_monsterinsights_sitenote_note":"","_monsterinsights_sitenote_category":0,"footnotes":""},"categories":[6,8],"tags":[75,3065,112],"class_list":["post-7440","post","type-post","status-publish","format-standard","has-post-thumbnail","hentry","category-economia","category-interes-general","tag-indec","tag-indigencia","tag-pobreza"],"_links":{"self":[{"href":"https:\/\/www.visionweb.com.ar\/index.php?rest_route=\/wp\/v2\/posts\/7440","targetHints":{"allow":["GET"]}}],"collection":[{"href":"https:\/\/www.visionweb.com.ar\/index.php?rest_route=\/wp\/v2\/posts"}],"about":[{"href":"https:\/\/www.visionweb.com.ar\/index.php?rest_route=\/wp\/v2\/types\/post"}],"author":[{"embeddable":true,"href":"https:\/\/www.visionweb.com.ar\/index.php?rest_route=\/wp\/v2\/users\/3"}],"replies":[{"embeddable":true,"href":"https:\/\/www.visionweb.com.ar\/index.php?rest_route=%2Fwp%2Fv2%2Fcomments&post=7440"}],"version-history":[{"count":1,"href":"https:\/\/www.visionweb.com.ar\/index.php?rest_route=\/wp\/v2\/posts\/7440\/revisions"}],"predecessor-version":[{"id":7442,"href":"https:\/\/www.visionweb.com.ar\/index.php?rest_route=\/wp\/v2\/posts\/7440\/revisions\/7442"}],"wp:featuredmedia":[{"embeddable":true,"href":"https:\/\/www.visionweb.com.ar\/index.php?rest_route=\/wp\/v2\/media\/1302"}],"wp:attachment":[{"href":"https:\/\/www.visionweb.com.ar\/index.php?rest_route=%2Fwp%2Fv2%2Fmedia&parent=7440"}],"wp:term":[{"taxonomy":"category","embeddable":true,"href":"https:\/\/www.visionweb.com.ar\/index.php?rest_route=%2Fwp%2Fv2%2Fcategories&post=7440"},{"taxonomy":"post_tag","embeddable":true,"href":"https:\/\/www.visionweb.com.ar\/index.php?rest_route=%2Fwp%2Fv2%2Ftags&post=7440"}],"curies":[{"name":"wp","href":"https:\/\/api.w.org\/{rel}","templated":true}]}}