{"id":7436,"date":"2022-09-28T15:37:45","date_gmt":"2022-09-28T18:37:45","guid":{"rendered":"https:\/\/www.visionweb.com.ar\/?p=7436"},"modified":"2022-09-28T15:53:16","modified_gmt":"2022-09-28T18:53:16","slug":"grindetti-pidio-a-la-militancia-salir-a-la-calle","status":"publish","type":"post","link":"https:\/\/www.visionweb.com.ar\/?p=7436","title":{"rendered":"Grindetti pidi\u00f3 a la militancia salir a la calle"},"content":{"rendered":"<p><strong><em>El jefe del municipio de Lan\u00fas as\u00ed lo asegur\u00f3 en una recorrida por las ciudades de Adrogu\u00e9 y Burzaco. Recomend\u00f3 escuchar a los vecinos y estar cerca de sus problemas.<\/em><\/strong><!--more--><\/p>\n<div id=\"attachment_7437\" style=\"width: 310px\" class=\"wp-caption alignright\"><img loading=\"lazy\" decoding=\"async\" aria-describedby=\"caption-attachment-7437\" class=\"wp-image-7437 size-medium\" src=\"https:\/\/www.visionweb.com.ar\/wp-content\/uploads\/2022\/09\/GRINDETTI-INAUGURA-UN-LOCAL-PARTIDARIO-EN-BURZACO-300x267.png\" alt=\"\" width=\"300\" height=\"267\" srcset=\"https:\/\/www.visionweb.com.ar\/wp-content\/uploads\/2022\/09\/GRINDETTI-INAUGURA-UN-LOCAL-PARTIDARIO-EN-BURZACO-300x267.png 300w, https:\/\/www.visionweb.com.ar\/wp-content\/uploads\/2022\/09\/GRINDETTI-INAUGURA-UN-LOCAL-PARTIDARIO-EN-BURZACO-768x683.png 768w, https:\/\/www.visionweb.com.ar\/wp-content\/uploads\/2022\/09\/GRINDETTI-INAUGURA-UN-LOCAL-PARTIDARIO-EN-BURZACO.png 862w\" sizes=\"auto, (max-width: 300px) 100vw, 300px\" \/><p id=\"caption-attachment-7437\" class=\"wp-caption-text\">N\u00e9stor Grindetti, prinipal referente del PRO bonaerense e intendente de Lan\u00fas participa del corte de contas en un local de Adrogu\u00e9<\/p><\/div>\n<p><strong>\u00a0\u00a0\u00a0\u00a0 \u00a0 U<\/strong>no de los principales referentes de PRO bonaerense, N\u00e9stor Grindetti se reuni\u00f3 con militantes y vecinos de Almirante Brown para transmitir sus ideas y propuestas pol\u00edticas para la provincia de Buenos Aires.<\/p>\n<p>El titular del Municipio de Lan\u00fas, comparti\u00f3, en la v\u00edspera, la recorrida por el distrito del sur del Gran Buenos Aires, junto al referente de \u00abHacemos\u00bb, Mario Fuentes, dijeron desde fuentes partiudarias.<\/p>\n<p>\u00abTenemos que estar cerca de la gente, escuchar a los vecinos y sus verdaderas preocupaciones, no enroscarnos en discusiones intestinas de los partidos pol\u00edticos que no conducen a nada, la verdadera grieta est\u00e1 entre la pol\u00edtica y la gente, tenemos que tener la empat\u00eda necesaria para saber que estamos en un momento muy dif\u00edcil atravesando una crisis social y econ\u00f3mica profunda que no admite que miremos para el costado\u00bb<\/p>\n<div dir=\"auto\">M\u00e1s tarde, Grindetti junto a la concejala Leticia Bontempo, cort\u00f3 la cinta inaugural del nuevo local partidario en Adrogu\u00e9.<\/div>\n<div dir=\"auto\"><\/div>\n<div dir=\"auto\">\u00abComo digo en cada inauguraci\u00f3n de la que participo, este espacio debe ser un punto de encuentro con los vecinos, un lugar para procesar las ideas y propuestas que recogemos en cada recorrida por los barrios, debe ser el punto de partida de la militancia, no sirve quedarse adentro detr\u00e1s de un escritorio, hay que salir a militar en calle como nos ense\u00f1\u00f3 Mauricio (Macri) desde el primer d\u00eda\u00bb, dijo.<\/div>\n<div dir=\"auto\"><\/div>\n<div dir=\"auto\">Grindetti fue acompa\u00f1ado por dirigentes PRO local y secretario de Educaci\u00f3n de Lan\u00fas, Dami\u00e1n Sala, la directora del Instituto de Formaci\u00f3n Pol\u00edtica y Gesti\u00f3n P\u00fablica del Gobierno de la Ciudad, Karina Spalla; y el referente de Hacemos, Marcelo Villa<strong>(VW)<\/strong>.<\/div>\n","protected":false},"excerpt":{"rendered":"<p>El jefe del municipio de Lan\u00fas as\u00ed lo asegur\u00f3 en una recorrida por las ciudades de Adrogu\u00e9 y Burzaco. Recomend\u00f3 escuchar a los vecinos y estar cerca de sus problemas.<\/p>\n","protected":false},"author":3,"featured_media":7437,"comment_status":"closed","ping_status":"closed","sticky":false,"template":"","format":"standard","meta":{"_monsterinsights_skip_tracking":false,"_monsterinsights_sitenote_active":false,"_monsterinsights_sitenote_note":"","_monsterinsights_sitenote_category":0,"footnotes":""},"categories":[4],"tags":[1883,3062,3063,3064],"class_list":["post-7436","post","type-post","status-publish","format-standard","has-post-thumbnail","hentry","category-politica","tag-a-brown","tag-fuentes","tag-local-partidario","tag-militantes"],"_links":{"self":[{"href":"https:\/\/www.visionweb.com.ar\/index.php?rest_route=\/wp\/v2\/posts\/7436","targetHints":{"allow":["GET"]}}],"collection":[{"href":"https:\/\/www.visionweb.com.ar\/index.php?rest_route=\/wp\/v2\/posts"}],"about":[{"href":"https:\/\/www.visionweb.com.ar\/index.php?rest_route=\/wp\/v2\/types\/post"}],"author":[{"embeddable":true,"href":"https:\/\/www.visionweb.com.ar\/index.php?rest_route=\/wp\/v2\/users\/3"}],"replies":[{"embeddable":true,"href":"https:\/\/www.visionweb.com.ar\/index.php?rest_route=%2Fwp%2Fv2%2Fcomments&post=7436"}],"version-history":[{"count":2,"href":"https:\/\/www.visionweb.com.ar\/index.php?rest_route=\/wp\/v2\/posts\/7436\/revisions"}],"predecessor-version":[{"id":7439,"href":"https:\/\/www.visionweb.com.ar\/index.php?rest_route=\/wp\/v2\/posts\/7436\/revisions\/7439"}],"wp:featuredmedia":[{"embeddable":true,"href":"https:\/\/www.visionweb.com.ar\/index.php?rest_route=\/wp\/v2\/media\/7437"}],"wp:attachment":[{"href":"https:\/\/www.visionweb.com.ar\/index.php?rest_route=%2Fwp%2Fv2%2Fmedia&parent=7436"}],"wp:term":[{"taxonomy":"category","embeddable":true,"href":"https:\/\/www.visionweb.com.ar\/index.php?rest_route=%2Fwp%2Fv2%2Fcategories&post=7436"},{"taxonomy":"post_tag","embeddable":true,"href":"https:\/\/www.visionweb.com.ar\/index.php?rest_route=%2Fwp%2Fv2%2Ftags&post=7436"}],"curies":[{"name":"wp","href":"https:\/\/api.w.org\/{rel}","templated":true}]}}